{"id":16560,"date":"2015-03-18T00:00:00","date_gmt":"2015-03-17T23:00:00","guid":{"rendered":"https:\/\/imagazine.it\/?p=16560"},"modified":"2015-03-18T00:00:00","modified_gmt":"2015-03-17T23:00:00","slug":"cividale-e-udine-alleate-per-raccontare-la-musica","status":"publish","type":"post","link":"https:\/\/imagazine.it\/home_desk\/cividale-e-udine-alleate-per-raccontare-la-musica\/","title":{"rendered":"Cividale e Udine alleate per raccontare la musica"},"content":{"rendered":"<p style=\"text-align: justify;\" class=\"ui-droppable\"> \tPrende avvio domani il progetto <strong><em>Raccontare la musica<\/em><\/strong>, un percorso di tre incontri interattivi tra gli allievi del Convitto &#8216;Paolo Diacono&#8217; di Cividale e gli studenti del Conservatorio Tomadini di Udine, volti a sensibilizzare i giovani al fascino e all\u2019importanza della musica e a favorire l\u2019orientamento degli studenti in direzione di possibili approfondimenti dello studio musicale.<\/p>\n<p style=\"text-align: justify;\" class=\"ui-droppable\"> \tPromossi dal &#8216;Paolo Diacono&#8217; in collaborazione con il Conservatorio friulano e Mittelfest, gli incontri saranno ospitati nel Salone di Accoglienza del Convitto. Affidato alle cure di <strong>Franco Calabretto<\/strong>, il programma propone per <strong>gioved\u00ec 19 marzo<\/strong> l&#8217;esecuzione di <em>Suite\u00a0per pianoforte violino e clarinetto <\/em>di<em> Darius Milhaud<\/em>, interpretata da Flavio Passon al pianoforte, Assuera De Vido al violino e Milica Jovanovic al clarinetto. <strong>Gioved\u00ec 23 aprile<\/strong><strong> sar\u00e0 invece la volta del <em>Caprice sur des airs Danois et Russes op.79 <\/em>di <\/strong><em>Camille Saint-Sa\u00ebns<\/em>, eseguito dal pianoforte di Nicola Ryssov e dal flauto di Giorgia Poti, che saranno accompagnati dall&#8217;oboe di Domenico Santoro e dal clarinetto di Ondrej Milt. Ancora i<strong>n via di definizione il programma del terzo appuntamento, gioved\u00ec 21 maggio.<\/strong><\/p>\n<p style=\"text-align: justify;\" class=\"ui-droppable\"> \t\u201cAvvicinare i giovani all&#8217;apprendimento musicale &#8211; commenta il rettore del CNPD <strong>Oldino Cernoia<\/strong> &#8211; significa infondere loro una maggiore sensibilit\u00e0 e una capacit\u00e0 di lettura attiva e critica del reale, e allo stesso tempo trasmette loro un pi\u00f9 forte rispetto per le regole condivise, ingrediente importante nel percorso di crescita\u201d.<\/p>\n","protected":false},"excerpt":{"rendered":"<p>Accordo tra Convitto &#8220;Paolo Diacono&#8221; e Conservatorio Tomadini<\/p>\n","protected":false},"author":28,"featured_media":16561,"comment_status":"closed","ping_status":"closed","sticky":false,"template":"","format":"standard","meta":{"dwc-title":[],"dwc-content":[],"footnotes":""},"categories":[5],"tags":[],"class_list":["post-16560","post","type-post","status-publish","format-standard","has-post-thumbnail","hentry","category-attualita"],"rttpg_featured_image_url":{"full":["https:\/\/imagazine.it\/wp-content\/uploads\/2024\/01\/9318-1.webp",1417,1063,false],"landscape":["https:\/\/imagazine.it\/wp-content\/uploads\/2024\/01\/9318-1.webp",1417,1063,false],"portraits":["https:\/\/imagazine.it\/wp-content\/uploads\/2024\/01\/9318-1.webp",1417,1063,false],"thumbnail":["https:\/\/imagazine.it\/wp-content\/uploads\/2024\/01\/9318-1-150x150.webp",150,150,true],"medium":["https:\/\/imagazine.it\/wp-content\/uploads\/2024\/01\/9318-1-300x225.webp",300,225,true],"large":["https:\/\/imagazine.it\/wp-content\/uploads\/2024\/01\/9318-1-1024x768.webp",640,480,true],"thumblist":["https:\/\/imagazine.it\/wp-content\/uploads\/2024\/01\/9318-1.webp",300,225,false],"thumbrelated":["https:\/\/imagazine.it\/wp-content\/uploads\/2024\/01\/9318-1.webp",500,375,false],"meccarouselthumb":["https:\/\/imagazine.it\/wp-content\/uploads\/2024\/01\/9318-1.webp",432,324,false],"gridsquare":["https:\/\/imagazine.it\/wp-content\/uploads\/2024\/01\/9318-1.webp",347,260,false],"tileview":["https:\/\/imagazine.it\/wp-content\/uploads\/2024\/01\/9318-1.webp",300,225,false],"1536x1536":["https:\/\/imagazine.it\/wp-content\/uploads\/2024\/01\/9318-1.webp",1417,1063,false],"2048x2048":["https:\/\/imagazine.it\/wp-content\/uploads\/2024\/01\/9318-1.webp",1417,1063,false],"newsup-slider-full":["https:\/\/imagazine.it\/wp-content\/uploads\/2024\/01\/9318-1-1280x720.webp",1280,720,true],"newsup-featured":["https:\/\/imagazine.it\/wp-content\/uploads\/2024\/01\/9318-1-1024x768.webp",1024,768,true],"newsup-medium":["https:\/\/imagazine.it\/wp-content\/uploads\/2024\/01\/9318-1-720x380.webp",720,380,true],"tptn_thumbnail":["https:\/\/imagazine.it\/wp-content\/uploads\/2024\/01\/9318-1.webp",250,188,false],"sow-carousel-default":["https:\/\/imagazine.it\/wp-content\/uploads\/2024\/01\/9318-1-272x182.webp",272,182,true]},"rttpg_author":{"display_name":"redazione","author_link":"https:\/\/imagazine.it\/home_desk\/author\/redazione\/"},"rttpg_comment":0,"rttpg_category":"<a href=\"https:\/\/imagazine.it\/home_desk\/category\/attualita\/\" rel=\"category tag\">ATTUALIT\u00c0<\/a>","rttpg_excerpt":"Accordo tra Convitto \"Paolo Diacono\" e Conservatorio Tomadini","_links":{"self":[{"href":"https:\/\/imagazine.it\/home_desk\/wp-json\/wp\/v2\/posts\/16560","targetHints":{"allow":["GET"]}}],"collection":[{"href":"https:\/\/imagazine.it\/home_desk\/wp-json\/wp\/v2\/posts"}],"about":[{"href":"https:\/\/imagazine.it\/home_desk\/wp-json\/wp\/v2\/types\/post"}],"author":[{"embeddable":true,"href":"https:\/\/imagazine.it\/home_desk\/wp-json\/wp\/v2\/users\/28"}],"replies":[{"embeddable":true,"href":"https:\/\/imagazine.it\/home_desk\/wp-json\/wp\/v2\/comments?post=16560"}],"version-history":[{"count":0,"href":"https:\/\/imagazine.it\/home_desk\/wp-json\/wp\/v2\/posts\/16560\/revisions"}],"wp:featuredmedia":[{"embeddable":true,"href":"https:\/\/imagazine.it\/home_desk\/wp-json\/wp\/v2\/media\/16561"}],"wp:attachment":[{"href":"https:\/\/imagazine.it\/home_desk\/wp-json\/wp\/v2\/media?parent=16560"}],"wp:term":[{"taxonomy":"category","embeddable":true,"href":"https:\/\/imagazine.it\/home_desk\/wp-json\/wp\/v2\/categories?post=16560"},{"taxonomy":"post_tag","embeddable":true,"href":"https:\/\/imagazine.it\/home_desk\/wp-json\/wp\/v2\/tags?post=16560"}],"curies":[{"name":"wp","href":"https:\/\/api.w.org\/{rel}","templated":true}]}}