{"id":16556,"date":"2015-03-17T00:00:00","date_gmt":"2015-03-16T23:00:00","guid":{"rendered":"https:\/\/imagazine.it\/?p=16556"},"modified":"2015-03-17T00:00:00","modified_gmt":"2015-03-16T23:00:00","slug":"con-la-primavera-arriva-pollice-verde","status":"publish","type":"post","link":"https:\/\/imagazine.it\/home_desk\/con-la-primavera-arriva-pollice-verde\/","title":{"rendered":"Con la Primavera arriva &#8220;Pollice Verde&#8221;"},"content":{"rendered":"<p style=\"text-align: justify;\" class=\"ui-droppable\"> \tUna coincidenza speciale quella che quest\u2019anno mette insieme l\u2019equinozio di Primavera e l\u2019apertura di una manifestazione particolarmente attesa e dedicata a florovivaismo e all\u2019orticoltura: venerd\u00ec la stagione primaverile far\u00e0 ingresso nel calendario, nell\u2019ambiente che ci circonda, nelle nostre vite e nelle nostre abitudini, mentre a Gorizia, in Fiera, esploder\u00e0 <em>Pollice Verde<\/em>. Se poi vogliamo aggiungere anche la terza e insolita concomitanza dell\u2019eclissi di sole, allora tutto diventa ancora pi\u00f9 magico e suggestivo.<\/p>\n<p style=\"text-align: justify;\" class=\"ui-droppable\"> \tIn questo singolare contesto si svolger\u00e0 <em>Pollice Verde 2015<\/em>, Mostra-Mercato dedicata al giardino, all\u2019orto, al verde urbano, all\u2019ecologia e a ci\u00f2 che concerne il piacere e il bisogno di vivere l\u2019aria aperta. A presentare l\u2019undicesima edizione sono intervenuti oggi in conferenza stampa il Presidente di Udine Gorizia Fiere <strong>Luisa De Marco<\/strong>, il Presidente della Camera di Commercio di Gorizia <strong>Gianluca Madriz<\/strong> e il Sindaco di Gorizia <strong>Ettore Romoli<\/strong>.<\/p>\n<p style=\"text-align: justify;\" class=\"ui-droppable\"> \tDa venerd\u00ec prossimo a domenica 22 marzo in Fiera esporranno circa 100 espositori provenienti da Friuli Venezia Giulia, Abruzzo, Emilia Romagna, Lazio, Lombardia, Marche, Piemonte, Toscana, Veneto ma anche dalla Slovenia e dalla Polonia. La presenza delle aziende slovene riporta alla collaborazione, positivamente sperimentata anche durante la recente Expomego, con la Camera Regionale Imprenditoria Artigiana di Nova Gorica. Nei padiglioni e nelle aree esterne del quartiere fieristico di via della Barca si potr\u00e0 ammirare e scegliere tra fiori e piante (piante da frutto, frutti antichi, piante officinali e aromatiche, piante fiorite, succulenti, agrumi, piante da interno, bonsai, piante grasse e anche piante di montagna); bulbi, sementi e ortaggi; attrezzature per la cura e la manutenzione dell\u2019orto e del giardino; arredo giardino e oggettistica; editoria di settore; proposte e attivit\u00e0 di eco-didattica e di educazione ambientale.<\/p>\n<p style=\"text-align: justify;\" class=\"ui-droppable\"> \tAnche quest\u2019anno <em>Pollice Verde<\/em> assicurer\u00e0 tre giorni di intenso lavoro e di opportunit\u00e0 commerciali alle aziende presenti e un\u2019offerta particolarmente attraente per migliaia di visitatori. In Fiera il pubblico potr\u00e0 ammirare fiori e piante, fare acquisti utili per il giardino, il terrazzo, l\u2019orto e la casa, ma potr\u00e0 anche imparare come scegliere e coltivare le piante di casa, come mantenerle sane e vigorose, come avere delle rose pur non avendo un giardino, come mantenere intatta la bellezza delle orchidee, come rispettare l\u2019ambiente anche attraverso la scelta di specie autoctone o di quelle pi\u00f9 adatte alle caratteristiche del luogo in cui saranno collocate.<\/p>\n<p style=\"text-align: justify;\" class=\"ui-droppable\"> \tL\u2019indice di gradimento che Pollice Verde ha guadagnato in questi anni, richiamando in Fiera migliaia di visitatori da tutta la regione e dalla vicina Slovenia, si deve non solo al \u201cnaturale richiamo\u201d della bella stagione che invita a rimboccarsi le maniche nel giardino o nell\u2019orto, ma anche alla qualit\u00e0 e alla variet\u00e0 di quanto messo in mostra negli stand e all\u2019impegno degli espositori nel proporre nel proprio spazio espositivo incontri, dimostrazioni, laboratori e anticipazioni di attivit\u00e0 ed eventi. Pollice Verde si nasce e si diventa, a maggior ragione se fin da piccoli si \u00e8 stimolati a stare nella natura.<\/p>\n<p style=\"text-align: justify;\" class=\"ui-droppable\"> \tPer i visitatori pi\u00f9 giovani e giovanissimi, per le scuole, ma anche per le famiglie, <em>Pollice Verde<\/em> ha sempre avuto un \u201calleato strategico\u201d come <em>Verde Pollicino<\/em> che significa proposte interattive di educazione ambientale fatta a misura di bambini e quindi il gioco e il coinvolgimento sono i miglior tramite per raggiungere lo scopo: conoscere e rispettare l\u2019ambiente, la natura e gli animali. L\u2019albero nelle sue molteplici forme e variet\u00e0, ma anche nel manifestare il suo stato di salute, sar\u00e0 al centro di diverse iniziative e dimostrazioni accanto a letture collettive, giochi con domande a tema sulla vita e sul lavoro del contadino, distillazione della lavanda per ottenere preziosi olii essenziali, laboratori vivaistici e all\u2019immancabile Mostra internazionale del Coniglio riproduttore con oltre 30 razze dalle pi\u00f9 piccole alle pi\u00f9 grandi, dalle pi\u00f9 rare a quelle pi\u00f9 diffuse.<\/p>\n<p style=\"text-align: justify;\" class=\"ui-droppable\"> \tTutti gli eventi di <em>Pollice Verde<\/em> e di <em>Verde Pollicino<\/em> sono gratuiti. L\u2019inaugurazione di <em>Pollice Verde 2015<\/em> \u00e8 fissata per venerd\u00ec 20 marzo, alle ore 11.30, nell\u2019area eventi del padiglione A. La formula dell\u2019ingresso gratuito viene ribadita anche per questa edizione che per la prima volta vede scendere in campo uno sponsor importante come Despar che, guarda caso e per rimanere in tema di piante, nel proprio logo riporta stilizzata la sagoma di un abete. Il Main sponsor metter\u00e0 a diposizione dei visitatori di <em>Pollice Verde<\/em> degli utili \u201cbuoni-spesa\u201d fino a esaurimento scorte.<\/p>\n<p style=\"text-align: justify;\" class=\"ui-droppable\"> \tOrario: ogni giorno dalle 10 alle 20. Maggiori info e programma eventi: <a href=\"http:\/\/www.udinegoriziafiere.it\" target=\"_blank\" rel=\"noopener\">www.udinegoriziafiere.it\u00a0<\/a><\/p>\n","protected":false},"excerpt":{"rendered":"<p>Da venerd\u00ec a domenica a Gorizia<\/p>\n","protected":false},"author":28,"featured_media":16557,"comment_status":"closed","ping_status":"closed","sticky":false,"template":"","format":"standard","meta":{"dwc-title":[],"dwc-content":[],"footnotes":""},"categories":[6],"tags":[],"class_list":["post-16556","post","type-post","status-publish","format-standard","has-post-thumbnail","hentry","category-societa"],"rttpg_featured_image_url":{"full":["https:\/\/imagazine.it\/wp-content\/uploads\/2024\/01\/9315-1.webp",665,400,false],"landscape":["https:\/\/imagazine.it\/wp-content\/uploads\/2024\/01\/9315-1.webp",665,400,false],"portraits":["https:\/\/imagazine.it\/wp-content\/uploads\/2024\/01\/9315-1.webp",665,400,false],"thumbnail":["https:\/\/imagazine.it\/wp-content\/uploads\/2024\/01\/9315-1-150x150.webp",150,150,true],"medium":["https:\/\/imagazine.it\/wp-content\/uploads\/2024\/01\/9315-1-300x180.webp",300,180,true],"large":["https:\/\/imagazine.it\/wp-content\/uploads\/2024\/01\/9315-1.webp",640,385,false],"thumblist":["https:\/\/imagazine.it\/wp-content\/uploads\/2024\/01\/9315-1.webp",300,180,false],"thumbrelated":["https:\/\/imagazine.it\/wp-content\/uploads\/2024\/01\/9315-1.webp",500,301,false],"meccarouselthumb":["https:\/\/imagazine.it\/wp-content\/uploads\/2024\/01\/9315-1.webp",474,285,false],"gridsquare":["https:\/\/imagazine.it\/wp-content\/uploads\/2024\/01\/9315-1.webp",391,235,false],"tileview":["https:\/\/imagazine.it\/wp-content\/uploads\/2024\/01\/9315-1.webp",300,180,false],"1536x1536":["https:\/\/imagazine.it\/wp-content\/uploads\/2024\/01\/9315-1.webp",665,400,false],"2048x2048":["https:\/\/imagazine.it\/wp-content\/uploads\/2024\/01\/9315-1.webp",665,400,false],"newsup-slider-full":["https:\/\/imagazine.it\/wp-content\/uploads\/2024\/01\/9315-1.webp",665,400,false],"newsup-featured":["https:\/\/imagazine.it\/wp-content\/uploads\/2024\/01\/9315-1.webp",665,400,false],"newsup-medium":["https:\/\/imagazine.it\/wp-content\/uploads\/2024\/01\/9315-1-665x380.webp",665,380,true],"tptn_thumbnail":["https:\/\/imagazine.it\/wp-content\/uploads\/2024\/01\/9315-1.webp",250,150,false],"sow-carousel-default":["https:\/\/imagazine.it\/wp-content\/uploads\/2024\/01\/9315-1-272x182.webp",272,182,true]},"rttpg_author":{"display_name":"redazione","author_link":"https:\/\/imagazine.it\/home_desk\/author\/redazione\/"},"rttpg_comment":0,"rttpg_category":"<a href=\"https:\/\/imagazine.it\/home_desk\/category\/societa\/\" rel=\"category tag\">SOCIET\u00c0<\/a>","rttpg_excerpt":"Da venerd\u00ec a domenica a Gorizia","_links":{"self":[{"href":"https:\/\/imagazine.it\/home_desk\/wp-json\/wp\/v2\/posts\/16556","targetHints":{"allow":["GET"]}}],"collection":[{"href":"https:\/\/imagazine.it\/home_desk\/wp-json\/wp\/v2\/posts"}],"about":[{"href":"https:\/\/imagazine.it\/home_desk\/wp-json\/wp\/v2\/types\/post"}],"author":[{"embeddable":true,"href":"https:\/\/imagazine.it\/home_desk\/wp-json\/wp\/v2\/users\/28"}],"replies":[{"embeddable":true,"href":"https:\/\/imagazine.it\/home_desk\/wp-json\/wp\/v2\/comments?post=16556"}],"version-history":[{"count":0,"href":"https:\/\/imagazine.it\/home_desk\/wp-json\/wp\/v2\/posts\/16556\/revisions"}],"wp:featuredmedia":[{"embeddable":true,"href":"https:\/\/imagazine.it\/home_desk\/wp-json\/wp\/v2\/media\/16557"}],"wp:attachment":[{"href":"https:\/\/imagazine.it\/home_desk\/wp-json\/wp\/v2\/media?parent=16556"}],"wp:term":[{"taxonomy":"category","embeddable":true,"href":"https:\/\/imagazine.it\/home_desk\/wp-json\/wp\/v2\/categories?post=16556"},{"taxonomy":"post_tag","embeddable":true,"href":"https:\/\/imagazine.it\/home_desk\/wp-json\/wp\/v2\/tags?post=16556"}],"curies":[{"name":"wp","href":"https:\/\/api.w.org\/{rel}","templated":true}]}}