{"id":16546,"date":"2015-03-16T00:00:00","date_gmt":"2015-03-15T23:00:00","guid":{"rendered":"https:\/\/imagazine.it\/?p=16546"},"modified":"2015-03-16T00:00:00","modified_gmt":"2015-03-15T23:00:00","slug":"neve-ancora-tre-settimane-di-sci-in-fvg","status":"publish","type":"post","link":"https:\/\/imagazine.it\/home_desk\/neve-ancora-tre-settimane-di-sci-in-fvg\/","title":{"rendered":"Neve, ancora tre settimane di sci in FVG"},"content":{"rendered":"<p style=\"text-align: justify;\" class=\"ui-droppable\"> \tAncora tre settimane per approfittare della stagione invernale nei poli sciistici di Ravascletto\/Zoncolan, Piancavallo e Tarvisio che mantengono buone condizioni. Meteo e neve permettendo, infatti, la stagione invernale 2014\/15 chiuder\u00e0 <strong>luned\u00ec 6 aprile<\/strong>, giorno di Pasquetta.<\/p>\n<p style=\"text-align: justify;\" class=\"ui-droppable\"> \tSempre in base alle condizioni nevose, a Sella Nevea invece gli impianti continueranno a funzionare e resteranno aperti fino a\u00a0<strong>domenica 26 aprile<\/strong>.<\/p>\n<p style=\"text-align: justify;\" class=\"ui-droppable\"> \t<strong>E da oggi fino a fine stagione verranno applicate le tariffe di bassa stagione su biglietti giornalieri, ore in giornata e plurigiornalieri.<\/strong><\/p>\n<p style=\"text-align: justify;\" class=\"ui-droppable\"> \tGli impianti di Sauris hanno chiuso anticipatamente ieri causa scarso innevamento e, a seguire, il polo di Forni di Sopra chiuder\u00e0\u00a0<strong>domenica prossima 22 marzo<\/strong>. Durante la settimana il polo ha programmato diversi orari di chiusura:<\/p>\n<p style=\"text-align: justify;\" class=\"ui-droppable\"> \tArea VARMOST da marted\u00ec a venerd\u00ec: 8.30-13.30, sabato e domenica: 8.30-16.30<\/p>\n<p style=\"text-align: justify;\" class=\"ui-droppable\"> \tArea DAVOST: luned\u00ec 12-15, marted\u00ec 9-12, mercoled\u00ec 9-12 e 14-16, gioved\u00ec e venerd\u00ec 9-12.30.<\/p>\n<p style=\"text-align: justify;\" class=\"ui-droppable\"> \tPromotur ricorda che sono terminate le serate in notturna sulla pista Di Prampero di Tarvisio e le notturne dedicate allo sci nordico sia a Piancavallo sia a Forni di Sopra. Gli amanti del fondo potranno ancora sciare a Piancavallo e a Sella Nevea, uniche piste aperte gestite dall\u2019Agenzia regionale.<\/p>\n<p style=\"text-align: justify;\" class=\"ui-droppable\"> \tVisto il periodo di fine stagione, \u00e8 consigliabile consultare l&#8217;infoneve sulla situazione in tempo reale delle piste aperte, prima di programmare una giornata sulla neve.<\/p>\n","protected":false},"excerpt":{"rendered":"<p>A Pasquetta la chiusura della stagione<\/p>\n","protected":false},"author":28,"featured_media":16547,"comment_status":"closed","ping_status":"closed","sticky":false,"template":"","format":"standard","meta":{"dwc-title":[],"dwc-content":[],"footnotes":""},"categories":[8],"tags":[],"class_list":["post-16546","post","type-post","status-publish","format-standard","has-post-thumbnail","hentry","category-turismo"],"rttpg_featured_image_url":{"full":["https:\/\/imagazine.it\/wp-content\/uploads\/2024\/01\/9297-1.webp",390,260,false],"landscape":["https:\/\/imagazine.it\/wp-content\/uploads\/2024\/01\/9297-1.webp",390,260,false],"portraits":["https:\/\/imagazine.it\/wp-content\/uploads\/2024\/01\/9297-1.webp",390,260,false],"thumbnail":["https:\/\/imagazine.it\/wp-content\/uploads\/2024\/01\/9297-1-150x150.webp",150,150,true],"medium":["https:\/\/imagazine.it\/wp-content\/uploads\/2024\/01\/9297-1-300x200.webp",300,200,true],"large":["https:\/\/imagazine.it\/wp-content\/uploads\/2024\/01\/9297-1.webp",390,260,false],"thumblist":["https:\/\/imagazine.it\/wp-content\/uploads\/2024\/01\/9297-1.webp",300,200,false],"thumbrelated":["https:\/\/imagazine.it\/wp-content\/uploads\/2024\/01\/9297-1.webp",390,260,false],"meccarouselthumb":["https:\/\/imagazine.it\/wp-content\/uploads\/2024\/01\/9297-1.webp",390,260,false],"gridsquare":["https:\/\/imagazine.it\/wp-content\/uploads\/2024\/01\/9297-1.webp",390,260,false],"tileview":["https:\/\/imagazine.it\/wp-content\/uploads\/2024\/01\/9297-1.webp",300,200,false],"1536x1536":["https:\/\/imagazine.it\/wp-content\/uploads\/2024\/01\/9297-1.webp",390,260,false],"2048x2048":["https:\/\/imagazine.it\/wp-content\/uploads\/2024\/01\/9297-1.webp",390,260,false],"newsup-slider-full":["https:\/\/imagazine.it\/wp-content\/uploads\/2024\/01\/9297-1.webp",390,260,false],"newsup-featured":["https:\/\/imagazine.it\/wp-content\/uploads\/2024\/01\/9297-1.webp",390,260,false],"newsup-medium":["https:\/\/imagazine.it\/wp-content\/uploads\/2024\/01\/9297-1.webp",390,260,false],"tptn_thumbnail":["https:\/\/imagazine.it\/wp-content\/uploads\/2024\/01\/9297-1.webp",250,167,false],"sow-carousel-default":["https:\/\/imagazine.it\/wp-content\/uploads\/2024\/01\/9297-1-272x182.webp",272,182,true]},"rttpg_author":{"display_name":"redazione","author_link":"https:\/\/imagazine.it\/home_desk\/author\/redazione\/"},"rttpg_comment":0,"rttpg_category":"<a href=\"https:\/\/imagazine.it\/home_desk\/category\/turismo\/\" rel=\"category tag\">TURISMO<\/a>","rttpg_excerpt":"A Pasquetta la chiusura della stagione","_links":{"self":[{"href":"https:\/\/imagazine.it\/home_desk\/wp-json\/wp\/v2\/posts\/16546","targetHints":{"allow":["GET"]}}],"collection":[{"href":"https:\/\/imagazine.it\/home_desk\/wp-json\/wp\/v2\/posts"}],"about":[{"href":"https:\/\/imagazine.it\/home_desk\/wp-json\/wp\/v2\/types\/post"}],"author":[{"embeddable":true,"href":"https:\/\/imagazine.it\/home_desk\/wp-json\/wp\/v2\/users\/28"}],"replies":[{"embeddable":true,"href":"https:\/\/imagazine.it\/home_desk\/wp-json\/wp\/v2\/comments?post=16546"}],"version-history":[{"count":0,"href":"https:\/\/imagazine.it\/home_desk\/wp-json\/wp\/v2\/posts\/16546\/revisions"}],"wp:featuredmedia":[{"embeddable":true,"href":"https:\/\/imagazine.it\/home_desk\/wp-json\/wp\/v2\/media\/16547"}],"wp:attachment":[{"href":"https:\/\/imagazine.it\/home_desk\/wp-json\/wp\/v2\/media?parent=16546"}],"wp:term":[{"taxonomy":"category","embeddable":true,"href":"https:\/\/imagazine.it\/home_desk\/wp-json\/wp\/v2\/categories?post=16546"},{"taxonomy":"post_tag","embeddable":true,"href":"https:\/\/imagazine.it\/home_desk\/wp-json\/wp\/v2\/tags?post=16546"}],"curies":[{"name":"wp","href":"https:\/\/api.w.org\/{rel}","templated":true}]}}