{"id":16536,"date":"2015-03-12T00:00:00","date_gmt":"2015-03-11T23:00:00","guid":{"rendered":"https:\/\/imagazine.it\/?p=16536"},"modified":"2015-03-12T00:00:00","modified_gmt":"2015-03-11T23:00:00","slug":"una-corsa-per-la-vita","status":"publish","type":"post","link":"https:\/\/imagazine.it\/home_desk\/una-corsa-per-la-vita\/","title":{"rendered":"Una corsa per la vita"},"content":{"rendered":"<p class=\"ui-droppable\" style=\"text-align: justify;\"> \tLaura c\u2019\u00e8. Eccome se c\u2019\u00e8. Con tutta la grinta dei suoi vent\u2019anni. E con la voglia di dimostrare che un trauma, per quanto invalidante, non \u00e8 la fine della vita. La sua sfida si chiama <em>Unesco Cities Marathon<\/em>. Non sar\u00e0 un traguardo qualunque.<\/p>\n<p class=\"ui-droppable\" style=\"text-align: justify;\"> \t<strong>Laura Bassi<\/strong> di Cussignacco il 22 giugno 2014 \u00e8 stata coinvolta in un incidente stradale nei pressi di Gemona, in cui hanno perso la vita tre persone, tra le quali il suo fidanzato. Sopravvissuta alle gravissime ferite, Laura &#8211; oggi ventenne &#8211; ha per\u00f2 perso una gamba, iniziando un lungo percorso di riabilitazione che prevede cure costanti presso l\u2019istituto Gervasutta di Udine.\u00a0<\/p>\n<p class=\"ui-droppable\" style=\"text-align: justify;\"> \tLaura \u00e8 una ragazza forte, temprata dalle difficolt\u00e0. E la maratona \u00e8 una sfida che l\u2019affascina. Per questo, domenica 29 marzo, parteciper\u00e0 alla corsa che unir\u00e0 Cividale del Friuli, Palmanova e Aquileia.\u00a0 Correr\u00e0, ovviamente, solo per un breve tratto e al suo fianco avr\u00e0 lo scienziato friulano di fama mondiale <strong>Mauro Ferrari<\/strong>, esperto di nanotecnologie in campo medico e presidente del <em>Methodist Research Institute<\/em> di Houston in Texas.<\/p>\n<\/p>\n<p class=\"ui-droppable\" style=\"text-align: justify;\"> \t\u201c<em>Quand\u2019ero ancora in terapia intensiva<\/em> \u2013 ha spiegato Laura Bassi, in occasione della conferenza stampa tenutasi oggi a Tavagnacco nella sede della Hypo Alpe Adria Bank \u2013 <em>ho avuto la fortuna di conoscere Mauro Ferrari che, insieme alla moglie Paola, \u00e8 venuto a farmi visita e mi ha incoraggiata a guardare avanti, parlandomi di sport e di tante belle iniziative che avrei potuto portare a termine una volta uscita dall\u2019ospedale. L\u2019Unesco Cities Marathon era un appuntamento che ci siamo dati, sono felice di parteciparvi<\/em>\u201d.\u00a0<\/p>\n<p class=\"ui-droppable\" style=\"text-align: justify;\"> \tPer questa iniziativa Laura ha gi\u00e0 ricevuto il supporto di molte persone. A partire dall\u2019azienda per la quale lavora, la Hypo Alpe Adria Bank, che ha organizzato una propria \u201csquadra\u201d di maratoneti che l\u2019accompagneranno. \u201c<em>Laura \u00e8 una nostra dipendente, ma non la conoscevo personalmente<\/em> \u2013 ha commentato <strong>Marco Cariglio<\/strong>, amministratore delegato di Hypo Alpe Adria Bank \u2013. <em>Dopo l\u2019incidente ho scoperto una ragazza eccezionale che, anche grazie al supporto di una famiglia meravigliosa, far\u00e0 grandi cose. La partecipazione all\u2019Unesco Cities Marathon \u00e8 solo il primo passo<\/em>\u201d.\u00a0<\/p>\n<p class=\"ui-droppable\" style=\"text-align: justify;\"> \tPochi giorni fa, Laura ha creato una pagina Facebook dal titolo \u201cLaura Team\u201d che ha gi\u00e0 registrato oltre 1.600 adesioni. La sua intenzione \u00e8 quella di creare qualcosa di duraturo per sensibilizzare l\u2019opinione pubblica sulle problematiche vissute dalle persone che subiscono menomazioni fisiche.<\/p>\n<p class=\"ui-droppable\" style=\"text-align: justify;\"> \tMauro Ferrari, assieme alla moglie Paola, l\u2019ha voluta quale primo presidente di <em>Achilles International Italia<\/em>, l\u2019organizzazione benefica fondata nel 1983 a New York da Dick Traum con lo scopo di promuovere l\u2019attivit\u00e0 sportiva tra i disabili. \u201c<em>\u00c8 stata un\u2019idea bellissima. Ho accettato su due piedi. Anzi: su uno\u2026<\/em>\u201d, ha scherzato Laura in conferenza stampa. \u00a0<\/p>\n<p class=\"ui-droppable\" style=\"text-align: justify;\"> \tAlla conferenza stampa sono intervenuti anche l\u2019assessore provinciale allo Sport, <strong>Beppino Govetto<\/strong> e i vertici di <em>Unesco Cities Marathon<\/em>: il presidente <strong>Giuliano Gemo<\/strong> e il segretario generale <strong>Giuseppe Donno<\/strong>.\u00a0<\/p>\n","protected":false},"excerpt":{"rendered":"<p>La sfida di Laura Bassi<\/p>\n","protected":false},"author":28,"featured_media":16537,"comment_status":"closed","ping_status":"closed","sticky":false,"template":"","format":"standard","meta":{"dwc-title":[],"dwc-content":[],"footnotes":""},"categories":[38],"tags":[],"class_list":["post-16536","post","type-post","status-publish","format-standard","has-post-thumbnail","hentry","category-sport"],"rttpg_featured_image_url":{"full":["https:\/\/imagazine.it\/wp-content\/uploads\/2024\/01\/9269-1.webp",571,400,false],"landscape":["https:\/\/imagazine.it\/wp-content\/uploads\/2024\/01\/9269-1.webp",571,400,false],"portraits":["https:\/\/imagazine.it\/wp-content\/uploads\/2024\/01\/9269-1.webp",571,400,false],"thumbnail":["https:\/\/imagazine.it\/wp-content\/uploads\/2024\/01\/9269-1-150x150.webp",150,150,true],"medium":["https:\/\/imagazine.it\/wp-content\/uploads\/2024\/01\/9269-1-300x210.webp",300,210,true],"large":["https:\/\/imagazine.it\/wp-content\/uploads\/2024\/01\/9269-1.webp",571,400,false],"thumblist":["https:\/\/imagazine.it\/wp-content\/uploads\/2024\/01\/9269-1.webp",300,210,false],"thumbrelated":["https:\/\/imagazine.it\/wp-content\/uploads\/2024\/01\/9269-1.webp",500,350,false],"meccarouselthumb":["https:\/\/imagazine.it\/wp-content\/uploads\/2024\/01\/9269-1.webp",463,324,false],"gridsquare":["https:\/\/imagazine.it\/wp-content\/uploads\/2024\/01\/9269-1.webp",371,260,false],"tileview":["https:\/\/imagazine.it\/wp-content\/uploads\/2024\/01\/9269-1.webp",300,210,false],"1536x1536":["https:\/\/imagazine.it\/wp-content\/uploads\/2024\/01\/9269-1.webp",571,400,false],"2048x2048":["https:\/\/imagazine.it\/wp-content\/uploads\/2024\/01\/9269-1.webp",571,400,false],"newsup-slider-full":["https:\/\/imagazine.it\/wp-content\/uploads\/2024\/01\/9269-1.webp",571,400,false],"newsup-featured":["https:\/\/imagazine.it\/wp-content\/uploads\/2024\/01\/9269-1.webp",571,400,false],"newsup-medium":["https:\/\/imagazine.it\/wp-content\/uploads\/2024\/01\/9269-1-571x380.webp",571,380,true],"tptn_thumbnail":["https:\/\/imagazine.it\/wp-content\/uploads\/2024\/01\/9269-1.webp",250,175,false],"sow-carousel-default":["https:\/\/imagazine.it\/wp-content\/uploads\/2024\/01\/9269-1-272x182.webp",272,182,true]},"rttpg_author":{"display_name":"redazione","author_link":"https:\/\/imagazine.it\/home_desk\/author\/redazione\/"},"rttpg_comment":0,"rttpg_category":"<a href=\"https:\/\/imagazine.it\/home_desk\/category\/sport\/\" rel=\"category tag\">SPORT<\/a>","rttpg_excerpt":"La sfida di Laura Bassi","_links":{"self":[{"href":"https:\/\/imagazine.it\/home_desk\/wp-json\/wp\/v2\/posts\/16536","targetHints":{"allow":["GET"]}}],"collection":[{"href":"https:\/\/imagazine.it\/home_desk\/wp-json\/wp\/v2\/posts"}],"about":[{"href":"https:\/\/imagazine.it\/home_desk\/wp-json\/wp\/v2\/types\/post"}],"author":[{"embeddable":true,"href":"https:\/\/imagazine.it\/home_desk\/wp-json\/wp\/v2\/users\/28"}],"replies":[{"embeddable":true,"href":"https:\/\/imagazine.it\/home_desk\/wp-json\/wp\/v2\/comments?post=16536"}],"version-history":[{"count":0,"href":"https:\/\/imagazine.it\/home_desk\/wp-json\/wp\/v2\/posts\/16536\/revisions"}],"wp:featuredmedia":[{"embeddable":true,"href":"https:\/\/imagazine.it\/home_desk\/wp-json\/wp\/v2\/media\/16537"}],"wp:attachment":[{"href":"https:\/\/imagazine.it\/home_desk\/wp-json\/wp\/v2\/media?parent=16536"}],"wp:term":[{"taxonomy":"category","embeddable":true,"href":"https:\/\/imagazine.it\/home_desk\/wp-json\/wp\/v2\/categories?post=16536"},{"taxonomy":"post_tag","embeddable":true,"href":"https:\/\/imagazine.it\/home_desk\/wp-json\/wp\/v2\/tags?post=16536"}],"curies":[{"name":"wp","href":"https:\/\/api.w.org\/{rel}","templated":true}]}}