{"id":16528,"date":"2015-03-11T00:00:00","date_gmt":"2015-03-10T23:00:00","guid":{"rendered":"https:\/\/imagazine.it\/?p=16528"},"modified":"2015-03-11T00:00:00","modified_gmt":"2015-03-10T23:00:00","slug":"cividale-nuovi-percorsi-pedonali-in-mezzo-alla-natura","status":"publish","type":"post","link":"https:\/\/imagazine.it\/home_desk\/cividale-nuovi-percorsi-pedonali-in-mezzo-alla-natura\/","title":{"rendered":"Cividale, nuovi percorsi pedonali in mezzo alla natura"},"content":{"rendered":"<p style=\"text-align: justify;\" class=\"ui-droppable\"> \tProssima l\u2019apertura del nuovo ingresso alla sede del municipio di Cividale del Friuli. L\u2019Amministrazione Comunale ha realizzato, infatti, un nuovo accesso al palazzo comunale dalla Loggia dove \u00e8 ospitato lo storico Caff\u00e8 San Marco.<\/p>\n<p style=\"text-align: justify;\" class=\"ui-droppable\"> \t\u201cIl nuovo ingresso alla sede municipale, a vetrate scorrevoli \u2013 spiega l\u2019assessore <strong>Davide Cantarutti<\/strong> \u2013 garantir\u00e0 al cittadino un\u2019entrata pi\u00f9 sicura ed esteticamente pi\u00f9 gradevole; rimarr\u00e0 ovviamente attivo l\u2019ingresso per le persone diversamente abili sul lato posteriore dell\u2019edificio\u201d.<\/p>\n<p style=\"text-align: justify;\" class=\"ui-droppable\"> \tAltro accesso al patrimonio cittadino, \u00e8 quello al Brolo delle Orsoline, ovvero il giardino\/orto che si trova alle spalle della chiesa di San Biagio, aperto al pubblico di recente. Nel corso del biennio 2013-2014 \u00e8 stato infatti realizzato un parco urbano nel \u201cbrolo\u201d che offre adesso l\u2019opportunit\u00e0 di valorizzare il complesso di via delle mura, di Borgo Brossana e di piazzetta San Biagio, grazie all\u2019individuazione di un programma tematico che mette in rilievo le sue peculiarit\u00e0 e testimonianze storico-artistiche.<\/p>\n<p style=\"text-align: justify;\" class=\"ui-droppable\"> \tIl progetto ha previsto la realizzazione di percorsi pedonali, aree di sosta con panchine,\u00a0 la messa a dimora di alberi ad alto e medio fusto e di aceri. \u201cStiamo definendo con l\u2019ITAS \u2013 spiega Cantarutti \u2013 la fattibilit\u00e0 di una convenzione per la realizzazione anche dell\u2019orto delle spezie e delle piante officinali\u201d. Sia il parco nel Brolo sia la discesa al fiume Natisone dalla nuova scaletta messa in sicurezza nell\u2019autunno scorso nei pressi del Ponte del Diavolo in Borgo di Ponte \u201csono stati dotati di un cancello con temporizzatore \u2013 conclude Cantarutti \u2013 e saranno aperti, dalla prossima settimana, negli stessi orari del Giardino Pubblico, ovvero 8-17 in inverno e 8-20 in estate\u201d.<\/p>\n","protected":false},"excerpt":{"rendered":"<p>Presto anche nuovo ingresso al Municipio<\/p>\n","protected":false},"author":28,"featured_media":16529,"comment_status":"closed","ping_status":"closed","sticky":false,"template":"","format":"standard","meta":{"dwc-title":[],"dwc-content":[],"footnotes":""},"categories":[5],"tags":[],"class_list":["post-16528","post","type-post","status-publish","format-standard","has-post-thumbnail","hentry","category-attualita"],"rttpg_featured_image_url":{"full":["https:\/\/imagazine.it\/wp-content\/uploads\/2024\/01\/9250-1.webp",1126,752,false],"landscape":["https:\/\/imagazine.it\/wp-content\/uploads\/2024\/01\/9250-1.webp",1126,752,false],"portraits":["https:\/\/imagazine.it\/wp-content\/uploads\/2024\/01\/9250-1.webp",1126,752,false],"thumbnail":["https:\/\/imagazine.it\/wp-content\/uploads\/2024\/01\/9250-1-150x150.webp",150,150,true],"medium":["https:\/\/imagazine.it\/wp-content\/uploads\/2024\/01\/9250-1-300x200.webp",300,200,true],"large":["https:\/\/imagazine.it\/wp-content\/uploads\/2024\/01\/9250-1-1024x684.webp",640,428,true],"thumblist":["https:\/\/imagazine.it\/wp-content\/uploads\/2024\/01\/9250-1.webp",300,200,false],"thumbrelated":["https:\/\/imagazine.it\/wp-content\/uploads\/2024\/01\/9250-1.webp",500,334,false],"meccarouselthumb":["https:\/\/imagazine.it\/wp-content\/uploads\/2024\/01\/9250-1.webp",474,317,false],"gridsquare":["https:\/\/imagazine.it\/wp-content\/uploads\/2024\/01\/9250-1.webp",389,260,false],"tileview":["https:\/\/imagazine.it\/wp-content\/uploads\/2024\/01\/9250-1.webp",300,200,false],"1536x1536":["https:\/\/imagazine.it\/wp-content\/uploads\/2024\/01\/9250-1.webp",1126,752,false],"2048x2048":["https:\/\/imagazine.it\/wp-content\/uploads\/2024\/01\/9250-1.webp",1126,752,false],"newsup-slider-full":["https:\/\/imagazine.it\/wp-content\/uploads\/2024\/01\/9250-1-1126x720.webp",1126,720,true],"newsup-featured":["https:\/\/imagazine.it\/wp-content\/uploads\/2024\/01\/9250-1-1024x684.webp",1024,684,true],"newsup-medium":["https:\/\/imagazine.it\/wp-content\/uploads\/2024\/01\/9250-1-720x380.webp",720,380,true],"tptn_thumbnail":["https:\/\/imagazine.it\/wp-content\/uploads\/2024\/01\/9250-1.webp",250,167,false],"sow-carousel-default":["https:\/\/imagazine.it\/wp-content\/uploads\/2024\/01\/9250-1-272x182.webp",272,182,true]},"rttpg_author":{"display_name":"redazione","author_link":"https:\/\/imagazine.it\/home_desk\/author\/redazione\/"},"rttpg_comment":0,"rttpg_category":"<a href=\"https:\/\/imagazine.it\/home_desk\/category\/attualita\/\" rel=\"category tag\">ATTUALIT\u00c0<\/a>","rttpg_excerpt":"Presto anche nuovo ingresso al Municipio","_links":{"self":[{"href":"https:\/\/imagazine.it\/home_desk\/wp-json\/wp\/v2\/posts\/16528","targetHints":{"allow":["GET"]}}],"collection":[{"href":"https:\/\/imagazine.it\/home_desk\/wp-json\/wp\/v2\/posts"}],"about":[{"href":"https:\/\/imagazine.it\/home_desk\/wp-json\/wp\/v2\/types\/post"}],"author":[{"embeddable":true,"href":"https:\/\/imagazine.it\/home_desk\/wp-json\/wp\/v2\/users\/28"}],"replies":[{"embeddable":true,"href":"https:\/\/imagazine.it\/home_desk\/wp-json\/wp\/v2\/comments?post=16528"}],"version-history":[{"count":0,"href":"https:\/\/imagazine.it\/home_desk\/wp-json\/wp\/v2\/posts\/16528\/revisions"}],"wp:featuredmedia":[{"embeddable":true,"href":"https:\/\/imagazine.it\/home_desk\/wp-json\/wp\/v2\/media\/16529"}],"wp:attachment":[{"href":"https:\/\/imagazine.it\/home_desk\/wp-json\/wp\/v2\/media?parent=16528"}],"wp:term":[{"taxonomy":"category","embeddable":true,"href":"https:\/\/imagazine.it\/home_desk\/wp-json\/wp\/v2\/categories?post=16528"},{"taxonomy":"post_tag","embeddable":true,"href":"https:\/\/imagazine.it\/home_desk\/wp-json\/wp\/v2\/tags?post=16528"}],"curies":[{"name":"wp","href":"https:\/\/api.w.org\/{rel}","templated":true}]}}