{"id":16526,"date":"2015-03-11T00:00:00","date_gmt":"2015-03-10T23:00:00","guid":{"rendered":"https:\/\/imagazine.it\/?p=16526"},"modified":"2015-03-11T00:00:00","modified_gmt":"2015-03-10T23:00:00","slug":"gorizia-concorso-per-scrittrici","status":"publish","type":"post","link":"https:\/\/imagazine.it\/home_desk\/gorizia-concorso-per-scrittrici\/","title":{"rendered":"Gorizia, concorso per scrittrici"},"content":{"rendered":"<p style=\"text-align: justify;\"> \tTorna \u201cVoci di donna\u201d, il concorso di scrittura indetto dalla Provincia di Gorizia, in collaborazione con il Comune di Nova Gorica e della Fondazione Carigo. Tema dell\u2019edizione 2015: \u201cPerch\u00e9 le donne continuano a rimanere indietro?\u201d. Il concorso si articola in due sezioni: la prima (A) \u00e8 riservata alle studentesse degli istituti secondari di secondo grado della provincia di Gorizia e del Nord Litorale (Slovenia) o comunque residenti in questo territorio; la seconda (B) \u00e8 aperta a tutte le donne che abbiano superato i 30 anni di et\u00e0 e residenti nel suddetto territorio. La partecipazione al concorso \u00e8 gratuita.<\/p>\n<p style=\"text-align: justify;\"> \tGli scritti in prosa (racconti, novelle, lettere, diari, scenografie, copioni teatrali, ecc.), inediti e neppure in fase di pubblicazione, possono essere in lingua italiana o slovena, devono essere scritti a computer o a macchina, avere una lunghezza massima di quattro cartelle (30 righe per ogni cartella) ed essere consegnati entro le ore 12 del 28 aprile 2015 (non far\u00e0 fede il timbro postale) in quattro copie alla Segreteria del &#8220;Concorso di scrittura Voci di donna&#8221;, all&#39;Ufficio Protocollo della Provincia di Gorizia, corso Italia 55 &#8211; 34170 Gorizia; oppure a Oddelek za dru\u017ebene dejavnosti\/Settore attivit\u00e0 sociali Mestna ob\u010dina Nova Gorica\/Comune citt\u00e0 Nova Gorica, Trg E. Kardelja 1 &#8211; 5000 Nova Gorica.<\/p>\n<p style=\"text-align: justify;\"> \tI premi per la sezione A sono cos\u00ec ripartiti: primo premio al migliore elaborato in lingua italiana e lingua slovena, 500 euro cadauno; premio al migliore elaborato in lingua italiana e slovena di ogni scuola superiore partecipante, 100 euro cadauno. La Giuria potr\u00e0 assegnare un Premio speciale di 300 euro. Alla scuola italiana e slovena con il maggior numero di partecipanti verr\u00e0 assegnato un riconoscimento.<\/p>\n<p style=\"text-align: justify;\"> \tI premi per la sezione B sono cos\u00ec ripartiti: primo premio al migliore elaborato in lingua italiana e lingua slovena, 400 euro cadauno. La Giuria potr\u00e0 segnalare due elaborati (lingua italiana\/slovena) che riceveranno un premio da 100 euro.<\/p>\n<p style=\"text-align: justify;\"> \tLe opere devono essere consegnate in plico chiuso, provvisto all&#39;esterno della dicitura &#8220;Contiene scritto per il Concorso Voci di donna\u201d, con l\u2019indicazione Sezione A per le studentesse e Sezione B per le concorrenti adulte. Lo scritto inserito nel plico deve essere anonimo e accompagnato da una busta chiusa contenente le generalit\u00e0, codice fiscale, l&#39;indirizzo, il numero di telefono, l\u2019indirizzo di posta elettronica dell&#39;autrice (per la sez. A e B) e anche della scuola di provenienza (per la sez. A). La Provincia garantisce che i dati personali richiesti verranno utilizzati esclusivamente per le finalit\u00e0 del concorso, nel rispetto della normativa in materia.<\/p>\n<p style=\"text-align: justify;\"> \tIl bando completo \u00e8 disponibile sul <a href=\"http:\/\/www.provincia.gorizia.it\" target=\"_blank\" rel=\"noopener\">sito della Provincia di Gorizia<\/a>, sezione Bandi. Luogo e data della premiazione verranno comunicati in seguito.<\/p>\n<p style=\"text-align: justify;\"> \tPer ulteriori informazioni: Provincia di Gorizia, Servizio Pari opportunit\u00e0 (corso Italia 55 Gorizia), tel &#8211; fax 0481 \u2013 385262 \u2013 300, email:\u00a0<a href=\"mailto:pariopportunita@provincia.gorizia.it\" target=\"_blank\" rel=\"noopener\">pariopportunita@provincia.<wbr \/>gorizia.it<\/a>; oppure Mestna Ob\u010dina Nova Gorica, Oddelek za dru\u017ebene dejavnosti, Trg E. Kardelja 1 &#8211; 5000 Nova Gorica, Tel. 05 3350165 o 05 3350161, Fax 05 3028487, email:<a href=\"mailto:majda.petejan@nova-gorica.si\" target=\"_blank\" rel=\"noopener\">majda.petejan@nova-gorica.si<\/a><\/p>\n","protected":false},"excerpt":{"rendered":"<p>La Provincia ripropone &#8220;Voci di donna&#8221;<\/p>\n","protected":false},"author":28,"featured_media":16527,"comment_status":"closed","ping_status":"closed","sticky":false,"template":"","format":"standard","meta":{"dwc-title":[],"dwc-content":[],"footnotes":""},"categories":[37],"tags":[],"class_list":["post-16526","post","type-post","status-publish","format-standard","has-post-thumbnail","hentry","category-cultura-e-spettacolo"],"rttpg_featured_image_url":{"full":["https:\/\/imagazine.it\/wp-content\/uploads\/2024\/01\/9245-1.webp",430,322,false],"landscape":["https:\/\/imagazine.it\/wp-content\/uploads\/2024\/01\/9245-1.webp",430,322,false],"portraits":["https:\/\/imagazine.it\/wp-content\/uploads\/2024\/01\/9245-1.webp",430,322,false],"thumbnail":["https:\/\/imagazine.it\/wp-content\/uploads\/2024\/01\/9245-1-150x150.webp",150,150,true],"medium":["https:\/\/imagazine.it\/wp-content\/uploads\/2024\/01\/9245-1-300x225.webp",300,225,true],"large":["https:\/\/imagazine.it\/wp-content\/uploads\/2024\/01\/9245-1.webp",430,322,false],"thumblist":["https:\/\/imagazine.it\/wp-content\/uploads\/2024\/01\/9245-1.webp",300,225,false],"thumbrelated":["https:\/\/imagazine.it\/wp-content\/uploads\/2024\/01\/9245-1.webp",430,322,false],"meccarouselthumb":["https:\/\/imagazine.it\/wp-content\/uploads\/2024\/01\/9245-1.webp",430,322,false],"gridsquare":["https:\/\/imagazine.it\/wp-content\/uploads\/2024\/01\/9245-1.webp",347,260,false],"tileview":["https:\/\/imagazine.it\/wp-content\/uploads\/2024\/01\/9245-1.webp",300,225,false],"1536x1536":["https:\/\/imagazine.it\/wp-content\/uploads\/2024\/01\/9245-1.webp",430,322,false],"2048x2048":["https:\/\/imagazine.it\/wp-content\/uploads\/2024\/01\/9245-1.webp",430,322,false],"newsup-slider-full":["https:\/\/imagazine.it\/wp-content\/uploads\/2024\/01\/9245-1.webp",430,322,false],"newsup-featured":["https:\/\/imagazine.it\/wp-content\/uploads\/2024\/01\/9245-1.webp",430,322,false],"newsup-medium":["https:\/\/imagazine.it\/wp-content\/uploads\/2024\/01\/9245-1.webp",430,322,false],"tptn_thumbnail":["https:\/\/imagazine.it\/wp-content\/uploads\/2024\/01\/9245-1.webp",250,187,false],"sow-carousel-default":["https:\/\/imagazine.it\/wp-content\/uploads\/2024\/01\/9245-1-272x182.webp",272,182,true]},"rttpg_author":{"display_name":"redazione","author_link":"https:\/\/imagazine.it\/home_desk\/author\/redazione\/"},"rttpg_comment":0,"rttpg_category":"<a href=\"https:\/\/imagazine.it\/home_desk\/category\/cultura-e-spettacolo\/\" rel=\"category tag\">CULTURA&amp;SPETTACOLO<\/a>","rttpg_excerpt":"La Provincia ripropone \"Voci di donna\"","_links":{"self":[{"href":"https:\/\/imagazine.it\/home_desk\/wp-json\/wp\/v2\/posts\/16526","targetHints":{"allow":["GET"]}}],"collection":[{"href":"https:\/\/imagazine.it\/home_desk\/wp-json\/wp\/v2\/posts"}],"about":[{"href":"https:\/\/imagazine.it\/home_desk\/wp-json\/wp\/v2\/types\/post"}],"author":[{"embeddable":true,"href":"https:\/\/imagazine.it\/home_desk\/wp-json\/wp\/v2\/users\/28"}],"replies":[{"embeddable":true,"href":"https:\/\/imagazine.it\/home_desk\/wp-json\/wp\/v2\/comments?post=16526"}],"version-history":[{"count":0,"href":"https:\/\/imagazine.it\/home_desk\/wp-json\/wp\/v2\/posts\/16526\/revisions"}],"wp:featuredmedia":[{"embeddable":true,"href":"https:\/\/imagazine.it\/home_desk\/wp-json\/wp\/v2\/media\/16527"}],"wp:attachment":[{"href":"https:\/\/imagazine.it\/home_desk\/wp-json\/wp\/v2\/media?parent=16526"}],"wp:term":[{"taxonomy":"category","embeddable":true,"href":"https:\/\/imagazine.it\/home_desk\/wp-json\/wp\/v2\/categories?post=16526"},{"taxonomy":"post_tag","embeddable":true,"href":"https:\/\/imagazine.it\/home_desk\/wp-json\/wp\/v2\/tags?post=16526"}],"curies":[{"name":"wp","href":"https:\/\/api.w.org\/{rel}","templated":true}]}}