{"id":16524,"date":"2015-03-11T00:00:00","date_gmt":"2015-03-10T23:00:00","guid":{"rendered":"https:\/\/imagazine.it\/?p=16524"},"modified":"2015-03-11T00:00:00","modified_gmt":"2015-03-10T23:00:00","slug":"aperte-le-iscrizioni-a-percoto-canta","status":"publish","type":"post","link":"https:\/\/imagazine.it\/home_desk\/aperte-le-iscrizioni-a-percoto-canta\/","title":{"rendered":"Aperte le iscrizioni a &#8220;Percoto Canta&#8221;"},"content":{"rendered":"<p style=\"text-align: justify;\" class=\"ui-droppable\"> \t<strong><em>Percoto Canta<\/em><\/strong> ne fa 28. Il concorso canoro pi\u00f9 importante del Triveneto che a ogni edizione richiama decine di giovani artisti da tutta Italia, capace di valorizzare negli anni centinaia di talenti &#8211; tra gli ultimi anche la star della serie Disney \u201cVioletta\u201d, <strong>Lodovica Comello<\/strong> &#8211; compie 28 anni e presenta l\u2019<strong>edizione 2015<\/strong>. Sono ufficialmente aperte le iscrizioni alla gara che vedr\u00e0 il suo culmine <strong>sabato 25 luglio<\/strong>, nella serata finale che si terr\u00e0 a <strong>Villa Frattina \u2013 Caiselli di Pavia di Udine.<\/strong><\/p>\n<p style=\"text-align: justify;\" class=\"ui-droppable\"> \tUno spettacolo reso tale dalla bravura degli artisti in gara e dalla presenza dell\u2019orchestra. Proprio la presenza di quest\u2019ultima rende <em>Percoto Canta<\/em> uno fra i pochissimi concorsi del nostro Paese a fornire ai concorrenti l\u2019accompagnamento orchestrale, ulteriore valore aggiunto e motivo di grande prestigio per i cantanti in gara.<\/p>\n<p style=\"text-align: justify;\" class=\"ui-droppable\"> \tIl concorso prevede tre fasi: le <strong>iscrizioni<\/strong>, le <strong>selezioni<\/strong> e la <strong>serata finale<\/strong>. Alle <strong>iscrizioni<\/strong> (aperte fino al <strong>6 maggio<\/strong>) si registrano ogni anno circa 100 concorrenti provenienti da tutta Italia, che vengono ammessi alle due giornate di <strong>selezioni ufficiali<\/strong>, in programma nella sala del Teatro Parrocchiale di Trivignano Udinese <strong>sabato 9 <\/strong>e <strong>domenica 10 maggio<\/strong>.<\/p>\n<p style=\"text-align: justify;\" class=\"ui-droppable\"> \t<strong>Tre <\/strong>le <strong>categorie <\/strong>in gara: <strong>Senior<\/strong>, <strong>Junior<\/strong> e <strong>Cantautori<\/strong>. Sezione particolare, riservata ai residenti all\u2019estero, \u00e8 invece quella del <strong><em>Premio Internazionale Percoto Canta<\/em><\/strong>. A giudicare i concorrenti nelle rispettive categorie sar\u00e0 chiamata una giuria di qualit\u00e0, costituita da nomi di riconosciuto rilievo del panorama musicale italiano: <strong>Gi\u00f2 Di Tonno<\/strong>, cantautore gi\u00e0 vincitore di Sanremo e acclamato protagonista di musical di successo come \u201cNotre Dame de Paris\u201d, <strong>Fio Zanotti<\/strong>, fra i pi\u00f9 grandi arrangiatori e direttori d\u2019orchestra della musica italiana, <strong>Silvia Mezzanotte<\/strong>, cantante e voce solista dei Matia Bazar con cui ha vinto Sanremo, <strong>L\u2019Aura, <\/strong>fra le figure pi\u00f9 interessanti del cantautorato italiano.<\/p>\n<p style=\"text-align: justify;\" class=\"ui-droppable\"> \tI premi consisteranno in tre borse di studio per un totale di 2.500 euro. Nel corso della serata finale verranno inoltre conferiti il \u201c<strong>Premio della Critica<\/strong>\u201d (assegnato da una giuria di giornalisti della carta stampata, delle radio e delle televisioni) e il premio della giuria popolare \u201c<strong>Mons. Lauro Minin<\/strong>\u201d.<\/p>\n<p style=\"text-align: justify;\" class=\"ui-droppable\"> \tMa Percoto Canta non \u00e8 solo un concorso canoro, sono infatti diverse le attivit\u00e0 che fanno da corollario alla gara, come ad esempio gli stage formativi con artisti di livello nazionale e internazionale, i bandi riservati agli studenti per la realizzazione di scritti e bozzetti grafici e le serate itineranti del <strong><em>Percoto Canta in Tour<\/em><\/strong> che vedranno protagonisti i concorrenti della manifestazione in diverse location della regione. La sfida del <strong>28\u00b0 Percoto Canta<\/strong> \u00e8 aperta, per consultare le modalit\u00e0 di iscrizione, il regolamento e tutte le informazioni sulla manifestazione visitare il sito <a href=\"http:\/\/www.percotocanta.it\/\" target=\"_blank\" rel=\"noopener\">www.percotocanta.it<\/a> alla sezione \u201ciscrizione\u201d, o scrivere a <a href=\"mailto:info@percotocanta.it\">info@percotocanta.it<\/a>.\u00a0<\/p>\n","protected":false},"excerpt":{"rendered":"<p>Serata finale il 25 luglio<\/p>\n","protected":false},"author":28,"featured_media":16525,"comment_status":"closed","ping_status":"closed","sticky":false,"template":"","format":"standard","meta":{"dwc-title":[],"dwc-content":[],"footnotes":""},"categories":[37],"tags":[],"class_list":["post-16524","post","type-post","status-publish","format-standard","has-post-thumbnail","hentry","category-cultura-e-spettacolo"],"rttpg_featured_image_url":{"full":["https:\/\/imagazine.it\/wp-content\/uploads\/2024\/01\/9243-1.webp",600,400,false],"landscape":["https:\/\/imagazine.it\/wp-content\/uploads\/2024\/01\/9243-1.webp",600,400,false],"portraits":["https:\/\/imagazine.it\/wp-content\/uploads\/2024\/01\/9243-1.webp",600,400,false],"thumbnail":["https:\/\/imagazine.it\/wp-content\/uploads\/2024\/01\/9243-1-150x150.webp",150,150,true],"medium":["https:\/\/imagazine.it\/wp-content\/uploads\/2024\/01\/9243-1-300x200.webp",300,200,true],"large":["https:\/\/imagazine.it\/wp-content\/uploads\/2024\/01\/9243-1.webp",600,400,false],"thumblist":["https:\/\/imagazine.it\/wp-content\/uploads\/2024\/01\/9243-1.webp",300,200,false],"thumbrelated":["https:\/\/imagazine.it\/wp-content\/uploads\/2024\/01\/9243-1.webp",500,333,false],"meccarouselthumb":["https:\/\/imagazine.it\/wp-content\/uploads\/2024\/01\/9243-1.webp",474,316,false],"gridsquare":["https:\/\/imagazine.it\/wp-content\/uploads\/2024\/01\/9243-1.webp",391,260,false],"tileview":["https:\/\/imagazine.it\/wp-content\/uploads\/2024\/01\/9243-1.webp",300,200,false],"1536x1536":["https:\/\/imagazine.it\/wp-content\/uploads\/2024\/01\/9243-1.webp",600,400,false],"2048x2048":["https:\/\/imagazine.it\/wp-content\/uploads\/2024\/01\/9243-1.webp",600,400,false],"newsup-slider-full":["https:\/\/imagazine.it\/wp-content\/uploads\/2024\/01\/9243-1.webp",600,400,false],"newsup-featured":["https:\/\/imagazine.it\/wp-content\/uploads\/2024\/01\/9243-1.webp",600,400,false],"newsup-medium":["https:\/\/imagazine.it\/wp-content\/uploads\/2024\/01\/9243-1-600x380.webp",600,380,true],"tptn_thumbnail":["https:\/\/imagazine.it\/wp-content\/uploads\/2024\/01\/9243-1.webp",250,167,false],"sow-carousel-default":["https:\/\/imagazine.it\/wp-content\/uploads\/2024\/01\/9243-1-272x182.webp",272,182,true]},"rttpg_author":{"display_name":"redazione","author_link":"https:\/\/imagazine.it\/home_desk\/author\/redazione\/"},"rttpg_comment":0,"rttpg_category":"<a href=\"https:\/\/imagazine.it\/home_desk\/category\/cultura-e-spettacolo\/\" rel=\"category tag\">CULTURA&amp;SPETTACOLO<\/a>","rttpg_excerpt":"Serata finale il 25 luglio","_links":{"self":[{"href":"https:\/\/imagazine.it\/home_desk\/wp-json\/wp\/v2\/posts\/16524","targetHints":{"allow":["GET"]}}],"collection":[{"href":"https:\/\/imagazine.it\/home_desk\/wp-json\/wp\/v2\/posts"}],"about":[{"href":"https:\/\/imagazine.it\/home_desk\/wp-json\/wp\/v2\/types\/post"}],"author":[{"embeddable":true,"href":"https:\/\/imagazine.it\/home_desk\/wp-json\/wp\/v2\/users\/28"}],"replies":[{"embeddable":true,"href":"https:\/\/imagazine.it\/home_desk\/wp-json\/wp\/v2\/comments?post=16524"}],"version-history":[{"count":0,"href":"https:\/\/imagazine.it\/home_desk\/wp-json\/wp\/v2\/posts\/16524\/revisions"}],"wp:featuredmedia":[{"embeddable":true,"href":"https:\/\/imagazine.it\/home_desk\/wp-json\/wp\/v2\/media\/16525"}],"wp:attachment":[{"href":"https:\/\/imagazine.it\/home_desk\/wp-json\/wp\/v2\/media?parent=16524"}],"wp:term":[{"taxonomy":"category","embeddable":true,"href":"https:\/\/imagazine.it\/home_desk\/wp-json\/wp\/v2\/categories?post=16524"},{"taxonomy":"post_tag","embeddable":true,"href":"https:\/\/imagazine.it\/home_desk\/wp-json\/wp\/v2\/tags?post=16524"}],"curies":[{"name":"wp","href":"https:\/\/api.w.org\/{rel}","templated":true}]}}