{"id":16510,"date":"2015-03-09T00:00:00","date_gmt":"2015-03-08T23:00:00","guid":{"rendered":"https:\/\/imagazine.it\/?p=16510"},"modified":"2015-03-09T00:00:00","modified_gmt":"2015-03-08T23:00:00","slug":"gorizia-cercasi-associazione-per-orto-urbano","status":"publish","type":"post","link":"https:\/\/imagazine.it\/home_desk\/gorizia-cercasi-associazione-per-orto-urbano\/","title":{"rendered":"Gorizia, cercasi associazione per orto urbano"},"content":{"rendered":"<p style=\"text-align: justify;\"> \tUn bando per la concessione in comodato gratuito di un\u2019area da destinare a orto urbano. Lo ha pubblicato nei giorni scorsi la Provincia di Gorizia, proprietaria in via Vittorio Veneto di un\u2019area incolta attualmente non soggetta ad alcuna destinazione specifica. Area che, comunque, \u00e8 stata sottoposta a specifica analisi del suolo, risultando compatibile con l\u2019uso di verde pubblico, privato e residenziale. Destinatarie del bando sono le associazioni riconosciute, non riconosciute e Onlus (previste dal Codice Civile), che intendano trasformare il terreno in orto urbano con finalit\u00e0 sociali, ricreative, culturali e non economiche. Il comodato durer\u00e0 cinque anni e potr\u00e0 essere rinnovato.<\/p>\n<p style=\"text-align: justify;\"> \tLe domande dovranno pervenire entro le 12 del prossimo 2 aprile, con raccomandata postale oppure mediante consegna a mano all\u2019Ufficio Protocollo della Provincia di Gorizia. La valutazione terr\u00e0 conto del progetto di allestimento, predisposizione e di eventuali migliorie dell\u2019area, ma anche della tipologia di soggetti che avranno accesso all\u2019area. Si valuteranno, inoltre, i metodi di coltivazione, con riferimento all\u2019uso o meno di metodi biologici o convenzionali.<\/p>\n<p style=\"text-align: justify;\"> \tIl bando completo \u00e8 consultabile nella sezione Bandi del sito della Provincia di Gorizia:\u00a0<a href=\"http:\/\/www.provincia.gorizia.it\/\" target=\"_blank\" rel=\"noopener\">www.provincia.gorizia.it<\/a><\/p>\n","protected":false},"excerpt":{"rendered":"<p>Terreno messo a disposizione dalla Provincia<\/p>\n","protected":false},"author":28,"featured_media":0,"comment_status":"closed","ping_status":"closed","sticky":false,"template":"","format":"standard","meta":{"dwc-title":[],"dwc-content":[],"footnotes":""},"categories":[5],"tags":[],"class_list":["post-16510","post","type-post","status-publish","format-standard","hentry","category-attualita"],"rttpg_featured_image_url":null,"rttpg_author":{"display_name":"redazione","author_link":"https:\/\/imagazine.it\/home_desk\/author\/redazione\/"},"rttpg_comment":0,"rttpg_category":"<a href=\"https:\/\/imagazine.it\/home_desk\/category\/attualita\/\" rel=\"category tag\">ATTUALIT\u00c0<\/a>","rttpg_excerpt":"Terreno messo a disposizione dalla Provincia","_links":{"self":[{"href":"https:\/\/imagazine.it\/home_desk\/wp-json\/wp\/v2\/posts\/16510","targetHints":{"allow":["GET"]}}],"collection":[{"href":"https:\/\/imagazine.it\/home_desk\/wp-json\/wp\/v2\/posts"}],"about":[{"href":"https:\/\/imagazine.it\/home_desk\/wp-json\/wp\/v2\/types\/post"}],"author":[{"embeddable":true,"href":"https:\/\/imagazine.it\/home_desk\/wp-json\/wp\/v2\/users\/28"}],"replies":[{"embeddable":true,"href":"https:\/\/imagazine.it\/home_desk\/wp-json\/wp\/v2\/comments?post=16510"}],"version-history":[{"count":0,"href":"https:\/\/imagazine.it\/home_desk\/wp-json\/wp\/v2\/posts\/16510\/revisions"}],"wp:attachment":[{"href":"https:\/\/imagazine.it\/home_desk\/wp-json\/wp\/v2\/media?parent=16510"}],"wp:term":[{"taxonomy":"category","embeddable":true,"href":"https:\/\/imagazine.it\/home_desk\/wp-json\/wp\/v2\/categories?post=16510"},{"taxonomy":"post_tag","embeddable":true,"href":"https:\/\/imagazine.it\/home_desk\/wp-json\/wp\/v2\/tags?post=16510"}],"curies":[{"name":"wp","href":"https:\/\/api.w.org\/{rel}","templated":true}]}}