{"id":16504,"date":"2015-03-06T00:00:00","date_gmt":"2015-03-05T23:00:00","guid":{"rendered":"https:\/\/imagazine.it\/?p=16504"},"modified":"2015-03-06T00:00:00","modified_gmt":"2015-03-05T23:00:00","slug":"le-eccellenze-del-goriziano-in-mostra-nelle-marche","status":"publish","type":"post","link":"https:\/\/imagazine.it\/home_desk\/le-eccellenze-del-goriziano-in-mostra-nelle-marche\/","title":{"rendered":"Le eccellenze del Goriziano in mostra nelle Marche"},"content":{"rendered":"<p style=\"text-align: justify;\" class=\"ui-droppable\"> \t\u201c\u00c8 importante farci conoscere fuori al di fuori del nostro territorio provinciale e regionale. Gorizia, il Carso, il Collio, la laguna di Grado devono diventare mete turistiche a livello nazionale. Perch\u00e9 ci\u00f2 avvenga dobbiamo promuoverci anche in contesti come <em>Tipicit\u00e0<\/em>, la fiera del prodotto alimentare e artigianale made in Marche della Provincia di Fermo\u201d.<\/p>\n<p style=\"text-align: justify;\" class=\"ui-droppable\"> \tCon queste parole l\u2019assessore all\u2019agricoltura e turismo della Provincia di Gorizia, <strong>Mara \u010cernic<\/strong>, conferma la partecipazione per il terzo anno consecutivo della Provincia, in collaborazione con l\u2019ERSA, a <em>Tipicit\u00e0<\/em>. Evento nel quale la Provincia presenter\u00e0 alcune iniziative di promozione dei prodotti tipici del Carso, del Collio e della Laguna abbinandole alla drammatica ricorrenza del centenario dell\u2019entrata in guerra dell\u2019Italia.<\/p>\n<p style=\"text-align: justify;\" class=\"ui-droppable\"> \t<strong>Sabato 7 marzo<\/strong>, giorno di apertura della Fiera, alle 18.30, la vicepresidente <strong>Mara \u010cernic<\/strong>\u00a0presenter\u00e0 la mostra\u00a0<strong>Terra e Guerra<\/strong>\u00a0gi\u00e0 realizzata in occasione della manifestazione <em>\u00e8Storia 2014<\/em>, con l&#8217;obiettivo di far conoscere le attivit\u00e0, le difficolt\u00e0 e le privazioni del mondo agricolo nei territori di confine del governo austriaco e italiano, prima, durante e dopo la Grande Guerra. A seguire presentazione e degustazione della Ribolla gialla di Oslavia, in collaborazione con l\u2019omonima associazione.<\/p>\n<p style=\"text-align: justify;\" class=\"ui-droppable\"> \tNel pomeriggio di\u00a0<strong>domenica 8 marzo <\/strong>la stessa <strong>\u010cernic<\/strong>\u00a0dar\u00e0 il via ai lavori di una\u00a0tavola rotonda\u00a0su cibo, nutrizione, agricoltura e territorio. Il dibattito sar\u00e0 animato da <strong>Marco Cuzzi<\/strong>, professore di storia contemporanea dell\u2019Universit\u00e0\u00a0\u00a0degli Studi di Milano,\u00a0<strong>Alessandro Marzo Magno<\/strong>, giornalista<strong>, Pietro Spirito<\/strong>, scrittore e giornalista, e\u00a0<strong>Stefania Troiano<\/strong>, ricercatrice dell&#8217;Universit\u00e0 di Udine. L\u2019evento, realizzato grazie al supporto dell\u2019Associazione \u00e8Storia di Gorizia, intende focalizzare il ruolo dell\u2019agricoltura nell\u2019ultimo secolo, alla vigilia della scoppio della Grande Guerra e oggi, quando il pianeta \u00e8 chiamato a sfamare pi\u00f9 di 7 miliardi di individui, conciliando le emergenze ambientali e le risorse naturali. Al termine, degustazione di vini e prodotti tipici transfrontalieri\u00a0italiani e sloveni: vini macerati e vini naturali del Carso-Kras e del Collio goriziano. L\u2019evento \u00e8 finanziato con fondi comunitari del Programma di cooperazione Italia Slovenia 2007-13, nell\u2019ambito del progetto SOLUM.<\/p>\n<p style=\"text-align: justify;\" class=\"ui-droppable\"> \tSempre grazie a finanziamenti comunitari verr\u00e0 presentato anche uno\u00a0<em>showcooking<\/em>\u00a0con i prodotti tipici locali del Carso, a cui interverr\u00e0 il cuoco della Locanda Devetak di San Martino del Carso. La stessa locanda animer\u00e0 anche una serata dedicata ai giornalisti e buyer turistici, a cui parteciperanno i territori italiani aderenti alla rete di \u201cPiccole Italie\u201d, che ha come finalit\u00e0 la promozione delle eccellenze locali dei singoli territori d\u2019Italia.<\/p>\n","protected":false},"excerpt":{"rendered":"<p>Alla fiera &#8220;Tipicit\u00e0&#8221;<\/p>\n","protected":false},"author":28,"featured_media":16505,"comment_status":"closed","ping_status":"closed","sticky":false,"template":"","format":"standard","meta":{"dwc-title":[],"dwc-content":[],"footnotes":""},"categories":[8],"tags":[],"class_list":["post-16504","post","type-post","status-publish","format-standard","has-post-thumbnail","hentry","category-turismo"],"rttpg_featured_image_url":{"full":["https:\/\/imagazine.it\/wp-content\/uploads\/2024\/01\/9192-1.webp",559,317,false],"landscape":["https:\/\/imagazine.it\/wp-content\/uploads\/2024\/01\/9192-1.webp",559,317,false],"portraits":["https:\/\/imagazine.it\/wp-content\/uploads\/2024\/01\/9192-1.webp",559,317,false],"thumbnail":["https:\/\/imagazine.it\/wp-content\/uploads\/2024\/01\/9192-1-150x150.webp",150,150,true],"medium":["https:\/\/imagazine.it\/wp-content\/uploads\/2024\/01\/9192-1-300x170.webp",300,170,true],"large":["https:\/\/imagazine.it\/wp-content\/uploads\/2024\/01\/9192-1.webp",559,317,false],"thumblist":["https:\/\/imagazine.it\/wp-content\/uploads\/2024\/01\/9192-1.webp",300,170,false],"thumbrelated":["https:\/\/imagazine.it\/wp-content\/uploads\/2024\/01\/9192-1.webp",500,284,false],"meccarouselthumb":["https:\/\/imagazine.it\/wp-content\/uploads\/2024\/01\/9192-1.webp",474,269,false],"gridsquare":["https:\/\/imagazine.it\/wp-content\/uploads\/2024\/01\/9192-1.webp",391,222,false],"tileview":["https:\/\/imagazine.it\/wp-content\/uploads\/2024\/01\/9192-1.webp",300,170,false],"1536x1536":["https:\/\/imagazine.it\/wp-content\/uploads\/2024\/01\/9192-1.webp",559,317,false],"2048x2048":["https:\/\/imagazine.it\/wp-content\/uploads\/2024\/01\/9192-1.webp",559,317,false],"newsup-slider-full":["https:\/\/imagazine.it\/wp-content\/uploads\/2024\/01\/9192-1.webp",559,317,false],"newsup-featured":["https:\/\/imagazine.it\/wp-content\/uploads\/2024\/01\/9192-1.webp",559,317,false],"newsup-medium":["https:\/\/imagazine.it\/wp-content\/uploads\/2024\/01\/9192-1.webp",559,317,false],"tptn_thumbnail":["https:\/\/imagazine.it\/wp-content\/uploads\/2024\/01\/9192-1.webp",250,142,false],"sow-carousel-default":["https:\/\/imagazine.it\/wp-content\/uploads\/2024\/01\/9192-1-272x182.webp",272,182,true]},"rttpg_author":{"display_name":"redazione","author_link":"https:\/\/imagazine.it\/home_desk\/author\/redazione\/"},"rttpg_comment":0,"rttpg_category":"<a href=\"https:\/\/imagazine.it\/home_desk\/category\/turismo\/\" rel=\"category tag\">TURISMO<\/a>","rttpg_excerpt":"Alla fiera \"Tipicit\u00e0\"","_links":{"self":[{"href":"https:\/\/imagazine.it\/home_desk\/wp-json\/wp\/v2\/posts\/16504","targetHints":{"allow":["GET"]}}],"collection":[{"href":"https:\/\/imagazine.it\/home_desk\/wp-json\/wp\/v2\/posts"}],"about":[{"href":"https:\/\/imagazine.it\/home_desk\/wp-json\/wp\/v2\/types\/post"}],"author":[{"embeddable":true,"href":"https:\/\/imagazine.it\/home_desk\/wp-json\/wp\/v2\/users\/28"}],"replies":[{"embeddable":true,"href":"https:\/\/imagazine.it\/home_desk\/wp-json\/wp\/v2\/comments?post=16504"}],"version-history":[{"count":0,"href":"https:\/\/imagazine.it\/home_desk\/wp-json\/wp\/v2\/posts\/16504\/revisions"}],"wp:featuredmedia":[{"embeddable":true,"href":"https:\/\/imagazine.it\/home_desk\/wp-json\/wp\/v2\/media\/16505"}],"wp:attachment":[{"href":"https:\/\/imagazine.it\/home_desk\/wp-json\/wp\/v2\/media?parent=16504"}],"wp:term":[{"taxonomy":"category","embeddable":true,"href":"https:\/\/imagazine.it\/home_desk\/wp-json\/wp\/v2\/categories?post=16504"},{"taxonomy":"post_tag","embeddable":true,"href":"https:\/\/imagazine.it\/home_desk\/wp-json\/wp\/v2\/tags?post=16504"}],"curies":[{"name":"wp","href":"https:\/\/api.w.org\/{rel}","templated":true}]}}