{"id":16502,"date":"2015-03-06T00:00:00","date_gmt":"2015-03-05T23:00:00","guid":{"rendered":"https:\/\/imagazine.it\/?p=16502"},"modified":"2015-03-06T00:00:00","modified_gmt":"2015-03-05T23:00:00","slug":"compleanno-speciale-per-francesco-de-gregori","status":"publish","type":"post","link":"https:\/\/imagazine.it\/home_desk\/compleanno-speciale-per-francesco-de-gregori\/","title":{"rendered":"Compleanno speciale per Francesco De Gregori"},"content":{"rendered":"<p style=\"text-align: justify;\" class=\"ui-droppable\"> \tAlla vigilia del \u201c<strong>Vivavoce Tour<\/strong>\u201d, nuovo progetto live nel quale reinterpreter\u00e0 tutti i suoi pi\u00f9 grandi successi,\u00a0<strong>Francesco De Gregori<\/strong>\u00a0annuncia grandi novit\u00e0. Il principe sar\u00e0 protagonista di uno storico appuntamento: il prossimo 22 settembre si esibir\u00e0 all\u2019Arena di Verona nello spettacolo \u201c<strong>Rimmel2015<\/strong>\u201d, un unico e imperdibile concerto-evento in cui, per la prima volta, il cantautore suoner\u00e0 integralmente il suo disco pi\u00f9 amato, \u201cRimmel\u201d appunto, a 40 anni esatti dalla sua uscita.<\/p>\n<p style=\"text-align: justify;\" class=\"ui-droppable\"> \tTra i tanti e importanti ospiti gi\u00e0 confermati, oltre a\u00a0<strong>Malika Ayane<\/strong>,\u00a0<strong>Caparezza<\/strong>\u00a0e\u00a0<strong>Elisa<\/strong>, anche\u00a0<strong>Fedez<\/strong>, atteso in regione venerd\u00ec 10 luglio per\u00a0<strong>\u201cLive in Trieste\u201d<\/strong>. Una serata storica che coroner\u00e0 un 2015 denso di live per De Gregori. Partir\u00e0 infatti ufficialmente il 20 marzo dalla sua Roma il \u201c<strong>VIVAVOCE Tour<\/strong>\u201d, la cui unica tappa in FVG sar\u00e0\u00a0<a href=\"http:\/\/www.imagazine.it\/event_periods\/4420\" target=\"_blank\" rel=\"noopener\"><strong>venerd\u00ec 27 marzo\u00a0<\/strong>al<strong>\u00a0Palasport Forum\u00a0<\/strong>di<strong>\u00a0Pordenone<\/strong><\/a>.<\/p>\n<p style=\"text-align: justify;\" class=\"ui-droppable\"> \tAd accompagnarlo\u00a0sul palco, un super gruppo di 10 musicisti composto da\u00a0<strong>Guido Guglielminetti<\/strong>\u00a0(basso e contrabbasso),\u00a0<strong>Paolo Giovenchi<\/strong>(chitarre),\u00a0<strong>Lucio Bardi<\/strong>\u00a0(chitarre),\u00a0<strong>Alessandro Valle<\/strong>\u00a0(pedal steel guitar e mandolino),\u00a0<strong>Alessandro Arianti<\/strong>\u00a0(hammond e piano),\u00a0<strong>Stefano Parenti<\/strong>\u00a0(batteria),\u00a0<strong>Elena Cirillo<\/strong>\u00a0(violino e cori),\u00a0<strong>Giorgio Tebaldi<\/strong>\u00a0(trombone),\u00a0<strong>Giancarlo Romani<\/strong>\u00a0(tromba) e\u00a0<strong>Stefano Ribeca<\/strong>\u00a0(sax). De Gregori presenter\u00e0 dal vivo l\u2019album \u201c<strong>Vivavoce<\/strong>\u201d, uscito a met\u00e0 novembre, entrato direttamente nella top 5 dei pi\u00f9 venduti e ora certificato disco di platino per le oltre\u00a0<strong>50 mila copie<\/strong>\u00a0vendute. L\u2019artista rivisita con arrangiamenti inediti 28 tra i brani del suo repertorio, canzoni divenute vere e proprie colonne sonore della storia della musica italiana. Prodotto da Guido Guglielminetti, \u201cVivavoce\u201d contiene anche \u201c<strong>Il futuro<\/strong>\u201d, cover del brano \u201cThe future\u201d di Leonard Cohen, che l\u2019artista ha riadattato in italiano e proposto spesso live nei suoi concerti, ora per la prima volta in una versione registrata in studio. Nel doppio album anche una versione de \u201c<strong>La ragazza e la miniera<\/strong>\u201d, arrangiata e realizzata da Ambrogio Sparagna con l\u2019Orchestra Popolare Italiana. Dopo \u201c<strong>Alice<\/strong>\u201d (cantato in duetto con Ligabue), \u201c<strong>La Donna Cannone<\/strong>\u201d e \u201c<strong>Generale<\/strong>\u201d, \u00e8 ora in rotazione radiofonica \u201c<strong>La Leva Calcistica della Classe \u201868<\/strong>\u201d, quarto singolo estratto da \u201c<strong>Vivavoce<\/strong>\u201d.<\/p>\n","protected":false},"excerpt":{"rendered":"<p>Il 27 marzo concerto a Pordenone<\/p>\n","protected":false},"author":28,"featured_media":16503,"comment_status":"closed","ping_status":"closed","sticky":false,"template":"","format":"standard","meta":{"dwc-title":[],"dwc-content":[],"footnotes":""},"categories":[37],"tags":[],"class_list":["post-16502","post","type-post","status-publish","format-standard","has-post-thumbnail","hentry","category-cultura-e-spettacolo"],"rttpg_featured_image_url":{"full":["https:\/\/imagazine.it\/wp-content\/uploads\/2024\/01\/9190-1.webp",600,903,false],"landscape":["https:\/\/imagazine.it\/wp-content\/uploads\/2024\/01\/9190-1.webp",600,903,false],"portraits":["https:\/\/imagazine.it\/wp-content\/uploads\/2024\/01\/9190-1.webp",600,903,false],"thumbnail":["https:\/\/imagazine.it\/wp-content\/uploads\/2024\/01\/9190-1-150x150.webp",150,150,true],"medium":["https:\/\/imagazine.it\/wp-content\/uploads\/2024\/01\/9190-1-199x300.webp",199,300,true],"large":["https:\/\/imagazine.it\/wp-content\/uploads\/2024\/01\/9190-1.webp",600,903,false],"thumblist":["https:\/\/imagazine.it\/wp-content\/uploads\/2024\/01\/9190-1.webp",199,300,false],"thumbrelated":["https:\/\/imagazine.it\/wp-content\/uploads\/2024\/01\/9190-1.webp",332,500,false],"meccarouselthumb":["https:\/\/imagazine.it\/wp-content\/uploads\/2024\/01\/9190-1.webp",215,324,false],"gridsquare":["https:\/\/imagazine.it\/wp-content\/uploads\/2024\/01\/9190-1.webp",173,260,false],"tileview":["https:\/\/imagazine.it\/wp-content\/uploads\/2024\/01\/9190-1.webp",266,400,false],"1536x1536":["https:\/\/imagazine.it\/wp-content\/uploads\/2024\/01\/9190-1.webp",600,903,false],"2048x2048":["https:\/\/imagazine.it\/wp-content\/uploads\/2024\/01\/9190-1.webp",600,903,false],"newsup-slider-full":["https:\/\/imagazine.it\/wp-content\/uploads\/2024\/01\/9190-1-600x720.webp",600,720,true],"newsup-featured":["https:\/\/imagazine.it\/wp-content\/uploads\/2024\/01\/9190-1.webp",600,903,false],"newsup-medium":["https:\/\/imagazine.it\/wp-content\/uploads\/2024\/01\/9190-1-600x380.webp",600,380,true],"tptn_thumbnail":["https:\/\/imagazine.it\/wp-content\/uploads\/2024\/01\/9190-1.webp",140,210,false],"sow-carousel-default":["https:\/\/imagazine.it\/wp-content\/uploads\/2024\/01\/9190-1-272x182.webp",272,182,true]},"rttpg_author":{"display_name":"redazione","author_link":"https:\/\/imagazine.it\/home_desk\/author\/redazione\/"},"rttpg_comment":0,"rttpg_category":"<a href=\"https:\/\/imagazine.it\/home_desk\/category\/cultura-e-spettacolo\/\" rel=\"category tag\">CULTURA&amp;SPETTACOLO<\/a>","rttpg_excerpt":"Il 27 marzo concerto a Pordenone","_links":{"self":[{"href":"https:\/\/imagazine.it\/home_desk\/wp-json\/wp\/v2\/posts\/16502","targetHints":{"allow":["GET"]}}],"collection":[{"href":"https:\/\/imagazine.it\/home_desk\/wp-json\/wp\/v2\/posts"}],"about":[{"href":"https:\/\/imagazine.it\/home_desk\/wp-json\/wp\/v2\/types\/post"}],"author":[{"embeddable":true,"href":"https:\/\/imagazine.it\/home_desk\/wp-json\/wp\/v2\/users\/28"}],"replies":[{"embeddable":true,"href":"https:\/\/imagazine.it\/home_desk\/wp-json\/wp\/v2\/comments?post=16502"}],"version-history":[{"count":0,"href":"https:\/\/imagazine.it\/home_desk\/wp-json\/wp\/v2\/posts\/16502\/revisions"}],"wp:featuredmedia":[{"embeddable":true,"href":"https:\/\/imagazine.it\/home_desk\/wp-json\/wp\/v2\/media\/16503"}],"wp:attachment":[{"href":"https:\/\/imagazine.it\/home_desk\/wp-json\/wp\/v2\/media?parent=16502"}],"wp:term":[{"taxonomy":"category","embeddable":true,"href":"https:\/\/imagazine.it\/home_desk\/wp-json\/wp\/v2\/categories?post=16502"},{"taxonomy":"post_tag","embeddable":true,"href":"https:\/\/imagazine.it\/home_desk\/wp-json\/wp\/v2\/tags?post=16502"}],"curies":[{"name":"wp","href":"https:\/\/api.w.org\/{rel}","templated":true}]}}