{"id":16489,"date":"2015-03-03T00:00:00","date_gmt":"2015-03-02T23:00:00","guid":{"rendered":"https:\/\/imagazine.it\/?p=16489"},"modified":"2015-03-03T00:00:00","modified_gmt":"2015-03-02T23:00:00","slug":"la-maratona-unesco-sara-campionato-regionale-fidal","status":"publish","type":"post","link":"https:\/\/imagazine.it\/home_desk\/la-maratona-unesco-sara-campionato-regionale-fidal\/","title":{"rendered":"La Maratona Unesco sar\u00e0 Campionato regionale Fidal"},"content":{"rendered":"<p style=\"text-align: justify;\" class=\"ui-droppable\"> \tQuarantadue chilometri per un titolo regionale. Anche quest\u2019anno l\u2019<em>Unesco<\/em> <em>Cities Marathon<\/em> sar\u00e0 valida come campionato Fidal del Friuli Venezia Giulia.<\/p>\n<p style=\"text-align: justify;\" class=\"ui-droppable\"> \tIl 29 marzo, sul percorso che collega i siti Unesco di Cividale del Friuli e Aquileia, passando per Palmanova, verranno assegnati i titoli regionali assoluti e master. Campioni in carica, <strong>Giovanni Bressan<\/strong> e <strong>Monica Zenarolla<\/strong>, primi atleti con maglia di societ\u00e0 del Friuli-Venezia Giulia a tagliare il traguardo di Aquileia nel 2014.<\/p>\n<p style=\"text-align: justify;\" class=\"ui-droppable\"> \tTitoli assoluti a parte, il campionato regionale sar\u00e0 soprattutto un motivo di richiamo in pi\u00f9 per tanti appassionati di livello amatoriale che, gi\u00e0 da tempo, hanno posto l\u2019<em>Unesco<\/em> <em>Cities Marathon<\/em> tra i propri obiettivi di stagione.<\/p>\n<p style=\"text-align: justify;\" class=\"ui-droppable\"> \tAnche per questo, il comitato organizzatore dell\u2019attesa maratona d\u2019inizio primavera ha pensato a un originale \u201cregalo\u201d per gli atleti partecipanti.\u00a0\u00a0\u00a0<\/p>\n<p style=\"text-align: justify;\" class=\"ui-droppable\"> \tGrazie alla partnership con l\u2019Azienda Provinciale Trasporti di Gorizia, il giorno della maratona funzioner\u00e0 un servizio navetta, tramite pullman, che consentir\u00e0 ai maratoneti di raggiungere Cividale del Friuli, Palmanova e Aquileia, partendo da Pordenone, Gorizia e Trieste, mentre gli atleti udinesi potranno usufruire della metropolitana di superficie FUC\u00a0 per raggiungere e per rientrare da Cividale.\u00a0<\/p>\n<p style=\"text-align: justify;\" class=\"ui-droppable\"> \tIl servizio \u2013 totalmente gratuito &#8211; sar\u00e0 aperto a tutti i partecipanti all\u2019evento: anche a quelli che il 29 marzo parteciperanno alla Iulia Augusta Run (16,595 km da Palmanova ad Aquileia), alla gara di staffetta a coppie (25,600 km da Cividale a Palmanova e 16,595 da Palmanova ad Aquileia) o alla Run for Life, la marcia a carattere ludico-motorio (5, 10 e 15 km), organizzata dall\u2019A.D.O. (Associazione Donatori Organi), in collaborazione con la Fiasp, lungo le strade di Aquileia.<\/p>\n<p style=\"text-align: justify;\" class=\"ui-droppable\"> \tIl viaggio, inoltre, non sar\u00e0 limitato ai concorrenti: sui pullman potranno salire anche i loro supporter, parenti e amici che magari approfitteranno della maratona per trascorrere una domenica all\u2019aria aperta, coniugando sport e turismo.<\/p>\n<p style=\"text-align: justify;\" class=\"ui-droppable\"> \tTratte, orari e modalit\u00e0 di prenotazione del viaggio (obbligatoria) sono gi\u00e0 disponibili nel sito <a href=\"http:\/\/www.unescocitiesmarathon.it\/\" target=\"_blank\" rel=\"noopener\">www.unescocitiesmarathon.it<\/a>.\u00a0<\/p>\n","protected":false},"excerpt":{"rendered":"<p>In palio i titoli assoluti FVG<\/p>\n","protected":false},"author":28,"featured_media":16490,"comment_status":"closed","ping_status":"closed","sticky":false,"template":"","format":"standard","meta":{"dwc-title":[],"dwc-content":[],"footnotes":""},"categories":[38],"tags":[],"class_list":["post-16489","post","type-post","status-publish","format-standard","has-post-thumbnail","hentry","category-sport"],"rttpg_featured_image_url":{"full":["https:\/\/imagazine.it\/wp-content\/uploads\/2024\/01\/9164-1.webp",494,400,false],"landscape":["https:\/\/imagazine.it\/wp-content\/uploads\/2024\/01\/9164-1.webp",494,400,false],"portraits":["https:\/\/imagazine.it\/wp-content\/uploads\/2024\/01\/9164-1.webp",494,400,false],"thumbnail":["https:\/\/imagazine.it\/wp-content\/uploads\/2024\/01\/9164-1-150x150.webp",150,150,true],"medium":["https:\/\/imagazine.it\/wp-content\/uploads\/2024\/01\/9164-1-300x243.webp",300,243,true],"large":["https:\/\/imagazine.it\/wp-content\/uploads\/2024\/01\/9164-1.webp",494,400,false],"thumblist":["https:\/\/imagazine.it\/wp-content\/uploads\/2024\/01\/9164-1.webp",300,243,false],"thumbrelated":["https:\/\/imagazine.it\/wp-content\/uploads\/2024\/01\/9164-1.webp",494,400,false],"meccarouselthumb":["https:\/\/imagazine.it\/wp-content\/uploads\/2024\/01\/9164-1.webp",400,324,false],"gridsquare":["https:\/\/imagazine.it\/wp-content\/uploads\/2024\/01\/9164-1.webp",321,260,false],"tileview":["https:\/\/imagazine.it\/wp-content\/uploads\/2024\/01\/9164-1.webp",300,243,false],"1536x1536":["https:\/\/imagazine.it\/wp-content\/uploads\/2024\/01\/9164-1.webp",494,400,false],"2048x2048":["https:\/\/imagazine.it\/wp-content\/uploads\/2024\/01\/9164-1.webp",494,400,false],"newsup-slider-full":["https:\/\/imagazine.it\/wp-content\/uploads\/2024\/01\/9164-1.webp",494,400,false],"newsup-featured":["https:\/\/imagazine.it\/wp-content\/uploads\/2024\/01\/9164-1.webp",494,400,false],"newsup-medium":["https:\/\/imagazine.it\/wp-content\/uploads\/2024\/01\/9164-1-494x380.webp",494,380,true],"tptn_thumbnail":["https:\/\/imagazine.it\/wp-content\/uploads\/2024\/01\/9164-1.webp",250,202,false],"sow-carousel-default":["https:\/\/imagazine.it\/wp-content\/uploads\/2024\/01\/9164-1-272x182.webp",272,182,true]},"rttpg_author":{"display_name":"redazione","author_link":"https:\/\/imagazine.it\/home_desk\/author\/redazione\/"},"rttpg_comment":0,"rttpg_category":"<a href=\"https:\/\/imagazine.it\/home_desk\/category\/sport\/\" rel=\"category tag\">SPORT<\/a>","rttpg_excerpt":"In palio i titoli assoluti FVG","_links":{"self":[{"href":"https:\/\/imagazine.it\/home_desk\/wp-json\/wp\/v2\/posts\/16489","targetHints":{"allow":["GET"]}}],"collection":[{"href":"https:\/\/imagazine.it\/home_desk\/wp-json\/wp\/v2\/posts"}],"about":[{"href":"https:\/\/imagazine.it\/home_desk\/wp-json\/wp\/v2\/types\/post"}],"author":[{"embeddable":true,"href":"https:\/\/imagazine.it\/home_desk\/wp-json\/wp\/v2\/users\/28"}],"replies":[{"embeddable":true,"href":"https:\/\/imagazine.it\/home_desk\/wp-json\/wp\/v2\/comments?post=16489"}],"version-history":[{"count":0,"href":"https:\/\/imagazine.it\/home_desk\/wp-json\/wp\/v2\/posts\/16489\/revisions"}],"wp:featuredmedia":[{"embeddable":true,"href":"https:\/\/imagazine.it\/home_desk\/wp-json\/wp\/v2\/media\/16490"}],"wp:attachment":[{"href":"https:\/\/imagazine.it\/home_desk\/wp-json\/wp\/v2\/media?parent=16489"}],"wp:term":[{"taxonomy":"category","embeddable":true,"href":"https:\/\/imagazine.it\/home_desk\/wp-json\/wp\/v2\/categories?post=16489"},{"taxonomy":"post_tag","embeddable":true,"href":"https:\/\/imagazine.it\/home_desk\/wp-json\/wp\/v2\/tags?post=16489"}],"curies":[{"name":"wp","href":"https:\/\/api.w.org\/{rel}","templated":true}]}}