{"id":16482,"date":"2015-03-02T00:00:00","date_gmt":"2015-03-01T23:00:00","guid":{"rendered":"https:\/\/imagazine.it\/?p=16482"},"modified":"2015-03-02T00:00:00","modified_gmt":"2015-03-01T23:00:00","slug":"a-gorizia-volti-e-parole-di-donne","status":"publish","type":"post","link":"https:\/\/imagazine.it\/home_desk\/a-gorizia-volti-e-parole-di-donne\/","title":{"rendered":"A Gorizia volti e parole di donne"},"content":{"rendered":"<p style=\"text-align: justify;\" class=\"ui-droppable\"> \t\u201cVolti e parole di donne\u201d \u00e8 il titolo del progetto culturale promosso dal 6 al 27 marzo dalla Biblioteca statale isontina di Gorizia in collaborazione con l\u2019associazione Acquamarina di Trieste e dedicato alle donne. Il fitto calendario spazia dalla fotografia ritrattistica contemporanea, a set fotografici, atelier di scrittura creativa e presentazioni di libri.<\/p>\n<p style=\"text-align: justify;\" class=\"ui-droppable\"> \tIl primo appuntamento in calendario sar\u00e0 la vernice alle 17 di venerd\u00ec 6 della mostra di rittratti di <strong>Annamaria Castellan<\/strong>, presidente dell\u2019associazione Acquamarina. Il percorso espostivo conter\u00e0 una cinquantina di scatti fine-art, in bianco e nero di grande formato. Volti di donne nella quotidianit\u00e0, senza particolari trucchi o parrucchi, di assoluto fascino nella naturalezza di sguardi e sorrisi.<\/p>\n<p style=\"text-align: justify;\" class=\"ui-droppable\"> \tLa finalit\u00e0 della mostra \u00e8 contrastare la raffigurazione stereotipata di femminilit\u00e0 proposta da media e pubblicitari, sottolineando al contrario la bellezza femminile vera nell\u2019unicit\u00e0.<\/p>\n<p style=\"text-align: justify;\" class=\"ui-droppable\"> \tLe immagini saranno accompagnate da testi. La fotografa Annamaria Castellan sar\u00e0 a disposizione delle donne per accompagnarle nella visita all\u2019esposizione e fotografarle, se lo desiderano, nei set fotografici che sarranno allestiti sabato 14 e 21 marzo dalle 10.30 alle 12.30. Le visitatrici saranno modelle e i loro volti, sguardi e sorrisi saranno esposti in una prossima mostra.<\/p>\n<p style=\"text-align: justify;\" class=\"ui-droppable\"> \tIn contemporanea <strong>Patrizia Rigoni<\/strong>, fondatrice della scuola <em>Sherpazade<\/em>, condurr\u00e0 degli atelier di scrittura creativa. In programma anche 3 incontri letterari curati dalla giornalista <strong>Marinella Chirico<\/strong> con inizio alle 17. L\u201911 marzo aprir\u00e0 il calendario <strong>Cristiana Della Zonca<\/strong> con \u201cA tempo di donna\u201d, viaggio e racconto intimo anche doloroso di ricerca di s\u00e8 raccontata dall\u2019autrice in un\u2019odissea di incontri con maestri spirituali e itnerventi di chirugia estetica. Il 18 sar\u00e0 protagonsita <strong>Edgarda Ferri<\/strong> autrice di \u201cGuanti Bianchi\u201d, storia di Francesco Ferdinando d\u2019Asburgo e di Sophie Chotek, sua sposa morganatica e della loro tragica fine a Sarajevo.<\/p>\n<p style=\"text-align: justify;\" class=\"ui-droppable\"> \tInfine il 25 Patrizia Rigoni presenter\u00e0 il suo \u201cIl tempo delle Mani\u201d, testo di memoria e presente, coinvolgente prosa poetica in cui l\u2019autrice si mette a nudo con eleganza, empatia e acutezza di visione, un faticoso ma entusiasmante processo di autoconoscenza verso la bellezza della verit\u00e0. Tutti gli appuntamenti sono a ingresso gratuito negli spazi espositivi aperti da luned\u00ec a venerd\u00ec dalle 10.30 alle 18.30, il sabato fino alle 13.30.<\/p>\n","protected":false},"excerpt":{"rendered":"<p>Dal 6 al 27 marzo alla Bsi<\/p>\n","protected":false},"author":23,"featured_media":16483,"comment_status":"closed","ping_status":"closed","sticky":false,"template":"","format":"standard","meta":{"dwc-title":[],"dwc-content":[],"footnotes":""},"categories":[37],"tags":[],"class_list":["post-16482","post","type-post","status-publish","format-standard","has-post-thumbnail","hentry","category-cultura-e-spettacolo"],"rttpg_featured_image_url":{"full":["https:\/\/imagazine.it\/wp-content\/uploads\/2024\/01\/9149-1.webp",768,768,false],"landscape":["https:\/\/imagazine.it\/wp-content\/uploads\/2024\/01\/9149-1.webp",768,768,false],"portraits":["https:\/\/imagazine.it\/wp-content\/uploads\/2024\/01\/9149-1.webp",768,768,false],"thumbnail":["https:\/\/imagazine.it\/wp-content\/uploads\/2024\/01\/9149-1-150x150.webp",150,150,true],"medium":["https:\/\/imagazine.it\/wp-content\/uploads\/2024\/01\/9149-1-300x300.webp",300,300,true],"large":["https:\/\/imagazine.it\/wp-content\/uploads\/2024\/01\/9149-1.webp",640,640,false],"thumblist":["https:\/\/imagazine.it\/wp-content\/uploads\/2024\/01\/9149-1.webp",300,300,false],"thumbrelated":["https:\/\/imagazine.it\/wp-content\/uploads\/2024\/01\/9149-1.webp",500,500,false],"meccarouselthumb":["https:\/\/imagazine.it\/wp-content\/uploads\/2024\/01\/9149-1.webp",324,324,false],"gridsquare":["https:\/\/imagazine.it\/wp-content\/uploads\/2024\/01\/9149-1.webp",260,260,false],"tileview":["https:\/\/imagazine.it\/wp-content\/uploads\/2024\/01\/9149-1.webp",300,300,false],"1536x1536":["https:\/\/imagazine.it\/wp-content\/uploads\/2024\/01\/9149-1.webp",768,768,false],"2048x2048":["https:\/\/imagazine.it\/wp-content\/uploads\/2024\/01\/9149-1.webp",768,768,false],"newsup-slider-full":["https:\/\/imagazine.it\/wp-content\/uploads\/2024\/01\/9149-1-768x720.webp",768,720,true],"newsup-featured":["https:\/\/imagazine.it\/wp-content\/uploads\/2024\/01\/9149-1.webp",768,768,false],"newsup-medium":["https:\/\/imagazine.it\/wp-content\/uploads\/2024\/01\/9149-1-720x380.webp",720,380,true],"tptn_thumbnail":["https:\/\/imagazine.it\/wp-content\/uploads\/2024\/01\/9149-1.webp",210,210,false],"sow-carousel-default":["https:\/\/imagazine.it\/wp-content\/uploads\/2024\/01\/9149-1-272x182.webp",272,182,true]},"rttpg_author":{"display_name":"Margherita Reguitti","author_link":"https:\/\/imagazine.it\/home_desk\/author\/reguitti\/"},"rttpg_comment":0,"rttpg_category":"<a href=\"https:\/\/imagazine.it\/home_desk\/category\/cultura-e-spettacolo\/\" rel=\"category tag\">CULTURA&amp;SPETTACOLO<\/a>","rttpg_excerpt":"Dal 6 al 27 marzo alla Bsi","_links":{"self":[{"href":"https:\/\/imagazine.it\/home_desk\/wp-json\/wp\/v2\/posts\/16482","targetHints":{"allow":["GET"]}}],"collection":[{"href":"https:\/\/imagazine.it\/home_desk\/wp-json\/wp\/v2\/posts"}],"about":[{"href":"https:\/\/imagazine.it\/home_desk\/wp-json\/wp\/v2\/types\/post"}],"author":[{"embeddable":true,"href":"https:\/\/imagazine.it\/home_desk\/wp-json\/wp\/v2\/users\/23"}],"replies":[{"embeddable":true,"href":"https:\/\/imagazine.it\/home_desk\/wp-json\/wp\/v2\/comments?post=16482"}],"version-history":[{"count":0,"href":"https:\/\/imagazine.it\/home_desk\/wp-json\/wp\/v2\/posts\/16482\/revisions"}],"wp:featuredmedia":[{"embeddable":true,"href":"https:\/\/imagazine.it\/home_desk\/wp-json\/wp\/v2\/media\/16483"}],"wp:attachment":[{"href":"https:\/\/imagazine.it\/home_desk\/wp-json\/wp\/v2\/media?parent=16482"}],"wp:term":[{"taxonomy":"category","embeddable":true,"href":"https:\/\/imagazine.it\/home_desk\/wp-json\/wp\/v2\/categories?post=16482"},{"taxonomy":"post_tag","embeddable":true,"href":"https:\/\/imagazine.it\/home_desk\/wp-json\/wp\/v2\/tags?post=16482"}],"curies":[{"name":"wp","href":"https:\/\/api.w.org\/{rel}","templated":true}]}}