{"id":16476,"date":"2015-02-27T00:00:00","date_gmt":"2015-02-26T23:00:00","guid":{"rendered":"https:\/\/imagazine.it\/?p=16476"},"modified":"2015-02-27T00:00:00","modified_gmt":"2015-02-26T23:00:00","slug":"leuropa-in-guerra-gran-finale-per-la-mostra","status":"publish","type":"post","link":"https:\/\/imagazine.it\/home_desk\/leuropa-in-guerra-gran-finale-per-la-mostra\/","title":{"rendered":"&#8220;L&#8217;Europa in guerra&#8221;, gran finale per la mostra"},"content":{"rendered":"<p style=\"text-align: justify;\" class=\"ui-droppable\"> \tSi chiude domani al <strong>Magazzino delle Idee di Trieste<\/strong> (ingresso lato mare) la grande mostra \u201c<strong><em>L\u2019Europa in guerra. Tracce del secolo breve\u201d<\/em><\/strong>, curata da Piero Del Giudice.<\/p>\n<p style=\"text-align: justify;\" class=\"ui-droppable\"> \tPer la giornata conclusiva in programma anche l\u2019ultima visita guidata: alle 16 storici e critici dell\u2019arte accompagneranno nuovamente il pubblico alla scoperta delle oltre 300 opere presenti in mostra, tra tele, tempere, disegni, acqueforti di autori come <strong>Otto<\/strong> <strong>Dix, George Grosz, Kathe Kollwitz, Fernand Leger, Mario Sironi, Giacomo Balla, Giulio Aristide Sartorio, Italico Brass, Giuseppe Augusto Levis, Aldo Lugli, <\/strong>fino a <strong>Fortunato<\/strong> <strong>Depero, Giuseppe Scalarini<\/strong>, <strong>Alberto Helios Gagliardo<\/strong>. Una mostra che offre una lettura particolare e personalissima sulla Grande guerra, indagando lo <em>choc<\/em> che questa guerra determina nell\u2019arte accademica e \u201calta\u201d: al fronte, sotto il trauma della morte di massa e della guerra, i cosiddetti \u201c<strong>pittori-soldato<\/strong>\u201d cambiano radicalmente atteggiamento e pittura.<\/p>\n<p style=\"text-align: justify;\" class=\"ui-droppable\"> \tPer la chiusura di un avvenimento d\u2019arte cos\u00ec importante, accolta con crescente entusiasmo dal pubblico, cos\u00ec come grande apprezzamento \u00e8 stato espresso per il volume\u2013catalogo che ha accompagnato l\u2019esposizione da parte di un vasto bacino culturale, nazionale e internazionale, gli organizzatori invitano la citt\u00e0 ad un momento di festa e di saluto accompagnato, <strong>alle 18<\/strong>, dalle note del <strong>\u201cRiccardo Morpurgo Trio\u201d.<\/strong> <strong>Riccardo Morpurgo<\/strong> al pianoforte, <strong>Andrea Zullian<\/strong> al contrabasso e <strong>Luca Colussi<\/strong> alla batteria presenteranno un repertorio di brani originali dello stesso Morpurgo insieme ad alcuni arrangiamenti di brani standard tratti dal repertorio della tradizione del jazz d\u2019autore quali Charles Mingus e Duke Ellington. Ingresso libero.<\/p>\n","protected":false},"excerpt":{"rendered":"<p>Al Magazzino delle Idee di Trieste<\/p>\n","protected":false},"author":28,"featured_media":16477,"comment_status":"closed","ping_status":"closed","sticky":false,"template":"","format":"standard","meta":{"dwc-title":[],"dwc-content":[],"footnotes":""},"categories":[37],"tags":[],"class_list":["post-16476","post","type-post","status-publish","format-standard","has-post-thumbnail","hentry","category-cultura-e-spettacolo"],"rttpg_featured_image_url":{"full":["https:\/\/imagazine.it\/wp-content\/uploads\/2024\/01\/9129-1.webp",360,379,false],"landscape":["https:\/\/imagazine.it\/wp-content\/uploads\/2024\/01\/9129-1.webp",360,379,false],"portraits":["https:\/\/imagazine.it\/wp-content\/uploads\/2024\/01\/9129-1.webp",360,379,false],"thumbnail":["https:\/\/imagazine.it\/wp-content\/uploads\/2024\/01\/9129-1-150x150.webp",150,150,true],"medium":["https:\/\/imagazine.it\/wp-content\/uploads\/2024\/01\/9129-1-285x300.webp",285,300,true],"large":["https:\/\/imagazine.it\/wp-content\/uploads\/2024\/01\/9129-1.webp",360,379,false],"thumblist":["https:\/\/imagazine.it\/wp-content\/uploads\/2024\/01\/9129-1.webp",285,300,false],"thumbrelated":["https:\/\/imagazine.it\/wp-content\/uploads\/2024\/01\/9129-1.webp",360,379,false],"meccarouselthumb":["https:\/\/imagazine.it\/wp-content\/uploads\/2024\/01\/9129-1.webp",308,324,false],"gridsquare":["https:\/\/imagazine.it\/wp-content\/uploads\/2024\/01\/9129-1.webp",247,260,false],"tileview":["https:\/\/imagazine.it\/wp-content\/uploads\/2024\/01\/9129-1.webp",300,316,false],"1536x1536":["https:\/\/imagazine.it\/wp-content\/uploads\/2024\/01\/9129-1.webp",360,379,false],"2048x2048":["https:\/\/imagazine.it\/wp-content\/uploads\/2024\/01\/9129-1.webp",360,379,false],"newsup-slider-full":["https:\/\/imagazine.it\/wp-content\/uploads\/2024\/01\/9129-1.webp",360,379,false],"newsup-featured":["https:\/\/imagazine.it\/wp-content\/uploads\/2024\/01\/9129-1.webp",360,379,false],"newsup-medium":["https:\/\/imagazine.it\/wp-content\/uploads\/2024\/01\/9129-1.webp",360,379,false],"tptn_thumbnail":["https:\/\/imagazine.it\/wp-content\/uploads\/2024\/01\/9129-1.webp",199,210,false],"sow-carousel-default":["https:\/\/imagazine.it\/wp-content\/uploads\/2024\/01\/9129-1-272x182.webp",272,182,true]},"rttpg_author":{"display_name":"redazione","author_link":"https:\/\/imagazine.it\/home_desk\/author\/redazione\/"},"rttpg_comment":0,"rttpg_category":"<a href=\"https:\/\/imagazine.it\/home_desk\/category\/cultura-e-spettacolo\/\" rel=\"category tag\">CULTURA&amp;SPETTACOLO<\/a>","rttpg_excerpt":"Al Magazzino delle Idee di Trieste","_links":{"self":[{"href":"https:\/\/imagazine.it\/home_desk\/wp-json\/wp\/v2\/posts\/16476","targetHints":{"allow":["GET"]}}],"collection":[{"href":"https:\/\/imagazine.it\/home_desk\/wp-json\/wp\/v2\/posts"}],"about":[{"href":"https:\/\/imagazine.it\/home_desk\/wp-json\/wp\/v2\/types\/post"}],"author":[{"embeddable":true,"href":"https:\/\/imagazine.it\/home_desk\/wp-json\/wp\/v2\/users\/28"}],"replies":[{"embeddable":true,"href":"https:\/\/imagazine.it\/home_desk\/wp-json\/wp\/v2\/comments?post=16476"}],"version-history":[{"count":0,"href":"https:\/\/imagazine.it\/home_desk\/wp-json\/wp\/v2\/posts\/16476\/revisions"}],"wp:featuredmedia":[{"embeddable":true,"href":"https:\/\/imagazine.it\/home_desk\/wp-json\/wp\/v2\/media\/16477"}],"wp:attachment":[{"href":"https:\/\/imagazine.it\/home_desk\/wp-json\/wp\/v2\/media?parent=16476"}],"wp:term":[{"taxonomy":"category","embeddable":true,"href":"https:\/\/imagazine.it\/home_desk\/wp-json\/wp\/v2\/categories?post=16476"},{"taxonomy":"post_tag","embeddable":true,"href":"https:\/\/imagazine.it\/home_desk\/wp-json\/wp\/v2\/tags?post=16476"}],"curies":[{"name":"wp","href":"https:\/\/api.w.org\/{rel}","templated":true}]}}