{"id":16454,"date":"2015-02-25T00:00:00","date_gmt":"2015-02-24T23:00:00","guid":{"rendered":"https:\/\/imagazine.it\/?p=16454"},"modified":"2015-02-25T00:00:00","modified_gmt":"2015-02-24T23:00:00","slug":"a-cividale-una-targa-per-il-romeo-di-shakespeare","status":"publish","type":"post","link":"https:\/\/imagazine.it\/home_desk\/a-cividale-una-targa-per-il-romeo-di-shakespeare\/","title":{"rendered":"A Cividale una targa per il Romeo di Shakespeare"},"content":{"rendered":"<p style=\"text-align: justify;\" class=\"ui-droppable\"> \tSempre pi\u00f9 richiesta come sede per celebrare matrimoni, toccata dal fenomeno dei lucchetti dell\u2019amore, Cividale adesso avr\u00e0 anche una targa evocativa della storia d\u2019amore fra quei Luigi da Porto e Lucina Savorgnan che ispirarono l\u2019opera \u201cGiulietta e Romeo\u201d di Shakespeare.<\/p>\n<p style=\"text-align: justify;\" class=\"ui-droppable\"> \tL\u2019<em>Associazione Giulietta e Romeo in Friuli<\/em> di Udine e l\u2019Amministrazione Comunale di Cividale del Friuli hanno concordato, infatti, di ricordare adeguatamente il soggiorno in citt\u00e0 di Luigi da Porto, capitano veneto che rimase nella citt\u00e0 ducale dal marzo 1510 al marzo 1511. Gravemente ferito in battaglia nei pressi di Manzano nel giugno del 1511 e ritiratosi a Montorso Vicentino, cominci\u00f2 a scrivere la novella \u201cGiulietta\u201d, dedicandola alla \u201cbellissima e leggiadra Madonna Lucina Savorgnana\u201d, sua lontana cugina.\u00a0 Dagli approfondimenti condotti da eminenti studiosi, \u00a0la novella (dopo essere stata riscritta e tradotta da altri autori anche stranieri) fu fonte di ispirazione per William Shakespeare nel 1591 per la\u00a0 sua leggendaria tragedia \u201cRomeo e Giulietta\u201d.<\/p>\n<p style=\"text-align: justify;\" class=\"ui-droppable\"> \t\u201cPresso il Belvedere \u2013 spiega il sindaco Stefano Balloch \u2013 sar\u00e0 collocato un pannello riportante le parole del Da Porto che descrive il Natisone\u00a0 come un bellissimo fiume dalle acque di una limpidezza mai vista prima con un ponte di due archi di mirabile architettura. Ringrazio il dottor Albino Comelli dell\u2019<em>Associazione<\/em> <em>Giulietta e Romeo<\/em> <em>in Friuli<\/em> che, con la sua attivit\u00e0 di sensibilizzazione, continua ad approfondire le vicende di Lucina Savorgnan e Luigi da Porto con l\u2019obiettivo\u00a0 di divulgare dette ricerche e di valorizzarle anche in chiave turistica\u201d.<\/p>\n<p style=\"text-align: justify;\" class=\"ui-droppable\"> \tIl pannello esplicativo sar\u00e0 collocato al Belvedere vicino a una panchina e a una fioriera, e sar\u00e0 realizzato anche in friulano, inglese e tedesco. Cividale entrer\u00e0 quindi a far parte del percorso turistico-culturale che gi\u00e0 lega Verona ad alcune localit\u00e0 della regione toccate dalla storia dei \u201cGiulietta e Romeo friulani\u201d.<\/p>\n","protected":false},"excerpt":{"rendered":"<p>Sar\u00e0 posta sul Belvedere<\/p>\n","protected":false},"author":28,"featured_media":16455,"comment_status":"closed","ping_status":"closed","sticky":false,"template":"","format":"standard","meta":{"dwc-title":[],"dwc-content":[],"footnotes":""},"categories":[37],"tags":[],"class_list":["post-16454","post","type-post","status-publish","format-standard","has-post-thumbnail","hentry","category-cultura-e-spettacolo"],"rttpg_featured_image_url":{"full":["https:\/\/imagazine.it\/wp-content\/uploads\/2024\/01\/9082-1.webp",800,533,false],"landscape":["https:\/\/imagazine.it\/wp-content\/uploads\/2024\/01\/9082-1.webp",800,533,false],"portraits":["https:\/\/imagazine.it\/wp-content\/uploads\/2024\/01\/9082-1.webp",800,533,false],"thumbnail":["https:\/\/imagazine.it\/wp-content\/uploads\/2024\/01\/9082-1-150x150.webp",150,150,true],"medium":["https:\/\/imagazine.it\/wp-content\/uploads\/2024\/01\/9082-1-300x200.webp",300,200,true],"large":["https:\/\/imagazine.it\/wp-content\/uploads\/2024\/01\/9082-1.webp",640,426,false],"thumblist":["https:\/\/imagazine.it\/wp-content\/uploads\/2024\/01\/9082-1.webp",300,200,false],"thumbrelated":["https:\/\/imagazine.it\/wp-content\/uploads\/2024\/01\/9082-1.webp",500,333,false],"meccarouselthumb":["https:\/\/imagazine.it\/wp-content\/uploads\/2024\/01\/9082-1.webp",474,316,false],"gridsquare":["https:\/\/imagazine.it\/wp-content\/uploads\/2024\/01\/9082-1.webp",391,260,false],"tileview":["https:\/\/imagazine.it\/wp-content\/uploads\/2024\/01\/9082-1.webp",300,200,false],"1536x1536":["https:\/\/imagazine.it\/wp-content\/uploads\/2024\/01\/9082-1.webp",800,533,false],"2048x2048":["https:\/\/imagazine.it\/wp-content\/uploads\/2024\/01\/9082-1.webp",800,533,false],"newsup-slider-full":["https:\/\/imagazine.it\/wp-content\/uploads\/2024\/01\/9082-1.webp",800,533,false],"newsup-featured":["https:\/\/imagazine.it\/wp-content\/uploads\/2024\/01\/9082-1.webp",800,533,false],"newsup-medium":["https:\/\/imagazine.it\/wp-content\/uploads\/2024\/01\/9082-1-720x380.webp",720,380,true],"tptn_thumbnail":["https:\/\/imagazine.it\/wp-content\/uploads\/2024\/01\/9082-1.webp",250,167,false],"sow-carousel-default":["https:\/\/imagazine.it\/wp-content\/uploads\/2024\/01\/9082-1-272x182.webp",272,182,true]},"rttpg_author":{"display_name":"redazione","author_link":"https:\/\/imagazine.it\/home_desk\/author\/redazione\/"},"rttpg_comment":0,"rttpg_category":"<a href=\"https:\/\/imagazine.it\/home_desk\/category\/cultura-e-spettacolo\/\" rel=\"category tag\">CULTURA&amp;SPETTACOLO<\/a>","rttpg_excerpt":"Sar\u00e0 posta sul Belvedere","_links":{"self":[{"href":"https:\/\/imagazine.it\/home_desk\/wp-json\/wp\/v2\/posts\/16454","targetHints":{"allow":["GET"]}}],"collection":[{"href":"https:\/\/imagazine.it\/home_desk\/wp-json\/wp\/v2\/posts"}],"about":[{"href":"https:\/\/imagazine.it\/home_desk\/wp-json\/wp\/v2\/types\/post"}],"author":[{"embeddable":true,"href":"https:\/\/imagazine.it\/home_desk\/wp-json\/wp\/v2\/users\/28"}],"replies":[{"embeddable":true,"href":"https:\/\/imagazine.it\/home_desk\/wp-json\/wp\/v2\/comments?post=16454"}],"version-history":[{"count":0,"href":"https:\/\/imagazine.it\/home_desk\/wp-json\/wp\/v2\/posts\/16454\/revisions"}],"wp:featuredmedia":[{"embeddable":true,"href":"https:\/\/imagazine.it\/home_desk\/wp-json\/wp\/v2\/media\/16455"}],"wp:attachment":[{"href":"https:\/\/imagazine.it\/home_desk\/wp-json\/wp\/v2\/media?parent=16454"}],"wp:term":[{"taxonomy":"category","embeddable":true,"href":"https:\/\/imagazine.it\/home_desk\/wp-json\/wp\/v2\/categories?post=16454"},{"taxonomy":"post_tag","embeddable":true,"href":"https:\/\/imagazine.it\/home_desk\/wp-json\/wp\/v2\/tags?post=16454"}],"curies":[{"name":"wp","href":"https:\/\/api.w.org\/{rel}","templated":true}]}}