{"id":16446,"date":"2015-02-24T00:00:00","date_gmt":"2015-02-23T23:00:00","guid":{"rendered":"https:\/\/imagazine.it\/?p=16446"},"modified":"2015-02-24T00:00:00","modified_gmt":"2015-02-23T23:00:00","slug":"generazioni-jazz-si-confrontano-a-sacile","status":"publish","type":"post","link":"https:\/\/imagazine.it\/home_desk\/generazioni-jazz-si-confrontano-a-sacile\/","title":{"rendered":"Generazioni jazz si confrontano a Sacile"},"content":{"rendered":"<p style=\"text-align: justify;\" class=\"ui-droppable\"> \tLa <strong>Concert Hall<\/strong> di <strong>Fazioli Pianoforti<\/strong> a Sacile apre al jazz e ospita, con un gradito ritorno dopo il concerto di Omar Sosa del 2012, la quarta edizione di <strong>Piano Jazz<\/strong>, micro rassegna ideata dal <strong>Circolo Culturale Controtempo<\/strong> per \u201caccendere un\u2019idea capace di restituire luce al temperamento artistico del musicista attraverso la poesia del jazz\u201d.<\/p>\n<p style=\"text-align: justify;\" class=\"ui-droppable\"> \tIl progetto \u201c<strong>Piano Jazz<\/strong>\u201d parte da un\u2019intuizione nata ascoltando i diversi talenti del panorama internazionale, che attraverso il pianoforte conciliano tecnica e sensibilit\u00e0 musicale, dando vita alle infinite declinazioni di questo genere musicale, e dall\u2019idea che ci siano infinite sfumature che il suono del pianoforte pu\u00f2 offrire alla voce del jazz.<\/p>\n<p style=\"text-align: justify;\" class=\"ui-droppable\"> \tEcco allora che nel cartellone di <strong>Piano Jazz 2015<\/strong> si riuniranno due pianisti appartenenti a due diverse generazioni, accomunati da uno straordinario talento e dalla passione per il jazz. Ad aprire la rassegna con il concerto di <strong>venerd\u00ec 27 marzo, alle 20.45,<\/strong> sar\u00e0 il tedesco, classe 1978, <strong>Michael Wollny<\/strong>, definito dal quotidiano Die Welt \u201cil pi\u00f9 eccitante pianista tedesco del jazz contemporaneo\u201d. A chiuderla, venerd\u00ec <strong>17 aprile<\/strong>, sempre alle<strong> 20.45,<\/strong> sar\u00e0 invece l\u2019americano <strong>Fred Hersch<\/strong>, classe 1955, che la rivista Vanity Fair descrive come \u201cil pianista pi\u00f9 innovativo nel jazz degli ultimi dieci anni o gi\u00f9 di l\u00ec\u201d.\u00a0<\/p>\n<p style=\"text-align: justify;\" class=\"ui-droppable\"> \tLa collaborazione del <strong>Circolo Controtempo <\/strong>con <strong>Fazioli Pianoforti<\/strong> porter\u00e0 il jazz creato con 88 tasti, che si possono premere in una serie infinita di combinazioni, all\u2019interno della pi\u00f9 nota casa di produzione di pianoforti italiana. \u201cSiamo orgogliosi di questa collaborazione con <strong>Fazioli Pianoforti<\/strong> \u2013 commenta la presidente del Circolo <strong>Paola Martini<\/strong> -, che segna un gradito ritorno nella sala che nel 2012 ha ospitato il primo concerto della rassegna, affidato allo straordinario pianista Omar Sosa. Fin dalla sua nascita Piano Jazz ha inteso proporre una variet\u00e0 di stili pianistici, senza mai perdere di vista la progettualit\u00e0, per dare vita a una proposta musicale e culturale che sia mezzo di crescita, che incuriosisca, stimoli e stupisca. Questo incontro di stili \u00e8 rivolto a un pubblico curioso, aperto alle contaminazioni, che in questa edizione sar\u00e0 accolto in un contesto, qual \u00e8 la Fazioli Concert Hall, in cui musicista e pubblico diventano un tutt&#8217;uno\u201d. \u201cSiamo lieti di aprire nuovamente le porte della FCH alla musica jazz e a Controtempo \u2013 dichiara l&#8217;ingegnere <strong>Paolo Fazioli<\/strong> &#8211; . Gi\u00e0 da dieci anni siamo partner della loro rassegna <em>Il Volo del Jazz<\/em>, inaugurata fra l\u2019altro nel 2005 proprio come la Stagione Fazioli Concert Hall. E\u2019 dunque il momento di festeggiare i rispettivi e comuni traguardi, e sicuramente non c\u2019\u00e8 modo migliore di farlo che con due concerti di <em>piano solo<\/em>, particolarmente adatti alla conformazione acustica della nostra sala.\u201d<\/p>\n<p style=\"text-align: justify;\" class=\"ui-droppable\"> \t\u201c<strong>Piano Jazz<\/strong>\u201d significher\u00e0 immergersi in un\u2019atmosfera intima, in cui la capacit\u00e0 evocativa del pianoforte consente al musicista di entrare direttamente a contatto con il pubblico, quasi non ci fosse pi\u00f9 un palco a separarli, ma solo la percezione delle emozioni nelle diverse suggestioni di volta in volta suggerite dal jazz. Il pianoforte sar\u00e0 il comune denominatore grazie al quale s\u2019incontreranno le nuove tendenze di questo genere musicale e il jazz diventer\u00e0 la voce poliglotta che consente di superare i confini e abbattere le frontiere linguistiche, per fare incontrare su uno stesso palco artisti di nazionalit\u00e0 differenti.<\/p>\n<p style=\"text-align: justify;\" class=\"ui-droppable\"> \tI biglietti per Piano Jazz sono acquistabili su vivaticket.it e nei punti vendita autorizzati (a Sacile presso Cartoleria Abacus), oppure la sera stessa dei concerti dalle 18.30 presso la Fazioli Concert Hall.<\/p>\n","protected":false},"excerpt":{"rendered":"<p>Doppio evento alla Fazioli Hall<\/p>\n","protected":false},"author":28,"featured_media":16447,"comment_status":"closed","ping_status":"closed","sticky":false,"template":"","format":"standard","meta":{"dwc-title":[],"dwc-content":[],"footnotes":""},"categories":[37],"tags":[],"class_list":["post-16446","post","type-post","status-publish","format-standard","has-post-thumbnail","hentry","category-cultura-e-spettacolo"],"rttpg_featured_image_url":{"full":["https:\/\/imagazine.it\/wp-content\/uploads\/2024\/01\/9067-1.webp",460,295,false],"landscape":["https:\/\/imagazine.it\/wp-content\/uploads\/2024\/01\/9067-1.webp",460,295,false],"portraits":["https:\/\/imagazine.it\/wp-content\/uploads\/2024\/01\/9067-1.webp",460,295,false],"thumbnail":["https:\/\/imagazine.it\/wp-content\/uploads\/2024\/01\/9067-1-150x150.webp",150,150,true],"medium":["https:\/\/imagazine.it\/wp-content\/uploads\/2024\/01\/9067-1-300x192.webp",300,192,true],"large":["https:\/\/imagazine.it\/wp-content\/uploads\/2024\/01\/9067-1.webp",460,295,false],"thumblist":["https:\/\/imagazine.it\/wp-content\/uploads\/2024\/01\/9067-1.webp",300,192,false],"thumbrelated":["https:\/\/imagazine.it\/wp-content\/uploads\/2024\/01\/9067-1.webp",460,295,false],"meccarouselthumb":["https:\/\/imagazine.it\/wp-content\/uploads\/2024\/01\/9067-1.webp",460,295,false],"gridsquare":["https:\/\/imagazine.it\/wp-content\/uploads\/2024\/01\/9067-1.webp",391,251,false],"tileview":["https:\/\/imagazine.it\/wp-content\/uploads\/2024\/01\/9067-1.webp",300,192,false],"1536x1536":["https:\/\/imagazine.it\/wp-content\/uploads\/2024\/01\/9067-1.webp",460,295,false],"2048x2048":["https:\/\/imagazine.it\/wp-content\/uploads\/2024\/01\/9067-1.webp",460,295,false],"newsup-slider-full":["https:\/\/imagazine.it\/wp-content\/uploads\/2024\/01\/9067-1.webp",460,295,false],"newsup-featured":["https:\/\/imagazine.it\/wp-content\/uploads\/2024\/01\/9067-1.webp",460,295,false],"newsup-medium":["https:\/\/imagazine.it\/wp-content\/uploads\/2024\/01\/9067-1.webp",460,295,false],"tptn_thumbnail":["https:\/\/imagazine.it\/wp-content\/uploads\/2024\/01\/9067-1.webp",250,160,false],"sow-carousel-default":["https:\/\/imagazine.it\/wp-content\/uploads\/2024\/01\/9067-1-272x182.webp",272,182,true]},"rttpg_author":{"display_name":"redazione","author_link":"https:\/\/imagazine.it\/home_desk\/author\/redazione\/"},"rttpg_comment":0,"rttpg_category":"<a href=\"https:\/\/imagazine.it\/home_desk\/category\/cultura-e-spettacolo\/\" rel=\"category tag\">CULTURA&amp;SPETTACOLO<\/a>","rttpg_excerpt":"Doppio evento alla Fazioli Hall","_links":{"self":[{"href":"https:\/\/imagazine.it\/home_desk\/wp-json\/wp\/v2\/posts\/16446","targetHints":{"allow":["GET"]}}],"collection":[{"href":"https:\/\/imagazine.it\/home_desk\/wp-json\/wp\/v2\/posts"}],"about":[{"href":"https:\/\/imagazine.it\/home_desk\/wp-json\/wp\/v2\/types\/post"}],"author":[{"embeddable":true,"href":"https:\/\/imagazine.it\/home_desk\/wp-json\/wp\/v2\/users\/28"}],"replies":[{"embeddable":true,"href":"https:\/\/imagazine.it\/home_desk\/wp-json\/wp\/v2\/comments?post=16446"}],"version-history":[{"count":0,"href":"https:\/\/imagazine.it\/home_desk\/wp-json\/wp\/v2\/posts\/16446\/revisions"}],"wp:featuredmedia":[{"embeddable":true,"href":"https:\/\/imagazine.it\/home_desk\/wp-json\/wp\/v2\/media\/16447"}],"wp:attachment":[{"href":"https:\/\/imagazine.it\/home_desk\/wp-json\/wp\/v2\/media?parent=16446"}],"wp:term":[{"taxonomy":"category","embeddable":true,"href":"https:\/\/imagazine.it\/home_desk\/wp-json\/wp\/v2\/categories?post=16446"},{"taxonomy":"post_tag","embeddable":true,"href":"https:\/\/imagazine.it\/home_desk\/wp-json\/wp\/v2\/tags?post=16446"}],"curies":[{"name":"wp","href":"https:\/\/api.w.org\/{rel}","templated":true}]}}