{"id":16429,"date":"2015-02-19T00:00:00","date_gmt":"2015-02-18T23:00:00","guid":{"rendered":"https:\/\/imagazine.it\/?p=16429"},"modified":"2015-02-19T00:00:00","modified_gmt":"2015-02-18T23:00:00","slug":"le-big-dello-sci-in-pista-a-tarvisio","status":"publish","type":"post","link":"https:\/\/imagazine.it\/home_desk\/le-big-dello-sci-in-pista-a-tarvisio\/","title":{"rendered":"Le big dello sci in pista a Tarvisio"},"content":{"rendered":"<p style=\"text-align: justify;\" class=\"ui-droppable\"> \tSi stanno allenando in questi giorni\u00a0<strong>sulle piste di Tarvisio <\/strong>alcune delle pi\u00f9 blasonate campionesse di sci internazionali in vista delle prossime gare di coppa del mondo che si terranno nel fine settimana a Maribor in Slovenia.<\/p>\n<p style=\"text-align: justify;\" class=\"ui-droppable\"> \tLe squadre nazionali di sci alpino femminile della Svizzera, Norvegia, Svezia assieme alle atlete slovene, tra cui la fuoriclasse\u00a0<strong>Tina\u00a0Maze<\/strong>, sono impegnate sulla pista C della localit\u00e0 della Val Canale. Non \u00e8 la prima volta che la localit\u00e0 montana regionale ospita atleti medagliati. A gennaio al\u00a0Fis\u00a0Training Center di Sella Nevea intitolato a Gustav\u00a0Th\u00f6ni\u00a0erano\u00a0transitate\u00a0alcune campionesse\u00a0della nazionale austriaca, il mitico\u00a0<em>Wunderteam<\/em>, tra le quali <strong>Anna\u00a0Fenninger<\/strong>, detentrice della coppa del mondo, oro e argento ai mondiali di Beaver Creek in Colorado.<\/p>\n<p style=\"text-align: justify;\" class=\"ui-droppable\"> \t<strong>Tina\u00a0Maze<\/strong>\u00a0porta al collo due ori e un argento conquistati recentemente sempre ai mondiali di Beaver Creek, le svedesi\u00a0<strong>Lindell\u00a0\u00a0Vikarby<\/strong>\u00a0e\u00a0<strong>Frida\u00a0Handotter<\/strong>\u00a0hanno un bronzo a testa e l\u2019elvetica\u00a0<strong>Lara\u00a0Gut<\/strong>\u00a0un argento. Tina Maze in particolare dispone di un team personale svincolato dalla federazione slovena a capo del quale c\u2019\u00e8 il goriziano <strong>Andrea Massi<\/strong>.<\/p>\n<p style=\"text-align: justify;\" class=\"ui-droppable\"> \tL\u2019assessore alle attivit\u00e0 produttive <strong>Sergio\u00a0Bolzonello<\/strong>\u00a0si dice certo che \u201cla presenza continuativa di questi atleti di primo livello certifica l\u2019ottimo investimento fatto con le piste del FIS center di Sella Nevea, una grande intuizione per la localit\u00e0 sia dal punto di vista del prestigio, sia del ritorno economico\u201d. Va infatti messo in evidenza che ogni delegazione paga l\u2019utilizzo degli impianti e anche che questi allenamenti di alto livello si tengono senza alcuna influenza sul flusso turistico, trattandosi di percorsi separati.<\/p>\n<p style=\"text-align: justify;\" class=\"ui-droppable\"> \tAnche la nazionale austriaca maschile ha potuto testare le piste di Sella Nevea, presenza resa ancor pi\u00f9 prestigiosa dalla partecipazione del vincitore della massima medaglia sempre in Colorado, <strong>Hanns\u00a0Reichelt<\/strong>.<\/p>\n<p style=\"text-align: justify;\" class=\"ui-droppable\"> \tUna ventina di campionesse, che alloggeranno a Tarvisio fino a fino a domani, torneranno poi in regione la prossima settimana prima di partire per\u00a0Basko\u00a0in Bulgaria, sede della prossima gara di Coppa del Mondo.<\/p>\n","protected":false},"excerpt":{"rendered":"<p>Allenamenti per la Coppa del Mondo<\/p>\n","protected":false},"author":28,"featured_media":16430,"comment_status":"closed","ping_status":"closed","sticky":false,"template":"","format":"standard","meta":{"dwc-title":[],"dwc-content":[],"footnotes":""},"categories":[38],"tags":[],"class_list":["post-16429","post","type-post","status-publish","format-standard","has-post-thumbnail","hentry","category-sport"],"rttpg_featured_image_url":{"full":["https:\/\/imagazine.it\/wp-content\/uploads\/2024\/01\/9035-1.webp",960,638,false],"landscape":["https:\/\/imagazine.it\/wp-content\/uploads\/2024\/01\/9035-1.webp",960,638,false],"portraits":["https:\/\/imagazine.it\/wp-content\/uploads\/2024\/01\/9035-1.webp",960,638,false],"thumbnail":["https:\/\/imagazine.it\/wp-content\/uploads\/2024\/01\/9035-1-150x150.webp",150,150,true],"medium":["https:\/\/imagazine.it\/wp-content\/uploads\/2024\/01\/9035-1-300x199.webp",300,199,true],"large":["https:\/\/imagazine.it\/wp-content\/uploads\/2024\/01\/9035-1.webp",640,425,false],"thumblist":["https:\/\/imagazine.it\/wp-content\/uploads\/2024\/01\/9035-1.webp",300,199,false],"thumbrelated":["https:\/\/imagazine.it\/wp-content\/uploads\/2024\/01\/9035-1.webp",500,332,false],"meccarouselthumb":["https:\/\/imagazine.it\/wp-content\/uploads\/2024\/01\/9035-1.webp",474,315,false],"gridsquare":["https:\/\/imagazine.it\/wp-content\/uploads\/2024\/01\/9035-1.webp",391,260,false],"tileview":["https:\/\/imagazine.it\/wp-content\/uploads\/2024\/01\/9035-1.webp",300,199,false],"1536x1536":["https:\/\/imagazine.it\/wp-content\/uploads\/2024\/01\/9035-1.webp",960,638,false],"2048x2048":["https:\/\/imagazine.it\/wp-content\/uploads\/2024\/01\/9035-1.webp",960,638,false],"newsup-slider-full":["https:\/\/imagazine.it\/wp-content\/uploads\/2024\/01\/9035-1.webp",960,638,false],"newsup-featured":["https:\/\/imagazine.it\/wp-content\/uploads\/2024\/01\/9035-1.webp",960,638,false],"newsup-medium":["https:\/\/imagazine.it\/wp-content\/uploads\/2024\/01\/9035-1-720x380.webp",720,380,true],"tptn_thumbnail":["https:\/\/imagazine.it\/wp-content\/uploads\/2024\/01\/9035-1.webp",250,166,false],"sow-carousel-default":["https:\/\/imagazine.it\/wp-content\/uploads\/2024\/01\/9035-1-272x182.webp",272,182,true]},"rttpg_author":{"display_name":"redazione","author_link":"https:\/\/imagazine.it\/home_desk\/author\/redazione\/"},"rttpg_comment":0,"rttpg_category":"<a href=\"https:\/\/imagazine.it\/home_desk\/category\/sport\/\" rel=\"category tag\">SPORT<\/a>","rttpg_excerpt":"Allenamenti per la Coppa del Mondo","_links":{"self":[{"href":"https:\/\/imagazine.it\/home_desk\/wp-json\/wp\/v2\/posts\/16429","targetHints":{"allow":["GET"]}}],"collection":[{"href":"https:\/\/imagazine.it\/home_desk\/wp-json\/wp\/v2\/posts"}],"about":[{"href":"https:\/\/imagazine.it\/home_desk\/wp-json\/wp\/v2\/types\/post"}],"author":[{"embeddable":true,"href":"https:\/\/imagazine.it\/home_desk\/wp-json\/wp\/v2\/users\/28"}],"replies":[{"embeddable":true,"href":"https:\/\/imagazine.it\/home_desk\/wp-json\/wp\/v2\/comments?post=16429"}],"version-history":[{"count":0,"href":"https:\/\/imagazine.it\/home_desk\/wp-json\/wp\/v2\/posts\/16429\/revisions"}],"wp:featuredmedia":[{"embeddable":true,"href":"https:\/\/imagazine.it\/home_desk\/wp-json\/wp\/v2\/media\/16430"}],"wp:attachment":[{"href":"https:\/\/imagazine.it\/home_desk\/wp-json\/wp\/v2\/media?parent=16429"}],"wp:term":[{"taxonomy":"category","embeddable":true,"href":"https:\/\/imagazine.it\/home_desk\/wp-json\/wp\/v2\/categories?post=16429"},{"taxonomy":"post_tag","embeddable":true,"href":"https:\/\/imagazine.it\/home_desk\/wp-json\/wp\/v2\/tags?post=16429"}],"curies":[{"name":"wp","href":"https:\/\/api.w.org\/{rel}","templated":true}]}}