{"id":16420,"date":"2015-02-18T00:00:00","date_gmt":"2015-02-17T23:00:00","guid":{"rendered":"https:\/\/imagazine.it\/?p=16420"},"modified":"2015-02-18T00:00:00","modified_gmt":"2015-02-17T23:00:00","slug":"far-east-un-goriziano-disegna-limmagine-2015","status":"publish","type":"post","link":"https:\/\/imagazine.it\/home_desk\/far-east-un-goriziano-disegna-limmagine-2015\/","title":{"rendered":"Far East, un goriziano disegna l&#8217;immagine 2015"},"content":{"rendered":"<p style=\"text-align: justify;\" class=\"ui-droppable\"> \tUn combattente in tuta gialla, realizzato dal grafico goriziano <strong>Roberto Rosolin<\/strong>, \u00e8 l\u2019immagine ufficiale scelta dal\u00a0Far East Film Festival\u00a0per la sua\u00a0diciassettesima edizione, in programma a Udine dal 23 aprile al 2 maggio.<\/p>\n<p style=\"text-align: justify;\" class=\"ui-droppable\"> \tUn simbolo di forza, con le linee del kung fu che proseguono \u2013 e si moltiplicano \u2013 nelle linee di un vetro infranto, e, contemporaneamente, un omaggio tutt\u2019altro che generico all\u2019universo delle\u00a0<strong>arti marziali<\/strong>.<\/p>\n<p style=\"text-align: justify;\" class=\"ui-droppable\"> \tIl\u00a0<strong>FEFF 17<\/strong>, abbracciando \u2013 e sviluppando \u2013 il progetto messo a punto dall\u2019<strong>Hong Kong Economic Trade Office (HKETO)\u00a0<\/strong>per celebrare il\u00a0<strong>50\u00b0 anniversario<\/strong>\u00a0della propria sede di <strong>Bruxelles<\/strong>, presenter\u00e0 infatti una\u00a0<strong>speciale sezione\u00a0<\/strong>curata dall\u2019<strong>Hong Kong Film Festival\u00a0<\/strong>e dedicata alle <strong>martial arts hongkonghesi<\/strong>.<\/p>\n<p style=\"text-align: justify;\" class=\"ui-droppable\"> \tDall\u2019immortale\u00a0<strong><em>The Way of the Dragon\u00a0<\/em><\/strong>(<em>L&#8217;urlo di Chen terrorizza anche l&#8217;occidente<\/em>) di sua maest\u00e0\u00a0<strong>Bruce Lee<\/strong>\u00a0al cult\u00a0<strong><em>The Young Master<\/em><\/strong>\u00a0di\u00a0<strong><em>Jackie Chan<\/em><\/strong>, da un classico come\u00a0<strong><em>Spooky Encounters<\/em><\/strong>\u00a0di\u00a0<strong>Sammo Hung<\/strong>\u00a0a un altro classico come\u00a0<strong><em>Righting Wrongs<\/em><\/strong>\u00a0di\u00a0<strong>Corey Yuen<\/strong>, senza ovviamente dimenticare\u00a0<strong><em>Once Upon a Time in China 2<\/em><\/strong>\u00a0di\u00a0<strong>Tsui Hark<\/strong>.<\/p>\n<p style=\"text-align: justify;\" class=\"ui-droppable\"> \tNon solo il pubblico dei devotissimi, che vivr\u00e0 con entusiasmo l\u2019idea di ritrovare questi film sul grande schermo, ma anche il pubblico dei \u201csemplici curiosi\u201d, che non resister\u00e0 alla tentazione dell\u2019ennesima avventura\u00a0<strong>made in Hong Kong<\/strong>. Un\u2019avventura cui sar\u00e0 abbinata un\u2019indimenticabile\u00a0<strong>Hong Kong Night\u00a0<\/strong>con le\u00a0<strong>grandi star <\/strong>dell\u2019ex colonia britannica.\u00a0<\/p>\n<p style=\"text-align: justify;\" class=\"ui-droppable\"> \t\u00abNon essere un&#8217;unica forma: adattala su te stesso \u2013 diceva\u00a0<strong>Bruce Lee<\/strong>\u00a0\u2013 e lasciala crescere: sii come l&#8217;acqua. Libera la tua mente, sii informe, senza limiti, come l&#8217;acqua. Se metti l&#8217;acqua in una tazza, lei diventa una tazza. Se la metti in una bottiglia, lei diventa una bottiglia. Se la metti in una teiera, lei diventa una teiera. L&#8217;acqua pu\u00f2 fluire o pu\u00f2 distruggere. Sii acqua, amico mio\u00bb. Pochissime righe per condensare tutta l\u2019essenza, nobile e gloriosa, delle arti marziali. Pochissime righe per condensare tutta l\u2019essenza di un\u2019icona e di un\u2019intera epopea cinematografica. Oggi pi\u00f9 viva che mai.<\/p>\n<p style=\"text-align: justify;\" class=\"ui-droppable\"> \t\u00a0<\/p>\n<p style=\"text-align: justify;\" class=\"ui-droppable\"> \t<strong><em>Roberto Rosolin<\/em><\/strong>\u00a0<em>\u00e8 nato a Gorizia nel 1980. Dopo aver studiato, ha iniziato la carriera di grafico in Friuli Venezia Giulia e si \u00e8 trasferito a Londra (dove adesso vive e lavora). Attualmente \u00e8 art director del Fabric, storico locale londinese, e dell\u2019omonima etichetta discografica, il cui output creativo ha riscosso grandi attenzioni nel panorama internazionale. Il suo lavoro con il fotografo Mads Perch \u00e8 stato recentemente utilizzato per la copertina dell&#8217;annuale di fotografia di Creative Review.<\/em><\/p>\n","protected":false},"excerpt":{"rendered":"<p>Il festival a Udine dal 23 aprile al 2 maggio<\/p>\n","protected":false},"author":28,"featured_media":16421,"comment_status":"closed","ping_status":"closed","sticky":false,"template":"","format":"standard","meta":{"dwc-title":[],"dwc-content":[],"footnotes":""},"categories":[37],"tags":[],"class_list":["post-16420","post","type-post","status-publish","format-standard","has-post-thumbnail","hentry","category-cultura-e-spettacolo"],"rttpg_featured_image_url":{"full":["https:\/\/imagazine.it\/wp-content\/uploads\/2024\/01\/9013-1.webp",400,351,false],"landscape":["https:\/\/imagazine.it\/wp-content\/uploads\/2024\/01\/9013-1.webp",400,351,false],"portraits":["https:\/\/imagazine.it\/wp-content\/uploads\/2024\/01\/9013-1.webp",400,351,false],"thumbnail":["https:\/\/imagazine.it\/wp-content\/uploads\/2024\/01\/9013-1-150x150.webp",150,150,true],"medium":["https:\/\/imagazine.it\/wp-content\/uploads\/2024\/01\/9013-1-300x263.webp",300,263,true],"large":["https:\/\/imagazine.it\/wp-content\/uploads\/2024\/01\/9013-1.webp",400,351,false],"thumblist":["https:\/\/imagazine.it\/wp-content\/uploads\/2024\/01\/9013-1.webp",300,263,false],"thumbrelated":["https:\/\/imagazine.it\/wp-content\/uploads\/2024\/01\/9013-1.webp",400,351,false],"meccarouselthumb":["https:\/\/imagazine.it\/wp-content\/uploads\/2024\/01\/9013-1.webp",369,324,false],"gridsquare":["https:\/\/imagazine.it\/wp-content\/uploads\/2024\/01\/9013-1.webp",296,260,false],"tileview":["https:\/\/imagazine.it\/wp-content\/uploads\/2024\/01\/9013-1.webp",300,263,false],"1536x1536":["https:\/\/imagazine.it\/wp-content\/uploads\/2024\/01\/9013-1.webp",400,351,false],"2048x2048":["https:\/\/imagazine.it\/wp-content\/uploads\/2024\/01\/9013-1.webp",400,351,false],"newsup-slider-full":["https:\/\/imagazine.it\/wp-content\/uploads\/2024\/01\/9013-1.webp",400,351,false],"newsup-featured":["https:\/\/imagazine.it\/wp-content\/uploads\/2024\/01\/9013-1.webp",400,351,false],"newsup-medium":["https:\/\/imagazine.it\/wp-content\/uploads\/2024\/01\/9013-1.webp",400,351,false],"tptn_thumbnail":["https:\/\/imagazine.it\/wp-content\/uploads\/2024\/01\/9013-1.webp",239,210,false],"sow-carousel-default":["https:\/\/imagazine.it\/wp-content\/uploads\/2024\/01\/9013-1-272x182.webp",272,182,true]},"rttpg_author":{"display_name":"redazione","author_link":"https:\/\/imagazine.it\/home_desk\/author\/redazione\/"},"rttpg_comment":0,"rttpg_category":"<a href=\"https:\/\/imagazine.it\/home_desk\/category\/cultura-e-spettacolo\/\" rel=\"category tag\">CULTURA&amp;SPETTACOLO<\/a>","rttpg_excerpt":"Il festival a Udine dal 23 aprile al 2 maggio","_links":{"self":[{"href":"https:\/\/imagazine.it\/home_desk\/wp-json\/wp\/v2\/posts\/16420","targetHints":{"allow":["GET"]}}],"collection":[{"href":"https:\/\/imagazine.it\/home_desk\/wp-json\/wp\/v2\/posts"}],"about":[{"href":"https:\/\/imagazine.it\/home_desk\/wp-json\/wp\/v2\/types\/post"}],"author":[{"embeddable":true,"href":"https:\/\/imagazine.it\/home_desk\/wp-json\/wp\/v2\/users\/28"}],"replies":[{"embeddable":true,"href":"https:\/\/imagazine.it\/home_desk\/wp-json\/wp\/v2\/comments?post=16420"}],"version-history":[{"count":0,"href":"https:\/\/imagazine.it\/home_desk\/wp-json\/wp\/v2\/posts\/16420\/revisions"}],"wp:featuredmedia":[{"embeddable":true,"href":"https:\/\/imagazine.it\/home_desk\/wp-json\/wp\/v2\/media\/16421"}],"wp:attachment":[{"href":"https:\/\/imagazine.it\/home_desk\/wp-json\/wp\/v2\/media?parent=16420"}],"wp:term":[{"taxonomy":"category","embeddable":true,"href":"https:\/\/imagazine.it\/home_desk\/wp-json\/wp\/v2\/categories?post=16420"},{"taxonomy":"post_tag","embeddable":true,"href":"https:\/\/imagazine.it\/home_desk\/wp-json\/wp\/v2\/tags?post=16420"}],"curies":[{"name":"wp","href":"https:\/\/api.w.org\/{rel}","templated":true}]}}