{"id":16412,"date":"2015-02-16T00:00:00","date_gmt":"2015-02-15T23:00:00","guid":{"rendered":"https:\/\/imagazine.it\/?p=16412"},"modified":"2015-02-16T00:00:00","modified_gmt":"2015-02-15T23:00:00","slug":"premio-castello-di-duino-unitaliana-torna-alla-vittoria","status":"publish","type":"post","link":"https:\/\/imagazine.it\/home_desk\/premio-castello-di-duino-unitaliana-torna-alla-vittoria\/","title":{"rendered":"Premio &#8220;Castello di Duino&#8221;, un&#8217;italiana torna alla vittoria"},"content":{"rendered":"<p style=\"text-align: justify;\" class=\"ui-droppable\"> \t\u00c8 dedicata al viaggio l\u2019XI edizione del Concorso Internazionale di Poesia e Teatro Castello di Duino, uno dei pi\u00f9 importanti premi letterari riservati ai giovani, patrocinato dall\u2019UNESCO fin dalla sua prima edizione.<br \/> \tNei suoi undici anni di vita il concorso, riservato ai poeti fino ai 30 anni di et\u00e0, con una graduatoria speciale per i giovanissimi, una sezione riservata alle scuole e una sezione teatrale, ha coinvolto 11.000 giovani poeti e un pubblico sempre pi\u00f9 numeroso e appassionato. Nell\u2019edizione di quest\u2019anno a cimentarsi sul tema del viaggio sono stati 900 concorrenti, provenienti da 90 Paesi di ogni angolo del globo, dall\u2019Argentina alla Nigeria, dall\u2019Iraq al Pakistan, dallo Sri Lanka a Cuba, oltre a moltissimi poeti europei.<\/p>\n<p style=\"text-align: justify;\" class=\"ui-droppable\"> \tTanti di questi giovani autori, che hanno inviato versi e pi\u00e8ces teatrali, dal 17 al 22 marzo arriveranno a Trieste, per partecipare ai numerosi incontri in calendario per la \u201cFesta della letteratura e della poesia\u201d: incontri, letture, workshop, concerti. A concludere la manifestazione sar\u00e0 proprio la cerimonia di premiazione del concorso, ospitata ancora una volta negli spazi del Castello di Duino.<\/p>\n<p style=\"text-align: justify;\" class=\"ui-droppable\"> \tA giudicare questi poeti, valutandone le poesie nella loro lingua madre, una giuria internazionale composta da critici letterari, poeti e docenti universitari di letterature comparate: Cristina\u00a0 Benussi, Marji \u010cuk, Arben Dedja, Antonio Della Rocca, Pietro U. Dini, Julius Franzot, Franco Gatti, Irini Karavalaki, Tomaso Kemeny, Giancarlo Micheli, Isabella Panfido, Sandro Pecchiari, Ana Cecilia Prenz, Lili Radoeva Destradi, Marina Bartolucci Sedmak, Iza Strselecka e Anna Zoppellari. E a spuntarla quest\u2019anno, aggiudicandosi la prestigiosa medaglia del Presidente della Repubblica, \u00e8, come non accadeva da tempo, una giovane autrice italiana, <strong>Michela Pusterla<\/strong>, di Chiuro (Sondrio), con la poesia \u201cBallata slava della guerra e della pace\u201d.<\/p>\n<p style=\"text-align: justify;\" class=\"ui-droppable\"> \tVa a un\u2019autrice slovena invece il <strong>primo premio<\/strong> del concorso, 500 euro vinti da <strong>Klara Katarina Rupert<\/strong> con \u201cPismo domov, izpod de\u017enika\u201d (Lettera ai familiari da sotto l\u2019ombrello). \u00c8 brasiliano invece il secondo classificato, <strong>Antonio Pedro Faro<\/strong>, che con \u201cPassante\u201d vince 500 euro. Ex aequo per il terzo gradino del podio, sul quale salgono la rumena <strong>Victoria Tudor<\/strong>, con la poesia \u201cNoaptea e \u00eenc\u0103 departe\u201d (La notte non \u00e8 ancora venuta) e la polacca <strong>Agnieszka \u017b\u0105d\u0142o Jadczak<\/strong>, con \u201cAdryatik\u201d (Adriatico), aggiudicandosi 250 euro ciascuno. Volano entrambe in Nigeria la Targa Centro UNESCO di Trieste, vinta da Itodo Samuel Anthony con \u201cAcross the divide\u201d (Attraverso la divisione), e la Targa Alut, vinta da Emmanuel Iyeomoan e la sua \u201cThe Fulani Boy\u201d (Il ragazzo Fulani). La Targa dedicata a Sergio Penco, compianto membro della giuria, generoso e raffinato poeta amico dei giovani, va a due giovanissime italiane under 16: Giulia Broccolo (Correzzana, Monza e Brianza), con \u201cLibero di scegliere\u201d, e Alice Mezzanotte (Olgiate Olona, Varese), con \u201cDestinazioni\u201d. Saranno assegnate inoltre delle menzioni speciali ad altri giovanissimi, dai dieci ai 16 anni, e per i progetti scuola. Per la sezione riservata al teatro invece, che richiedeva l\u2019invio di un monologo o dialogo tra due personaggi, la giuria composta da Paolo Quazzolo, Gianfranco Sodomaco, Fabrizio Stefanini e Giuliano Zannier, assegna, per il secondo anno consecutivo, il primo premio a <strong>Michael Crisantemi <\/strong>(Terni) , con la sua nuova produzione \u201cUn uomo giunto alla fine del suo viaggio\u201d. \u201cRitorno a casa\u201d di Monika Dorozynska (Polonia) si aggiudica invece il secondo premio, mentre sul terzo gradino del podio sale Rosa Surico (Taranto), con \u201cSuoner\u00f2 la chitarra.\u201d<\/p>\n<p style=\"text-align: justify;\" class=\"ui-droppable\"> \tA testimonianza del forte impegno civile che caratterizza il concorso, promosso dall\u2019Associazione di volontariato \u201cPoesia e Solidariet\u00e0\u201d di Trieste presieduta dalla professoressa Gabriella Valera Gruber, parte dei premi in denaro sar\u00e0 devoluta dai vincitori a progetti umanitari nel loro Paese d\u2019origine e, per volont\u00e0 di Antonietta Risolo, titolare della Casa Editrice Ibiskos Risolo, anche il ricavato del libro che raccoglier\u00e0 le poesie dei vincitori andr\u00e0 alla Fondazione Luchetta Ota D\u2019Angelo Hrovatin, per i bambini vittime di guerra.<\/p>\n","protected":false},"excerpt":{"rendered":"<p>Dal 17 al 22 marzo la rassegna culturale<\/p>\n","protected":false},"author":28,"featured_media":16413,"comment_status":"closed","ping_status":"closed","sticky":false,"template":"","format":"standard","meta":{"dwc-title":[],"dwc-content":[],"footnotes":""},"categories":[37],"tags":[],"class_list":["post-16412","post","type-post","status-publish","format-standard","has-post-thumbnail","hentry","category-cultura-e-spettacolo"],"rttpg_featured_image_url":{"full":["https:\/\/imagazine.it\/wp-content\/uploads\/2024\/01\/8880-1.webp",413,540,false],"landscape":["https:\/\/imagazine.it\/wp-content\/uploads\/2024\/01\/8880-1.webp",413,540,false],"portraits":["https:\/\/imagazine.it\/wp-content\/uploads\/2024\/01\/8880-1.webp",413,540,false],"thumbnail":["https:\/\/imagazine.it\/wp-content\/uploads\/2024\/01\/8880-1-150x150.webp",150,150,true],"medium":["https:\/\/imagazine.it\/wp-content\/uploads\/2024\/01\/8880-1-229x300.webp",229,300,true],"large":["https:\/\/imagazine.it\/wp-content\/uploads\/2024\/01\/8880-1.webp",413,540,false],"thumblist":["https:\/\/imagazine.it\/wp-content\/uploads\/2024\/01\/8880-1.webp",229,300,false],"thumbrelated":["https:\/\/imagazine.it\/wp-content\/uploads\/2024\/01\/8880-1.webp",382,500,false],"meccarouselthumb":["https:\/\/imagazine.it\/wp-content\/uploads\/2024\/01\/8880-1.webp",248,324,false],"gridsquare":["https:\/\/imagazine.it\/wp-content\/uploads\/2024\/01\/8880-1.webp",199,260,false],"tileview":["https:\/\/imagazine.it\/wp-content\/uploads\/2024\/01\/8880-1.webp",300,392,false],"1536x1536":["https:\/\/imagazine.it\/wp-content\/uploads\/2024\/01\/8880-1.webp",413,540,false],"2048x2048":["https:\/\/imagazine.it\/wp-content\/uploads\/2024\/01\/8880-1.webp",413,540,false],"newsup-slider-full":["https:\/\/imagazine.it\/wp-content\/uploads\/2024\/01\/8880-1.webp",413,540,false],"newsup-featured":["https:\/\/imagazine.it\/wp-content\/uploads\/2024\/01\/8880-1.webp",413,540,false],"newsup-medium":["https:\/\/imagazine.it\/wp-content\/uploads\/2024\/01\/8880-1-413x380.webp",413,380,true],"tptn_thumbnail":["https:\/\/imagazine.it\/wp-content\/uploads\/2024\/01\/8880-1.webp",161,210,false],"sow-carousel-default":["https:\/\/imagazine.it\/wp-content\/uploads\/2024\/01\/8880-1-272x182.webp",272,182,true]},"rttpg_author":{"display_name":"redazione","author_link":"https:\/\/imagazine.it\/home_desk\/author\/redazione\/"},"rttpg_comment":0,"rttpg_category":"<a href=\"https:\/\/imagazine.it\/home_desk\/category\/cultura-e-spettacolo\/\" rel=\"category tag\">CULTURA&amp;SPETTACOLO<\/a>","rttpg_excerpt":"Dal 17 al 22 marzo la rassegna culturale","_links":{"self":[{"href":"https:\/\/imagazine.it\/home_desk\/wp-json\/wp\/v2\/posts\/16412","targetHints":{"allow":["GET"]}}],"collection":[{"href":"https:\/\/imagazine.it\/home_desk\/wp-json\/wp\/v2\/posts"}],"about":[{"href":"https:\/\/imagazine.it\/home_desk\/wp-json\/wp\/v2\/types\/post"}],"author":[{"embeddable":true,"href":"https:\/\/imagazine.it\/home_desk\/wp-json\/wp\/v2\/users\/28"}],"replies":[{"embeddable":true,"href":"https:\/\/imagazine.it\/home_desk\/wp-json\/wp\/v2\/comments?post=16412"}],"version-history":[{"count":0,"href":"https:\/\/imagazine.it\/home_desk\/wp-json\/wp\/v2\/posts\/16412\/revisions"}],"wp:featuredmedia":[{"embeddable":true,"href":"https:\/\/imagazine.it\/home_desk\/wp-json\/wp\/v2\/media\/16413"}],"wp:attachment":[{"href":"https:\/\/imagazine.it\/home_desk\/wp-json\/wp\/v2\/media?parent=16412"}],"wp:term":[{"taxonomy":"category","embeddable":true,"href":"https:\/\/imagazine.it\/home_desk\/wp-json\/wp\/v2\/categories?post=16412"},{"taxonomy":"post_tag","embeddable":true,"href":"https:\/\/imagazine.it\/home_desk\/wp-json\/wp\/v2\/tags?post=16412"}],"curies":[{"name":"wp","href":"https:\/\/api.w.org\/{rel}","templated":true}]}}