{"id":16410,"date":"2015-02-16T00:00:00","date_gmt":"2015-02-15T23:00:00","guid":{"rendered":"https:\/\/imagazine.it\/?p=16410"},"modified":"2015-02-16T00:00:00","modified_gmt":"2015-02-15T23:00:00","slug":"in-fvg-alla-ricerca-di-nuovi-cantanti-e-ballerini","status":"publish","type":"post","link":"https:\/\/imagazine.it\/home_desk\/in-fvg-alla-ricerca-di-nuovi-cantanti-e-ballerini\/","title":{"rendered":"In FVG alla ricerca di nuovi cantanti e ballerini"},"content":{"rendered":"<p style=\"text-align: justify;\" class=\"ui-droppable\"> \tArriva in Friuli Venezia Giulia <strong>THE TALENT \u201cthe show is now\u201d, <\/strong>iniziativa per scoprire nuovi giovani talenti della danza e della musica. Con la direzione artistica di The Groove Factory, l\u2019evento si svolger\u00e0 a Citt\u00e0 Fiera con la partecipazione di <strong>Julian Borghesan<\/strong> (conduttore radio Rai ed esperto di comunicazione e broadcasting).<\/p>\n<p style=\"text-align: justify;\" class=\"ui-droppable\"> \tLe iscrizioni gratuite sono gi\u00e0 aperte e si chiuderanno il 28 febbraio, tutti gli iscritti poi si presenteranno alle selezioni, dopo essere stati contattati dall\u2019organizzazione, previste nelle giornate dell\u20191 e 22 marzo,\u00a0 12 aprile e 3 maggio.<\/p>\n<p style=\"text-align: justify;\" class=\"ui-droppable\"> \tPer partecipare all\u2019edizione 2015 \u00e8 necessario essere cantanti solisti o ballerini singoli o in coppia di et\u00e0 compresa tra i 15 e i 25 anni e presentare almeno due brani per i cantanti e due basi per i ballerini della durata massima di 4 minuti.<\/p>\n<p style=\"text-align: justify;\" class=\"ui-droppable\"> \tI partecipanti devono essere liberi da impegni contrattuali discografici, esclusive artistiche e opzioni di ogni genere. Saranno ammessi al concorso i musicisti in possesso di questi requisiti che si registreranno attraverso la compilazione di un apposito form, che pu\u00f2 essere scaricato dal sito <a href=\"http:\/\/www.cittafiera.it\/\" target=\"_blank\" rel=\"noopener\">www.cittafiera.it<\/a>.<\/p>\n<p style=\"text-align: justify;\" class=\"ui-droppable\"> \tTutte le esibizioni verranno registrate in formato audio\/video e caricate online: in questa prima fase a scegliere sar\u00e0 per il 70% la valutazione della giuria e per il 30% il voto popolare tramite votazione sul sito ufficiale. La media ponderata tra le due tipologie di voto decreter\u00e0 la classifica per l&#8217;accesso alla finale del contest, \u00a0alla quale accederanno 8 candidati a categoria.<\/p>\n<p style=\"text-align: justify;\" class=\"ui-droppable\"> \tNell\u2019esibizione finale, che si svolger\u00e0 il 24 maggio sul palco dello Show Rond\u00f2 del centro commerciale Citt\u00e0 Fiera, i cantanti e i ballerini saranno giudicati da una giuria di esperti del settore tra i quali: <strong>Matteo Beccucci<\/strong> per il canto (vincitore dell\u2019edizione 2009 di <em>X Factor<\/em> dopo la quale incide l\u2019EP \u201cImpossibile\u201d, che prende il titolo dal singolo estratto e che vince il disco d&#8217;oro per aver superato la soglia delle 35.000 copie vendute) <strong>Marco Garofalo<\/strong> per la danza (coreografo di <em>Amici, <\/em>ma anche per programmi come Domenica In, Ciao Darwin, <em>Buona Domenica<\/em>, ha collaborato con ballerini e\u00a0showgirl\u00a0come\u00a0Lorella Cuccarini,\u00a0Heather Parisi,\u00a0Laura Freddi,\u00a0Natalia Estrada\u00a0e\u00a0molti altri) e <strong>Sergio Dall&#8217;Ora<\/strong> presidente di giuria (coach di The Voice of Italy 2014).<\/p>\n<p style=\"text-align: justify;\" class=\"ui-droppable\"> \tIl vincitore di ogni categoria, decretato dal giudizio insindacabile della giuria, si aggiudicher\u00e0 un premio in borsa di studio del valore di 1.000 euro.\u00a0<\/p>\n","protected":false},"excerpt":{"rendered":"<p>&#8220;The show is now&#8221;<\/p>\n","protected":false},"author":28,"featured_media":16411,"comment_status":"closed","ping_status":"closed","sticky":false,"template":"","format":"standard","meta":{"dwc-title":[],"dwc-content":[],"footnotes":""},"categories":[37],"tags":[],"class_list":["post-16410","post","type-post","status-publish","format-standard","has-post-thumbnail","hentry","category-cultura-e-spettacolo"],"rttpg_featured_image_url":{"full":["https:\/\/imagazine.it\/wp-content\/uploads\/2024\/01\/8876-1.webp",449,300,false],"landscape":["https:\/\/imagazine.it\/wp-content\/uploads\/2024\/01\/8876-1.webp",449,300,false],"portraits":["https:\/\/imagazine.it\/wp-content\/uploads\/2024\/01\/8876-1.webp",449,300,false],"thumbnail":["https:\/\/imagazine.it\/wp-content\/uploads\/2024\/01\/8876-1-150x150.webp",150,150,true],"medium":["https:\/\/imagazine.it\/wp-content\/uploads\/2024\/01\/8876-1-300x200.webp",300,200,true],"large":["https:\/\/imagazine.it\/wp-content\/uploads\/2024\/01\/8876-1.webp",449,300,false],"thumblist":["https:\/\/imagazine.it\/wp-content\/uploads\/2024\/01\/8876-1.webp",300,200,false],"thumbrelated":["https:\/\/imagazine.it\/wp-content\/uploads\/2024\/01\/8876-1.webp",449,300,false],"meccarouselthumb":["https:\/\/imagazine.it\/wp-content\/uploads\/2024\/01\/8876-1.webp",449,300,false],"gridsquare":["https:\/\/imagazine.it\/wp-content\/uploads\/2024\/01\/8876-1.webp",389,260,false],"tileview":["https:\/\/imagazine.it\/wp-content\/uploads\/2024\/01\/8876-1.webp",300,200,false],"1536x1536":["https:\/\/imagazine.it\/wp-content\/uploads\/2024\/01\/8876-1.webp",449,300,false],"2048x2048":["https:\/\/imagazine.it\/wp-content\/uploads\/2024\/01\/8876-1.webp",449,300,false],"newsup-slider-full":["https:\/\/imagazine.it\/wp-content\/uploads\/2024\/01\/8876-1.webp",449,300,false],"newsup-featured":["https:\/\/imagazine.it\/wp-content\/uploads\/2024\/01\/8876-1.webp",449,300,false],"newsup-medium":["https:\/\/imagazine.it\/wp-content\/uploads\/2024\/01\/8876-1.webp",449,300,false],"tptn_thumbnail":["https:\/\/imagazine.it\/wp-content\/uploads\/2024\/01\/8876-1.webp",250,167,false],"sow-carousel-default":["https:\/\/imagazine.it\/wp-content\/uploads\/2024\/01\/8876-1-272x182.webp",272,182,true]},"rttpg_author":{"display_name":"redazione","author_link":"https:\/\/imagazine.it\/home_desk\/author\/redazione\/"},"rttpg_comment":0,"rttpg_category":"<a href=\"https:\/\/imagazine.it\/home_desk\/category\/cultura-e-spettacolo\/\" rel=\"category tag\">CULTURA&amp;SPETTACOLO<\/a>","rttpg_excerpt":"\"The show is now\"","_links":{"self":[{"href":"https:\/\/imagazine.it\/home_desk\/wp-json\/wp\/v2\/posts\/16410","targetHints":{"allow":["GET"]}}],"collection":[{"href":"https:\/\/imagazine.it\/home_desk\/wp-json\/wp\/v2\/posts"}],"about":[{"href":"https:\/\/imagazine.it\/home_desk\/wp-json\/wp\/v2\/types\/post"}],"author":[{"embeddable":true,"href":"https:\/\/imagazine.it\/home_desk\/wp-json\/wp\/v2\/users\/28"}],"replies":[{"embeddable":true,"href":"https:\/\/imagazine.it\/home_desk\/wp-json\/wp\/v2\/comments?post=16410"}],"version-history":[{"count":0,"href":"https:\/\/imagazine.it\/home_desk\/wp-json\/wp\/v2\/posts\/16410\/revisions"}],"wp:featuredmedia":[{"embeddable":true,"href":"https:\/\/imagazine.it\/home_desk\/wp-json\/wp\/v2\/media\/16411"}],"wp:attachment":[{"href":"https:\/\/imagazine.it\/home_desk\/wp-json\/wp\/v2\/media?parent=16410"}],"wp:term":[{"taxonomy":"category","embeddable":true,"href":"https:\/\/imagazine.it\/home_desk\/wp-json\/wp\/v2\/categories?post=16410"},{"taxonomy":"post_tag","embeddable":true,"href":"https:\/\/imagazine.it\/home_desk\/wp-json\/wp\/v2\/tags?post=16410"}],"curies":[{"name":"wp","href":"https:\/\/api.w.org\/{rel}","templated":true}]}}