{"id":16392,"date":"2015-02-13T00:00:00","date_gmt":"2015-02-12T23:00:00","guid":{"rendered":"https:\/\/imagazine.it\/?p=16392"},"modified":"2015-02-13T00:00:00","modified_gmt":"2015-02-12T23:00:00","slug":"cividale-corso-per-lettori-volontari","status":"publish","type":"post","link":"https:\/\/imagazine.it\/home_desk\/cividale-corso-per-lettori-volontari\/","title":{"rendered":"Cividale, corso per lettori volontari"},"content":{"rendered":"<p style=\"text-align: justify;\" class=\"ui-droppable\"> \tIl Sistema bibliotecario del Cividalese, facente capo alla biblioteca di Cividale del Friuli, promuove e organizza per la prima volta un corso-base per la formazione di lettori volontari.<\/p>\n<p style=\"text-align: justify;\" class=\"ui-droppable\"> \tIl corso si rivolge a genitori, insegnanti, educatori ed adulti che intendono intraprendere un percorso come lettori volontari e dedicarsi alla lettura ad alta voce per i bambini in et\u00e0 prescolare.<\/p>\n<p style=\"text-align: justify;\" class=\"ui-droppable\"> \tPer diventare lettore volontario non serve essere attori, ma \u00e8 fondamentale essere motivati nel trasmettere ai giovanissimi, e ai loro genitori, la passione per i libri e per la lettura.<\/p>\n<p style=\"text-align: justify;\" class=\"ui-droppable\"> \tA conclusione del corso di formazione, i partecipanti si dovranno impegnare a svolgere, a titolo di volontariato, l&#8217;attivit\u00e0 di lettura per almeno 10 ore complessive entro il 2015, nei servizi e negli orari individuati in accordo con i bibliotecari referenti.<\/p>\n<p style=\"text-align: justify;\" class=\"ui-droppable\"> \tIl corso \u00e8 costituito da due lezioni, per un totale di 6 ore, e si terr\u00e0 presso la Biblioteca di Cividale del Friuli e &#8211; in replica &#8211; presso le Biblioteche di Buttrio e Remanzacco.<\/p>\n<p style=\"text-align: justify;\" class=\"ui-droppable\"> \tIl calendario sar\u00e0 il seguente:<\/p>\n<p style=\"text-align: justify;\" class=\"ui-droppable\"> \tBiblioteca di Cividale del Friuli, venerd\u00ec 20 e venerd\u00ec 27 febbraio ore 17-20, iscrizioni entro mercoled\u00ec 18 febbraio.<\/p>\n<p style=\"text-align: justify;\" class=\"ui-droppable\"> \tBiblioteca di Buttrio,\u00a0venerd\u00ec 6 marzo ore 17-20; Biblioteca di Remanzacco, sabato 7 marzo ore 9-12. Per entrambi iscrizioni entro luned\u00ec 2 marzo.<\/p>\n<p style=\"text-align: justify;\" class=\"ui-droppable\"> \tLa frequenza \u00e8 gratuita; saranno ammessi al massimo 25 partecipanti per il corso presso la Biblioteca di Cividale del Friuli e 25 partecipanti per il corso suddiviso fra la sede della Biblioteca di Buttrio e quella di Remanzacco. L\u2019iniziativa \u00e8 riservata ai residenti nei Comuni aderenti al Sistema Bibliotecario del Cividalese.<\/p>\n<p style=\"text-align: justify;\" class=\"ui-droppable\"> \tInfo: 0432 710310<\/p>\n","protected":false},"excerpt":{"rendered":"<p>Anche a Buttrio e Remanzacco<\/p>\n","protected":false},"author":28,"featured_media":16393,"comment_status":"closed","ping_status":"closed","sticky":false,"template":"","format":"standard","meta":{"dwc-title":[],"dwc-content":[],"footnotes":""},"categories":[5],"tags":[],"class_list":["post-16392","post","type-post","status-publish","format-standard","has-post-thumbnail","hentry","category-attualita"],"rttpg_featured_image_url":{"full":["https:\/\/imagazine.it\/wp-content\/uploads\/2024\/01\/8800-1.webp",816,612,false],"landscape":["https:\/\/imagazine.it\/wp-content\/uploads\/2024\/01\/8800-1.webp",816,612,false],"portraits":["https:\/\/imagazine.it\/wp-content\/uploads\/2024\/01\/8800-1.webp",816,612,false],"thumbnail":["https:\/\/imagazine.it\/wp-content\/uploads\/2024\/01\/8800-1-150x150.webp",150,150,true],"medium":["https:\/\/imagazine.it\/wp-content\/uploads\/2024\/01\/8800-1-300x225.webp",300,225,true],"large":["https:\/\/imagazine.it\/wp-content\/uploads\/2024\/01\/8800-1.webp",640,480,false],"thumblist":["https:\/\/imagazine.it\/wp-content\/uploads\/2024\/01\/8800-1.webp",300,225,false],"thumbrelated":["https:\/\/imagazine.it\/wp-content\/uploads\/2024\/01\/8800-1.webp",500,375,false],"meccarouselthumb":["https:\/\/imagazine.it\/wp-content\/uploads\/2024\/01\/8800-1.webp",432,324,false],"gridsquare":["https:\/\/imagazine.it\/wp-content\/uploads\/2024\/01\/8800-1.webp",347,260,false],"tileview":["https:\/\/imagazine.it\/wp-content\/uploads\/2024\/01\/8800-1.webp",300,225,false],"1536x1536":["https:\/\/imagazine.it\/wp-content\/uploads\/2024\/01\/8800-1.webp",816,612,false],"2048x2048":["https:\/\/imagazine.it\/wp-content\/uploads\/2024\/01\/8800-1.webp",816,612,false],"newsup-slider-full":["https:\/\/imagazine.it\/wp-content\/uploads\/2024\/01\/8800-1.webp",816,612,false],"newsup-featured":["https:\/\/imagazine.it\/wp-content\/uploads\/2024\/01\/8800-1.webp",816,612,false],"newsup-medium":["https:\/\/imagazine.it\/wp-content\/uploads\/2024\/01\/8800-1-720x380.webp",720,380,true],"tptn_thumbnail":["https:\/\/imagazine.it\/wp-content\/uploads\/2024\/01\/8800-1.webp",250,188,false],"sow-carousel-default":["https:\/\/imagazine.it\/wp-content\/uploads\/2024\/01\/8800-1-272x182.webp",272,182,true]},"rttpg_author":{"display_name":"redazione","author_link":"https:\/\/imagazine.it\/home_desk\/author\/redazione\/"},"rttpg_comment":0,"rttpg_category":"<a href=\"https:\/\/imagazine.it\/home_desk\/category\/attualita\/\" rel=\"category tag\">ATTUALIT\u00c0<\/a>","rttpg_excerpt":"Anche a Buttrio e Remanzacco","_links":{"self":[{"href":"https:\/\/imagazine.it\/home_desk\/wp-json\/wp\/v2\/posts\/16392","targetHints":{"allow":["GET"]}}],"collection":[{"href":"https:\/\/imagazine.it\/home_desk\/wp-json\/wp\/v2\/posts"}],"about":[{"href":"https:\/\/imagazine.it\/home_desk\/wp-json\/wp\/v2\/types\/post"}],"author":[{"embeddable":true,"href":"https:\/\/imagazine.it\/home_desk\/wp-json\/wp\/v2\/users\/28"}],"replies":[{"embeddable":true,"href":"https:\/\/imagazine.it\/home_desk\/wp-json\/wp\/v2\/comments?post=16392"}],"version-history":[{"count":0,"href":"https:\/\/imagazine.it\/home_desk\/wp-json\/wp\/v2\/posts\/16392\/revisions"}],"wp:featuredmedia":[{"embeddable":true,"href":"https:\/\/imagazine.it\/home_desk\/wp-json\/wp\/v2\/media\/16393"}],"wp:attachment":[{"href":"https:\/\/imagazine.it\/home_desk\/wp-json\/wp\/v2\/media?parent=16392"}],"wp:term":[{"taxonomy":"category","embeddable":true,"href":"https:\/\/imagazine.it\/home_desk\/wp-json\/wp\/v2\/categories?post=16392"},{"taxonomy":"post_tag","embeddable":true,"href":"https:\/\/imagazine.it\/home_desk\/wp-json\/wp\/v2\/tags?post=16392"}],"curies":[{"name":"wp","href":"https:\/\/api.w.org\/{rel}","templated":true}]}}