{"id":16386,"date":"2015-02-12T00:00:00","date_gmt":"2015-02-11T23:00:00","guid":{"rendered":"https:\/\/imagazine.it\/?p=16386"},"modified":"2015-02-12T00:00:00","modified_gmt":"2015-02-11T23:00:00","slug":"giovanni-allevi-da-sanremo-a-trieste-con-amore","status":"publish","type":"post","link":"https:\/\/imagazine.it\/home_desk\/giovanni-allevi-da-sanremo-a-trieste-con-amore\/","title":{"rendered":"Giovanni Allevi, da Sanremo a Trieste con&#8230; amore"},"content":{"rendered":"<p class=\"ui-droppable\" style=\"text-align: justify;\"> \tIl pianista, compositore e direttore d\u2019orchestra\u00a0<strong>Giovanni Allevi<\/strong>\u00a0sar\u00e0 ospite domani della quarta serata del Festival di Sanremo. Al Teatro Ariston Allevi presenter\u00e0 in anteprima televisiva il suo nuovo album in studio, dal titolo \u201c<strong>LOVE<\/strong>\u201d, pubblicato lo scorso 20 maggio.<\/p>\n<\/p>\n<p class=\"ui-droppable\" style=\"text-align: justify;\"> \tNelle prossime settimane Allevi partir\u00e0 per la nuova tourn\u00e9e che lo vedr\u00e0 impegnato in piano solo nelle principali citt\u00e0 europee \u2013 Londra, Bruxelles, Parigi, Barcellona \u2013 e nelle principali citt\u00e0 italiane, tra cui\u00a0<strong>Trieste,<\/strong>\u00a0per un unico concerto in\u00a0<strong>Friuli Venezia Giulia<\/strong>, che si terr\u00e0\u00a0<strong>domenica 26 aprile<\/strong>\u00a0al\u00a0<strong>Politeama Rossetti<\/strong>.<\/p>\n<p class=\"ui-droppable\" style=\"text-align: justify;\"> \tI biglietti\u00a0per la data triestina sono in vendita online su <a href=\"http:\/\/www.ticketone.it\" target=\"_blank\" rel=\"noopener\">Ticketone.it<\/a> e <a href=\"http:\/\/www.vivaticket.it\" target=\"_blank\" rel=\"noopener\">VivaTicket.it<\/a>, nei punti autorizzati Ticketone e Azalea Promotion e alle biglietterie dello Stabile regionale.<\/p>\n<p class=\"ui-droppable\" style=\"text-align: justify;\"> \t\u00a0<\/p>\n<p class=\"ui-droppable\" style=\"text-align: justify;\"> \t<strong><u>IL nuovo album \u201cLOVE\u201d<\/u><\/strong><\/p>\n<p class=\"ui-droppable\" style=\"text-align: justify;\"> \tA quattro anni dal disco di platino ottenuto con \u201c<strong>Alien<\/strong>\u201d e dopo l\u2019esperienza sinfonica dell\u2019album \u201c<strong>Sunrise<\/strong>\u201d, Giovanni Allevi torna al pianoforte solo con un nuovo progetto e un titolo che \u00e8 una vera e propria affermazione d\u2019amore nei confronti dell\u2019esistenza: \u201c<strong>LOVE<\/strong>\u201d, un viaggio nell\u2019anima per tornare ad amare il mondo. Anticipato dai singoli \u201c<strong>My Family<\/strong>\u201d e \u201c<strong>Loving You<\/strong>\u201d, \u201c<strong>LOVE<\/strong>\u201d \u00e8 il nono album di studio dell\u2019artista, nuova tappa di un percorso di crescita artistica e umana del compositore, pianista e direttore d\u2019orchestra, che ha gi\u00e0 ottenuto numerosi riconoscimenti nella sua ventennale carriera. \u201c<strong>LOVE<\/strong>\u201d contiene tredici tracce, tredici pagine di un diario musicale autentico, sincero e fortemente emotivo, che raccontano l\u2019amore nelle sue molteplici forme. Ed ecco l\u2019amore romantico in \u201c<strong>Loving You<\/strong>\u201d, quello quotidiano in \u201c<strong>Come with me<\/strong>\u201d, quello fisico in \u201c<strong>Lovers<\/strong>\u201d, l&#39;amore struggente in \u201c<strong>Asian Eyes<\/strong>\u201d, quello sublime in \u201c<strong>Amor Sacro<\/strong>\u201d, quello per le persone pi\u00f9 care in \u201c<strong>My Family<\/strong>\u201d e \u201c<strong>La stanza dei Giochi<\/strong>\u201d, l\u2019estasi d\u2019amore di \u201c<strong>Yuzen<\/strong>\u201d, l\u2019amore per le cose semplici di \u201c<strong>Sweetie Pie<\/strong>\u201d, e per quelle apparentemente pi\u00f9 complicate in \u201c<strong>It doesn\u2019t Work<\/strong>\u201d, quello per s\u00e9 &#8211; che \u00e8 anche il pi\u00f9 difficile &#8211; de \u201c<strong>L\u2019Albatros<\/strong>\u201d (ispirato alla poesia di Baudelaire) e per i lati pi\u00f9 complessi della propria personalit\u00e0, \u201c<strong>The Other Side of Me<\/strong>\u201d, fino ad arrivare al cosmico desiderio di libert\u00e0 di \u201c<strong>Asteroid 111561<\/strong>\u201d (dal nome dell\u2019asteroide che la NASA ha recentemente dedicato al compositore).<\/p>\n","protected":false},"excerpt":{"rendered":"<p>Attesa per il concerto al Rossetti<\/p>\n","protected":false},"author":28,"featured_media":16387,"comment_status":"closed","ping_status":"closed","sticky":false,"template":"","format":"standard","meta":{"dwc-title":[],"dwc-content":[],"footnotes":""},"categories":[37],"tags":[],"class_list":["post-16386","post","type-post","status-publish","format-standard","has-post-thumbnail","hentry","category-cultura-e-spettacolo"],"rttpg_featured_image_url":{"full":["https:\/\/imagazine.it\/wp-content\/uploads\/2024\/01\/8794-1.webp",450,300,false],"landscape":["https:\/\/imagazine.it\/wp-content\/uploads\/2024\/01\/8794-1.webp",450,300,false],"portraits":["https:\/\/imagazine.it\/wp-content\/uploads\/2024\/01\/8794-1.webp",450,300,false],"thumbnail":["https:\/\/imagazine.it\/wp-content\/uploads\/2024\/01\/8794-1-150x150.webp",150,150,true],"medium":["https:\/\/imagazine.it\/wp-content\/uploads\/2024\/01\/8794-1-300x200.webp",300,200,true],"large":["https:\/\/imagazine.it\/wp-content\/uploads\/2024\/01\/8794-1.webp",450,300,false],"thumblist":["https:\/\/imagazine.it\/wp-content\/uploads\/2024\/01\/8794-1.webp",300,200,false],"thumbrelated":["https:\/\/imagazine.it\/wp-content\/uploads\/2024\/01\/8794-1.webp",450,300,false],"meccarouselthumb":["https:\/\/imagazine.it\/wp-content\/uploads\/2024\/01\/8794-1.webp",450,300,false],"gridsquare":["https:\/\/imagazine.it\/wp-content\/uploads\/2024\/01\/8794-1.webp",391,260,false],"tileview":["https:\/\/imagazine.it\/wp-content\/uploads\/2024\/01\/8794-1.webp",300,200,false],"1536x1536":["https:\/\/imagazine.it\/wp-content\/uploads\/2024\/01\/8794-1.webp",450,300,false],"2048x2048":["https:\/\/imagazine.it\/wp-content\/uploads\/2024\/01\/8794-1.webp",450,300,false],"newsup-slider-full":["https:\/\/imagazine.it\/wp-content\/uploads\/2024\/01\/8794-1.webp",450,300,false],"newsup-featured":["https:\/\/imagazine.it\/wp-content\/uploads\/2024\/01\/8794-1.webp",450,300,false],"newsup-medium":["https:\/\/imagazine.it\/wp-content\/uploads\/2024\/01\/8794-1.webp",450,300,false],"tptn_thumbnail":["https:\/\/imagazine.it\/wp-content\/uploads\/2024\/01\/8794-1.webp",250,167,false],"sow-carousel-default":["https:\/\/imagazine.it\/wp-content\/uploads\/2024\/01\/8794-1-272x182.webp",272,182,true]},"rttpg_author":{"display_name":"redazione","author_link":"https:\/\/imagazine.it\/home_desk\/author\/redazione\/"},"rttpg_comment":0,"rttpg_category":"<a href=\"https:\/\/imagazine.it\/home_desk\/category\/cultura-e-spettacolo\/\" rel=\"category tag\">CULTURA&amp;SPETTACOLO<\/a>","rttpg_excerpt":"Attesa per il concerto al Rossetti","_links":{"self":[{"href":"https:\/\/imagazine.it\/home_desk\/wp-json\/wp\/v2\/posts\/16386","targetHints":{"allow":["GET"]}}],"collection":[{"href":"https:\/\/imagazine.it\/home_desk\/wp-json\/wp\/v2\/posts"}],"about":[{"href":"https:\/\/imagazine.it\/home_desk\/wp-json\/wp\/v2\/types\/post"}],"author":[{"embeddable":true,"href":"https:\/\/imagazine.it\/home_desk\/wp-json\/wp\/v2\/users\/28"}],"replies":[{"embeddable":true,"href":"https:\/\/imagazine.it\/home_desk\/wp-json\/wp\/v2\/comments?post=16386"}],"version-history":[{"count":0,"href":"https:\/\/imagazine.it\/home_desk\/wp-json\/wp\/v2\/posts\/16386\/revisions"}],"wp:featuredmedia":[{"embeddable":true,"href":"https:\/\/imagazine.it\/home_desk\/wp-json\/wp\/v2\/media\/16387"}],"wp:attachment":[{"href":"https:\/\/imagazine.it\/home_desk\/wp-json\/wp\/v2\/media?parent=16386"}],"wp:term":[{"taxonomy":"category","embeddable":true,"href":"https:\/\/imagazine.it\/home_desk\/wp-json\/wp\/v2\/categories?post=16386"},{"taxonomy":"post_tag","embeddable":true,"href":"https:\/\/imagazine.it\/home_desk\/wp-json\/wp\/v2\/tags?post=16386"}],"curies":[{"name":"wp","href":"https:\/\/api.w.org\/{rel}","templated":true}]}}