{"id":16353,"date":"2015-02-05T00:00:00","date_gmt":"2015-02-04T23:00:00","guid":{"rendered":"https:\/\/imagazine.it\/?p=16353"},"modified":"2015-02-05T00:00:00","modified_gmt":"2015-02-04T23:00:00","slug":"come-trovare-le-parole-per-dirlo","status":"publish","type":"post","link":"https:\/\/imagazine.it\/home_desk\/come-trovare-le-parole-per-dirlo\/","title":{"rendered":"Come trovare le parole per dirlo?"},"content":{"rendered":"<p style=\"text-align: justify;\" class=\"ui-droppable\"> \tChe cos\u2019\u00e8 un matrimonio? Quali confini dividono i giovani dagli anziani? Che significa oggi affidare un mandato politico? Possiamo ancora avere fiducia nel mercato? Al di l\u00e0 dei luoghi comuni, domande come queste rischiano di restare inevase, o ricevono risposte insufficienti e schematiche. Sono la spia della nostra incertezza davanti alle profonde trasformazioni culturali, politiche, antropologiche in corso, e dunque richiedono un supplemento di indagine.<\/p>\n<p style=\"text-align: justify;\" class=\"ui-droppable\"> \t\u00c8 questo lo spirito del ciclo <strong>\u201cLe parole per dirlo. Come cambiano le forme dei legami sociali\u201d<\/strong>, la nuova iniziativa che <strong>vicino\/lontano<\/strong> e la <strong>Sezione Fvg della Societ\u00e0 Filosofica Italiana<\/strong>, con il patrocinio del <strong>Comune di Udine<\/strong>, propongono alla citt\u00e0 in attesa e come\u00a0 anticipazione del festival <em>vicino\/lontano<\/em> di maggio, che articoler\u00e0 il programma\u00a0 della sua XI edizione intorno al tema \u201cTotem e tab\u00f9\u201d e si svolger\u00e0 a Udine da gioved\u00ec 7 a domenica 10 maggio, ospitando come sempre il Premio Letterario internazionale Tiziano Terzani e la serata dedicata al vincitore, in calendario sabato 9 al Teatro Nuovo Giovanni da Udine.<\/p>\n<p style=\"text-align: justify;\" class=\"ui-droppable\"> \tIl progetto <strong>\u201cLe parole per dirlo\u201d <\/strong>si sviluppa in quattro incontri \u2013 l\u2019ultimo dei quali avr\u00e0 luogo proprio durante il festival \u2013 ed \u00e8 a cura di <strong>Beatrice Bonato<\/strong>, membro del comitato scientifico di <em>vicino\/lontano<\/em> e del direttivo della Sezione Fvg della SFI. In una societ\u00e0 che si evolve sempre pi\u00f9 rapidamente, posti davanti al mutamento siamo tentati di rispondervi passando da nuovi a vecchi pregiudizi, solo perch\u00e9 non riusciamo ancora a trovare le forme per pensare il nuovo e le \u201cparole per dirlo\u201d.<\/p>\n<p style=\"text-align: justify;\" class=\"ui-droppable\"> \t\u00c8 questo il filo conduttore degli incontri, che avranno inizio mercoled\u00ec 11 febbraio alle 18, alla Casa della Contadinanza in Castello a Udine con un focus di approfondimento su uno dei temi pi\u00f9 dibattuti in Italia negli ultimi mesi: <strong><em>La posta in gioco del matrimonio gay<\/em><\/strong>. Interverranno <strong>Luisa Accati<\/strong>, storica e antropologa, gi\u00e0 docente all\u2019Universit\u00e0 di Trieste, autrice di importanti saggi sui mutamenti delle figure paterna e materna, e <strong>Francesco Bilotta<\/strong>, ricercatore di Diritto privato all\u2019Universit\u00e0 di Udine, avvocato e socio fondatore di Avvocatura per i diritti LGBTI\u2013Rete Lenford. Punto di partenza della discussione sar\u00e0 il dibattito sulla legalizzazione delle unioni omosessuali, che in Italia incontra forti resistenze, spesso mascherate da una generica tolleranza o da un nuovo conformismo. Se ne parler\u00e0 cercando di evitare la falsa alternativa tra diritti civili e diritti sociali, a volte usata come argomento contro il \u201cmatrimonio per tutti\u201d. Senza negare, d\u2019altra parte, che questa prospettiva muta il senso del simbolo matrimoniale, tradizionalmente associato alla differenza tra i sessi.<\/p>\n<p style=\"text-align: justify;\" class=\"ui-droppable\"> \tIl secondo appuntamento, in calendario <strong>mercoled\u00ec 25 marzo<\/strong>, sempre alla Casa della Contadinanza, propone un confronto dal titolo <strong><em>Giovani e vecchi. Dai riti di passaggio alle rottamazioni<\/em><\/strong>. Protagonisti <strong>Francesco Stoppa<\/strong>, psicoanalista e coordinatore a Pordenone del progetto di comunit\u00e0 \u201cGenius loci\u201d, e <strong>Davide Zoletto<\/strong>, docente di Pedagogia interculturale all\u2019Universit\u00e0 di Udine e membro del comitato scientifico di vicino\/lontano. Ancora alla Casa della Contadinanza, <strong>mercoled\u00ec 22 aprile<\/strong> si discuter\u00e0 di <strong><em>Politica e potere. Chi sono i soggetti del \u201cpatto\u201d?<\/em><\/strong>, con <strong>Giacomo Marramao<\/strong>, docente di Filosofia teoretica e Filosofia politica all\u2019Universit\u00e0 di Roma, autore di fondamentali opere di filosofia politica, e <strong>Luca Taddio<\/strong>, editore di Mimesis e studioso di fenomenologia, estetica e politica. L\u2019ultimo incontro \u00e8 in calendario <strong>sabato 9 maggio<\/strong>, durante il festival vicino\/lontano, questa volta all\u2019Oratorio del Cristo: <strong><em>Il totem del mercato<\/em><\/strong>, con <strong>Nicola Gasbarro<\/strong>, docente di Antropologia culturale all\u2019Universit\u00e0 di Udine e presidente del comitato scientifico di vicino\/lontano, e con i filosofi <strong>Giovanni Leghissa<\/strong>, ricercatore e docente all\u2019Universit\u00e0 di Torino, oltre che membro del comitato scientifico di vicino\/lontano, e <strong>Andrea Zhok<\/strong>, docente di Antropologia filosofica all\u2019Universit\u00e0 di Milano. Tutti gli incontri, a ingresso libero, saranno condotti da Beatrice Bonato.\u00a0<\/p>\n","protected":false},"excerpt":{"rendered":"<p>Al via l&#8217;anteprima di &#8220;vicino\/lontano&#8221;<\/p>\n","protected":false},"author":28,"featured_media":16354,"comment_status":"closed","ping_status":"closed","sticky":false,"template":"","format":"standard","meta":{"dwc-title":[],"dwc-content":[],"footnotes":""},"categories":[37],"tags":[],"class_list":["post-16353","post","type-post","status-publish","format-standard","has-post-thumbnail","hentry","category-cultura-e-spettacolo"],"rttpg_featured_image_url":{"full":["https:\/\/imagazine.it\/wp-content\/uploads\/2024\/01\/8720-1.webp",600,400,false],"landscape":["https:\/\/imagazine.it\/wp-content\/uploads\/2024\/01\/8720-1.webp",600,400,false],"portraits":["https:\/\/imagazine.it\/wp-content\/uploads\/2024\/01\/8720-1.webp",600,400,false],"thumbnail":["https:\/\/imagazine.it\/wp-content\/uploads\/2024\/01\/8720-1-150x150.webp",150,150,true],"medium":["https:\/\/imagazine.it\/wp-content\/uploads\/2024\/01\/8720-1-300x200.webp",300,200,true],"large":["https:\/\/imagazine.it\/wp-content\/uploads\/2024\/01\/8720-1.webp",600,400,false],"thumblist":["https:\/\/imagazine.it\/wp-content\/uploads\/2024\/01\/8720-1.webp",300,200,false],"thumbrelated":["https:\/\/imagazine.it\/wp-content\/uploads\/2024\/01\/8720-1.webp",500,333,false],"meccarouselthumb":["https:\/\/imagazine.it\/wp-content\/uploads\/2024\/01\/8720-1.webp",474,316,false],"gridsquare":["https:\/\/imagazine.it\/wp-content\/uploads\/2024\/01\/8720-1.webp",391,260,false],"tileview":["https:\/\/imagazine.it\/wp-content\/uploads\/2024\/01\/8720-1.webp",300,200,false],"1536x1536":["https:\/\/imagazine.it\/wp-content\/uploads\/2024\/01\/8720-1.webp",600,400,false],"2048x2048":["https:\/\/imagazine.it\/wp-content\/uploads\/2024\/01\/8720-1.webp",600,400,false],"newsup-slider-full":["https:\/\/imagazine.it\/wp-content\/uploads\/2024\/01\/8720-1.webp",600,400,false],"newsup-featured":["https:\/\/imagazine.it\/wp-content\/uploads\/2024\/01\/8720-1.webp",600,400,false],"newsup-medium":["https:\/\/imagazine.it\/wp-content\/uploads\/2024\/01\/8720-1-600x380.webp",600,380,true],"tptn_thumbnail":["https:\/\/imagazine.it\/wp-content\/uploads\/2024\/01\/8720-1.webp",250,167,false],"sow-carousel-default":["https:\/\/imagazine.it\/wp-content\/uploads\/2024\/01\/8720-1-272x182.webp",272,182,true]},"rttpg_author":{"display_name":"redazione","author_link":"https:\/\/imagazine.it\/home_desk\/author\/redazione\/"},"rttpg_comment":0,"rttpg_category":"<a href=\"https:\/\/imagazine.it\/home_desk\/category\/cultura-e-spettacolo\/\" rel=\"category tag\">CULTURA&amp;SPETTACOLO<\/a>","rttpg_excerpt":"Al via l'anteprima di \"vicino\/lontano\"","_links":{"self":[{"href":"https:\/\/imagazine.it\/home_desk\/wp-json\/wp\/v2\/posts\/16353","targetHints":{"allow":["GET"]}}],"collection":[{"href":"https:\/\/imagazine.it\/home_desk\/wp-json\/wp\/v2\/posts"}],"about":[{"href":"https:\/\/imagazine.it\/home_desk\/wp-json\/wp\/v2\/types\/post"}],"author":[{"embeddable":true,"href":"https:\/\/imagazine.it\/home_desk\/wp-json\/wp\/v2\/users\/28"}],"replies":[{"embeddable":true,"href":"https:\/\/imagazine.it\/home_desk\/wp-json\/wp\/v2\/comments?post=16353"}],"version-history":[{"count":0,"href":"https:\/\/imagazine.it\/home_desk\/wp-json\/wp\/v2\/posts\/16353\/revisions"}],"wp:featuredmedia":[{"embeddable":true,"href":"https:\/\/imagazine.it\/home_desk\/wp-json\/wp\/v2\/media\/16354"}],"wp:attachment":[{"href":"https:\/\/imagazine.it\/home_desk\/wp-json\/wp\/v2\/media?parent=16353"}],"wp:term":[{"taxonomy":"category","embeddable":true,"href":"https:\/\/imagazine.it\/home_desk\/wp-json\/wp\/v2\/categories?post=16353"},{"taxonomy":"post_tag","embeddable":true,"href":"https:\/\/imagazine.it\/home_desk\/wp-json\/wp\/v2\/tags?post=16353"}],"curies":[{"name":"wp","href":"https:\/\/api.w.org\/{rel}","templated":true}]}}