{"id":16351,"date":"2015-02-05T00:00:00","date_gmt":"2015-02-04T23:00:00","guid":{"rendered":"https:\/\/imagazine.it\/?p=16351"},"modified":"2015-02-05T00:00:00","modified_gmt":"2015-02-04T23:00:00","slug":"cividale-aumentano-le-frequenze-al-centro-giovani","status":"publish","type":"post","link":"https:\/\/imagazine.it\/home_desk\/cividale-aumentano-le-frequenze-al-centro-giovani\/","title":{"rendered":"Cividale, aumentano le frequenze al Centro Giovani"},"content":{"rendered":"<p style=\"text-align: justify;\" class=\"ui-droppable\"> \tL\u2019amministrazione comunale di Cividale del Friuli ha confermato, con recente delibera, le stesse tariffe del 2014 anche per l\u2019anno in corso relativamente ai servizi a pagamento offerti dal Centro Giovani in localit\u00e0 Carraria.<\/p>\n<p style=\"text-align: justify;\" class=\"ui-droppable\"> \t\u201cSi tratta di tariffe simboliche \u2013 spiega il consigliere delegato alle Politiche Giovanili <strong>Giuseppe Ruolo<\/strong> \u2013 che hanno lo scopo di responsabilizzare i giovani sull\u2019utilizzo dei beni della comunit\u00e0\u201d.<\/p>\n<p style=\"text-align: justify;\" class=\"ui-droppable\"> \tAffittare la sala prove musicali costa 2,50 euro all\u2019ora per le band giovanili (che possono godere anche di tre tipi di tessere a ore a prezzi vantaggiosi), mentre i privati possono accedere alla sala a 6 euro orari.<\/p>\n<p style=\"text-align: justify;\" class=\"ui-droppable\"> \tLa sala compleanni \u00e8 utilizzabile a 6 euro all\u2019ora; in caso di prenotazione per un\u2019intera giornata la tariffa ammonta a 50 euro. Stesso costo orario (6 euro) anche per l\u2019affitto dell\u2019aula multimediale.<\/p>\n<p style=\"text-align: justify;\" class=\"ui-droppable\"> \tRicordiamo che il servizio Informagiovani del Comune di Cividale e il Centro di aggregazione giovanile sono stati accorpati in un unico servizio denominato <em>Centro Giovani Cividale<\/em>, con l\u2019integrazione delle competenze e lo spostamento degli arredi dell\u2019Informagiovani in via Carraria.<\/p>\n<p style=\"text-align: justify;\" class=\"ui-droppable\"> \tL\u2019edificio che fino a quel momento ospitava il Centro di aggregazione giovanile e l\u2019A.Vo.s. (nel frattempo trasferitasi a Rualis), \u00e8 quindi diventato sede del nuovo sportello unificato. La gestione del nuovo Centro Giovani di Carraria \u00e8 tuttora affidata all\u2019Associazione giovanile cividalese Comunicate.Civi.<\/p>\n<p style=\"text-align: justify;\" class=\"ui-droppable\"> \t\u201c\u00c8 un contesto molto apprezzato \u2013 continua \u00a0Ruolo \u2013 perch\u00e9 in esso i ragazzi trovano il luogo adatto sia per la libera aggregazione sia per la realizzazione di molte attivit\u00e0 specifiche. L\u2019anno 2014 si \u00e8 concluso, infatti, \u00a0con dati molto positivi in quanto c\u2019\u00e8 stato un afflusso di ben 8.629 giovani\u201d.<\/p>\n<p style=\"text-align: justify;\" class=\"ui-droppable\"> \tGli orari di apertura del Centro Giovani sono dal marted\u00ec al venerd\u00ec dalle ore 16 alle 18.30; il sabato dalle 15 alle 18. Gi\u00e0 attivo da qualche giorno il Laboratorio di cartapesta e maschere tradizionali \u201cMascaria\u201d, a cura del maestro <strong>Bepi Monai<\/strong>, che si sta tenendo, sempre al Centro Giovani Cividale, ogni marted\u00ec e venerd\u00ec fino al 13 febbraio. Il laboratorio di maschere \u00e8 un&#8217;attivit\u00e0 che precede l&#8217;ormai tradizionale carnevale in piazza organizzato dai giovani delle diverse realt\u00e0 associative del territorio e che quest&#8217;anno si terr\u00e0 nella giornata di marted\u00ec 17 febbraio.L\u2019amministrazione comunale di Cividale del Friuli ha confermato, con recente delibera, le stesse tariffe del 2014 anche per l\u2019anno in corso relativamente ai servizi a pagamento offerti dal Centro Giovani in localit\u00e0 Carraria.<\/p>\n<p style=\"text-align: justify;\" class=\"ui-droppable\"> \t\u201cSi tratta di tariffe simboliche \u2013 spiega il consigliere delegato alle Politiche Giovanili <strong>Giuseppe Ruolo<\/strong> \u2013 che hanno lo scopo di responsabilizzare i giovani sull\u2019utilizzo dei beni della comunit\u00e0\u201d.<\/p>\n<p style=\"text-align: justify;\" class=\"ui-droppable\"> \tAffittare la sala prove musicali costa 2,50 euro all\u2019ora per le band giovanili (che possono godere anche di tre tipi di tessere a ore a prezzi vantaggiosi), mentre i privati possono accedere alla sala a 6 euro orari.<\/p>\n<p style=\"text-align: justify;\" class=\"ui-droppable\"> \tLa sala compleanni \u00e8 utilizzabile a 6 euro all\u2019ora; in caso di prenotazione per un\u2019intera giornata la tariffa ammonta a 50 euro. Stesso costo orario (6 euro) anche per l\u2019affitto dell\u2019aula multimediale.<\/p>\n<p style=\"text-align: justify;\" class=\"ui-droppable\"> \tRicordiamo che il servizio Informagiovani del Comune di Cividale e il Centro di aggregazione giovanile sono stati accorpati in un unico servizio denominato <em>Centro Giovani Cividale<\/em>, con l\u2019integrazione delle competenze e lo spostamento degli arredi dell\u2019Informagiovani in via Carraria.<\/p>\n<p style=\"text-align: justify;\" class=\"ui-droppable\"> \tL\u2019edificio che fino a quel momento ospitava il Centro di aggregazione giovanile e l\u2019A.Vo.s. (nel frattempo trasferitasi a Rualis), \u00e8 quindi diventato sede del nuovo sportello unificato. La gestione del nuovo Centro Giovani di Carraria \u00e8 tuttora affidata all\u2019Associazione giovanile cividalese Comunicate.Civi.<\/p>\n<p style=\"text-align: justify;\" class=\"ui-droppable\"> \t\u201c\u00c8 un contesto molto apprezzato \u2013 continua \u00a0Ruolo \u2013 perch\u00e9 in esso i ragazzi trovano il luogo adatto sia per la libera aggregazione sia per la realizzazione di molte attivit\u00e0 specifiche. L\u2019anno 2014 si \u00e8 concluso, infatti, \u00a0con dati molto positivi in quanto c\u2019\u00e8 stato un afflusso di ben 8.629 giovani\u201d.<\/p>\n<p style=\"text-align: justify;\" class=\"ui-droppable\"> \tGli orari di apertura del Centro Giovani sono dal marted\u00ec al venerd\u00ec dalle ore 16 alle 18.30; il sabato dalle 15 alle 18. Gi\u00e0 attivo da qualche giorno il Laboratorio di cartapesta e maschere tradizionali \u201cMascaria\u201d, a cura del maestro <strong>Bepi Monai<\/strong>, che si sta tenendo, sempre al Centro Giovani Cividale, ogni marted\u00ec e venerd\u00ec fino al 13 febbraio. Il laboratorio di maschere \u00e8 un&#8217;attivit\u00e0 che precede l&#8217;ormai tradizionale carnevale in piazza organizzato dai giovani delle diverse realt\u00e0 associative del territorio e che quest&#8217;anno si terr\u00e0 nella giornata di marted\u00ec 17 febbraio.<\/p>\n","protected":false},"excerpt":{"rendered":"<p>Prezzi invariati per il 2015<\/p>\n","protected":false},"author":28,"featured_media":16352,"comment_status":"closed","ping_status":"closed","sticky":false,"template":"","format":"standard","meta":{"dwc-title":[],"dwc-content":[],"footnotes":""},"categories":[5],"tags":[],"class_list":["post-16351","post","type-post","status-publish","format-standard","has-post-thumbnail","hentry","category-attualita"],"rttpg_featured_image_url":{"full":["https:\/\/imagazine.it\/wp-content\/uploads\/2024\/01\/8717-1.webp",695,467,false],"landscape":["https:\/\/imagazine.it\/wp-content\/uploads\/2024\/01\/8717-1.webp",695,467,false],"portraits":["https:\/\/imagazine.it\/wp-content\/uploads\/2024\/01\/8717-1.webp",695,467,false],"thumbnail":["https:\/\/imagazine.it\/wp-content\/uploads\/2024\/01\/8717-1-150x150.webp",150,150,true],"medium":["https:\/\/imagazine.it\/wp-content\/uploads\/2024\/01\/8717-1-300x202.webp",300,202,true],"large":["https:\/\/imagazine.it\/wp-content\/uploads\/2024\/01\/8717-1.webp",640,430,false],"thumblist":["https:\/\/imagazine.it\/wp-content\/uploads\/2024\/01\/8717-1.webp",300,202,false],"thumbrelated":["https:\/\/imagazine.it\/wp-content\/uploads\/2024\/01\/8717-1.webp",500,336,false],"meccarouselthumb":["https:\/\/imagazine.it\/wp-content\/uploads\/2024\/01\/8717-1.webp",474,319,false],"gridsquare":["https:\/\/imagazine.it\/wp-content\/uploads\/2024\/01\/8717-1.webp",387,260,false],"tileview":["https:\/\/imagazine.it\/wp-content\/uploads\/2024\/01\/8717-1.webp",300,202,false],"1536x1536":["https:\/\/imagazine.it\/wp-content\/uploads\/2024\/01\/8717-1.webp",695,467,false],"2048x2048":["https:\/\/imagazine.it\/wp-content\/uploads\/2024\/01\/8717-1.webp",695,467,false],"newsup-slider-full":["https:\/\/imagazine.it\/wp-content\/uploads\/2024\/01\/8717-1.webp",695,467,false],"newsup-featured":["https:\/\/imagazine.it\/wp-content\/uploads\/2024\/01\/8717-1.webp",695,467,false],"newsup-medium":["https:\/\/imagazine.it\/wp-content\/uploads\/2024\/01\/8717-1-695x380.webp",695,380,true],"tptn_thumbnail":["https:\/\/imagazine.it\/wp-content\/uploads\/2024\/01\/8717-1.webp",250,168,false],"sow-carousel-default":["https:\/\/imagazine.it\/wp-content\/uploads\/2024\/01\/8717-1-272x182.webp",272,182,true]},"rttpg_author":{"display_name":"redazione","author_link":"https:\/\/imagazine.it\/home_desk\/author\/redazione\/"},"rttpg_comment":0,"rttpg_category":"<a href=\"https:\/\/imagazine.it\/home_desk\/category\/attualita\/\" rel=\"category tag\">ATTUALIT\u00c0<\/a>","rttpg_excerpt":"Prezzi invariati per il 2015","_links":{"self":[{"href":"https:\/\/imagazine.it\/home_desk\/wp-json\/wp\/v2\/posts\/16351","targetHints":{"allow":["GET"]}}],"collection":[{"href":"https:\/\/imagazine.it\/home_desk\/wp-json\/wp\/v2\/posts"}],"about":[{"href":"https:\/\/imagazine.it\/home_desk\/wp-json\/wp\/v2\/types\/post"}],"author":[{"embeddable":true,"href":"https:\/\/imagazine.it\/home_desk\/wp-json\/wp\/v2\/users\/28"}],"replies":[{"embeddable":true,"href":"https:\/\/imagazine.it\/home_desk\/wp-json\/wp\/v2\/comments?post=16351"}],"version-history":[{"count":0,"href":"https:\/\/imagazine.it\/home_desk\/wp-json\/wp\/v2\/posts\/16351\/revisions"}],"wp:featuredmedia":[{"embeddable":true,"href":"https:\/\/imagazine.it\/home_desk\/wp-json\/wp\/v2\/media\/16352"}],"wp:attachment":[{"href":"https:\/\/imagazine.it\/home_desk\/wp-json\/wp\/v2\/media?parent=16351"}],"wp:term":[{"taxonomy":"category","embeddable":true,"href":"https:\/\/imagazine.it\/home_desk\/wp-json\/wp\/v2\/categories?post=16351"},{"taxonomy":"post_tag","embeddable":true,"href":"https:\/\/imagazine.it\/home_desk\/wp-json\/wp\/v2\/tags?post=16351"}],"curies":[{"name":"wp","href":"https:\/\/api.w.org\/{rel}","templated":true}]}}