{"id":16345,"date":"2015-02-04T00:00:00","date_gmt":"2015-02-03T23:00:00","guid":{"rendered":"https:\/\/imagazine.it\/?p=16345"},"modified":"2015-02-04T00:00:00","modified_gmt":"2015-02-03T23:00:00","slug":"labbraccio-del-friuli-a-luis-sepulveda","status":"publish","type":"post","link":"https:\/\/imagazine.it\/home_desk\/labbraccio-del-friuli-a-luis-sepulveda\/","title":{"rendered":"L&#8217;abbraccio del Friuli a Luis Sep\u00f9lveda"},"content":{"rendered":"<p style=\"text-align: justify;\" class=\"ui-droppable\"> \tConcentrato in otto giorni intensissimi, nel corso dei quali il pubblico potra\u0300 seguire un percorso organico di riflessione sull\u2019opera, il pensiero e il mondo dell\u2019autore protagonista, il festival <em>Dedica<\/em> si terr\u00e0 dal 7 al 14 marzo, a Pordenone, accendendo le luci su <strong>Luis Sep\u00f9lveda, <\/strong>romanziere di enorme successo in tutto il mondo. Una formula rinnovata per una rassegna che mantiene invece quelle caratteristiche che l\u2019hanno resa unica e originale nel panorama culturale italiano e nel contempo ne fanno uno degli eventi di eccellenza della regione, capace di \u201cesportare\u201d la migliore immagine del Friuli Venezia Giulia e di Pordenone.<\/p>\n<p style=\"text-align: justify;\" class=\"ui-droppable\"> \tIl festival che ha portato in citt\u00e0 alcuni tra i massimi scrittori al mondo, fra i quali i premi Nobel Wole Soyinka e Nadine Gordimer (festeggiata nel corso di Dedica da un altro Nobel, Kofi Annan), Paul Auster, Anita Desai, Amos Oz, Hans Magnus Enzensberger, l\u2019anno scorso Tahar Ben Jelloun, gli italiani Claudio Magris, Antonio Tabucchi, Dacia Maraini, approda al 21. anno<strong>.<\/strong> E lo fa ancora con un grande autore della letteratura mondiale, che \u00e8 anche cineasta, autore teatrale, poeta, testimone di come la qualita\u0300 letteraria puo\u0300 coesistere con la popolarit\u00e0, portatore di un universo narrativo pieno di humour e di speranza, di temi come il viaggio e l\u2019utopia, l\u2019avventura e la politica, l\u2019amore e la guerra, l\u2019ironia e il mistero, l\u2019amicizia e la lealta\u0300, la passione e il rispetto per la natura.<\/p>\n<p style=\"text-align: justify;\" class=\"ui-droppable\"> \tSeguendo queste suggestioni <em>Dedica<\/em>, che quest\u2019anno si avvale della direzione artistica di Bruno Arpaia, romanziere, giornalista, consulente editoriale, traduttore ed esperto di letteratura spagnola e latinoamericana, si snoder\u00e0 fra interviste, spettacoli, cinema, teatro, poesia, musica un percorso con 11 appuntamenti che si alterneranno fra il Convento di San Francesco, il Teatro Verdi, il Deposito, l\u2019auditorium Concordia e il Municipio della citt\u00e0.<\/p>\n<p style=\"text-align: justify;\" class=\"ui-droppable\"> \tll festival si aprir\u00e0 sabato 7 marzo, quando lo scrittore, dialogando a tutto tondo con <strong>Bruno Arpaia<\/strong>, incontrer\u00e0 la citt\u00e0, alle 16.30, nel Teatro Verdi, realt\u00e0 che oltre ad essere punto di riferimento degli eventi culturali pi\u00f9 importanti in citt\u00e0, collabora da sempre attivamente con il festival e con l\u2019associazione Thesis. Sempre sabato 7, alle 20.45 (Teatro Verdi) <em>Dedica<\/em> si far\u00e0 teatro con la <em>mise en espace<\/em> <strong>STORIE CLANDESTINE, <\/strong>esclusivaT hesis\/Dedicafestival. Un \u201cvecchio\u201d amico del festival qual \u00e8 l\u2019attore e scrittore <strong>Giuseppe Cederna<\/strong>, insieme a Bruno Arpaia e con l\u2019accompagnamento alla chitarra di <strong>Alberto Capelli<\/strong>, con immagini, parole e musica, a partire da due racconti di Sepu\u0301lveda, ripercorrer\u00e0 gli anni immediatamente successivi alla morte di Che Guevara in Bolivia, quelli della lunga campagna elettorale che portera\u0300 Salvador Allende alla presidenza cilena e quelli del breve esperimento socialista presto stroncato dal colpo di stato di Augusto Pinochet, attraverso le storie di personaggi affascinanti, ragazzi idealisti e perfino ingenui, decisi a giocarsi il tutto per tutto.<\/p>\n<p style=\"text-align: justify;\" class=\"ui-droppable\"> \t<strong>Domenica 8 marzo<\/strong> (Convento di San Francesco, ore 17), con <strong>IL PASSATO DAVANTI A NOI,<\/strong> uno dei momenti pi\u00f9 attesi, la\u00a0 prima presentazione assoluta del nuovo libro di Luis Sepu\u0301lveda, \u201cL\u2019avventurosa storia dell\u2019uzbeko muto\u201d (Guanda) raccolta di imperdibili racconti nei quali lo scrittore cileno cerca di scoprire se c\u2019e\u0300 ancora qualcosa di utile che e\u0300 rimasto dimenticato, sepolto, impolverato, tra le macerie degli anni Settanta. L\u2019autore dialogher\u00e0 con <strong>Ilide Carmignani<\/strong>, traduttrice di tutti i suoi libri.<\/p>\n<p style=\"text-align: justify;\" class=\"ui-droppable\"> \t<strong>Marted\u00ec 10 marzo<\/strong> (Convento San Francesco ore 20.45), con <strong>POESIE SENZA PATRIA, <\/strong>esclusiva Thesis\/Dedicafestival, \u00a0Sepu\u0301lveda, che si definisce \u201cfanatico lettore di poesia\u201d, recitera\u0300 versi composti da lui stesso, alcuni dei quali inediti e quasi \u201cprivati\u201d, e avr\u00e0 accanto a s\u00e9 una grande poetessa, la moglie <strong>Carmen Ya\u0301n\u0303ez,<\/strong> che leggera\u0300 testi tratti dal suo ultimo libro, \u201cCardellini della pioggia\u201d, pubblicato proprio in concomitanza con Dedica. A ricreare con la musica la magia della parola poetica ci sar\u00e0 Il Trio composto da <strong>Ginevra Di Marco,<\/strong> indimenticabile voce dei C.S.I., premio Tenco e premio Ciampi, Francesco Magnelli, mente compositiva della band, e Andrea Salvadori.<\/p>\n<p style=\"text-align: justify;\" class=\"ui-droppable\"> \t<strong>Mercoled\u00ec 11 marzo<\/strong> (Convento di san Francesco, ore 20.45), <strong>SUR<\/strong>, serata di immagini, aperta da una proiezione multimediale con le splendide evocative foto di <strong>Daniel Mordzinski,<\/strong> il \u201cfotografo degli scrittori\u201d, scattate durante i suoi frequenti viaggi in Patagonia con l\u2019amico Sepu\u0301lveda; segue, in collaborazione con LaEffe, un documentario della regista Sylvie Deleule che esplora i segreti, i dolori privati, le battaglie politiche e i luoghi dei ricordi del grande scrittore cileno. Infine, <em>Corazo\u0301n verde<\/em>, un documentario di cui lo stesso Sepu\u0301lveda e\u0300 regista, insieme a Diego Meza, presentato alla 59a Mostra del Cinema di Venezia, che d\u00e0 voce ad ambientalisti, avvocati, contadini, maestri, pescatori accomunati dalla volonta\u0300 di difendere la natura della Patagonia cilena dagli assalti di una multinazionale.<\/p>\n<p style=\"text-align: justify;\" class=\"ui-droppable\"> \t<strong>Gioved\u00ec 12 marzo<\/strong> (convento San Francesco, ore 20.45), spazio al teatro con I<strong>L FUNERALE DI NERUDA\u00a0<\/strong>spettacolo di Luis Sepu\u0301lveda e <strong>Renzo Sicco<\/strong> realizzato da <strong>Assemblea Teatro <\/strong>(con Giovanni Boni, Roberta Fornier, Silvia Nati, Marco Pejrolo, Sonia Belforte). Presentato in Italia, Cile, Spagna, Messico e Guatemala, e\u0300 il racconto di uno straordinario atto d\u2019amore per il grande poeta cileno, morto il 23 settembre 1973. A pochi giorni dal golpe militare, l\u2019ultimo saluto a Neruda raccolse, nonostante il coprifuoco, una folla sterminata: la rappresentazione ricapitola i fatti, per collocarli dentro la storia e renderli noti, avvolgendoli con un\u2019incontrollabile emozione.<\/p>\n<p style=\"text-align: justify;\" class=\"ui-droppable\"> \t<strong>Venerd\u00ec 13 marzo<\/strong> (Deposito, ore 20.45) <strong>LUIS SEP\u00daLVEDA E MODENA CITY RAMBLERS IN CONCERTO<\/strong> in esclusiva per Thesis\/Dedicafestival. Non e\u0300 la prima volta che Sepu\u0301lveda e i Modena si incontrano. Per Dedica, pero\u0300, saranno per la prima volta insieme sul palco, in un evento unico, che mescolera\u0300 parole e musica, storie di lotte e di eroi marginali raccontate e cantate, percorsi clandestini, atmosfere popolari latinoamericane, celtiche e italiane. I Modena , che con questo appuntamento apriranno il nuovo tour, regaleranno in anteprima al pubblico alcuni brani del nuovo, attesissimo album.<\/p>\n<p style=\"text-align: justify;\" class=\"ui-droppable\"> \tAncora <strong>gioved\u00ec 12 e venerd\u00ec 13 marzo<\/strong> (auditorium Concordia), <strong>MAX, MIX E MEX Storia di un gatto e di un topo messicano,<\/strong> spettacolo teatrale di <strong>Assemblea Teatro<\/strong>, per la regia di <strong>Lino Spadaro <\/strong>e <strong>Renzo Sicco,<\/strong> tratto dal libro di Luis Sepu\u0301lveda \u201cStoria di un gatto e del topo che divento\u0300 suo amico\u201d, porter\u00e0 a 1.500 bambini delle scuole elementari tutta la magia di personaggi che hanno nomi bizzarri, divertenti in una storia dove tutto puo\u0300 accadere perche\u0301, come dice Sepu\u0301lveda, \u201cl\u2019amicizia supera ogni differenza, e\u0300 qualcosa che unisce e rende migliori\u201d.<\/p>\n<p style=\"text-align: justify;\" class=\"ui-droppable\"> \t<strong>Sabato 14 marzo<\/strong> (auditorium Concordia, ore 17) concluder\u00e0 il festival <strong>RACCONTARE, RESISTERE,<\/strong> incontro (condotto da Paolo Soraci) fra due grandi scrittori, Luis Sepu\u0301lveda e <strong>Giancarlo De Cataldo<\/strong>, molto diversi, ma accomunati dall\u2019idea che la letteratura debba sporcarsi le mani, guardare negli occhi il male e raccontare i cambiamenti della societa\u0300, gli intrecci perversi tra politica, finanza e malavita organizzata, gli aspetti piu\u0300 oscuri del nostro vivere. E raccontare le storie dei ribelli, dei perdenti, dei marginali, di chi non ha voce, di coloro che, nonostante tutto, conservano la dignita\u0300 e cercano a tutti i costi di \u201cresistere\u201d collettivamente.<\/p>\n<p style=\"text-align: justify;\" class=\"ui-droppable\"> \tCompleteranno la rassegna la <strong>monografia <\/strong><strong>DEDICA A LUIS SEP\u00daLVEDA<\/strong>, che da sempre accompagna il festival, curata dallo stesso Arpaia, con una lunga intervista all\u2019autore, testimonianze di persone che gli sono vicine, saggi critici e alcuni scritti inediti che Sepu\u0301lveda ha gentilmente concesso a Dedica; la tradizionale consegna del <strong>SIGILLO DELLA CITT\u00c0<\/strong> allo scrittore (<strong>11 marzo<\/strong>, Sala consiliare del Comune); <strong>\u00a0LE INIZIATIVE CON E PER LE SCUOLE E LE GIOVANI GENERAZIONI<\/strong>.<\/p>\n","protected":false},"excerpt":{"rendered":"<p>Presentato Dedica Festival<\/p>\n","protected":false},"author":28,"featured_media":16346,"comment_status":"closed","ping_status":"closed","sticky":false,"template":"","format":"standard","meta":{"dwc-title":[],"dwc-content":[],"footnotes":""},"categories":[37],"tags":[],"class_list":["post-16345","post","type-post","status-publish","format-standard","has-post-thumbnail","hentry","category-cultura-e-spettacolo"],"rttpg_featured_image_url":{"full":["https:\/\/imagazine.it\/wp-content\/uploads\/2024\/01\/8703-1.webp",480,480,false],"landscape":["https:\/\/imagazine.it\/wp-content\/uploads\/2024\/01\/8703-1.webp",480,480,false],"portraits":["https:\/\/imagazine.it\/wp-content\/uploads\/2024\/01\/8703-1.webp",480,480,false],"thumbnail":["https:\/\/imagazine.it\/wp-content\/uploads\/2024\/01\/8703-1-150x150.webp",150,150,true],"medium":["https:\/\/imagazine.it\/wp-content\/uploads\/2024\/01\/8703-1-300x300.webp",300,300,true],"large":["https:\/\/imagazine.it\/wp-content\/uploads\/2024\/01\/8703-1.webp",480,480,false],"thumblist":["https:\/\/imagazine.it\/wp-content\/uploads\/2024\/01\/8703-1.webp",300,300,false],"thumbrelated":["https:\/\/imagazine.it\/wp-content\/uploads\/2024\/01\/8703-1.webp",480,480,false],"meccarouselthumb":["https:\/\/imagazine.it\/wp-content\/uploads\/2024\/01\/8703-1.webp",324,324,false],"gridsquare":["https:\/\/imagazine.it\/wp-content\/uploads\/2024\/01\/8703-1.webp",260,260,false],"tileview":["https:\/\/imagazine.it\/wp-content\/uploads\/2024\/01\/8703-1.webp",300,300,false],"1536x1536":["https:\/\/imagazine.it\/wp-content\/uploads\/2024\/01\/8703-1.webp",480,480,false],"2048x2048":["https:\/\/imagazine.it\/wp-content\/uploads\/2024\/01\/8703-1.webp",480,480,false],"newsup-slider-full":["https:\/\/imagazine.it\/wp-content\/uploads\/2024\/01\/8703-1.webp",480,480,false],"newsup-featured":["https:\/\/imagazine.it\/wp-content\/uploads\/2024\/01\/8703-1.webp",480,480,false],"newsup-medium":["https:\/\/imagazine.it\/wp-content\/uploads\/2024\/01\/8703-1-480x380.webp",480,380,true],"tptn_thumbnail":["https:\/\/imagazine.it\/wp-content\/uploads\/2024\/01\/8703-1.webp",210,210,false],"sow-carousel-default":["https:\/\/imagazine.it\/wp-content\/uploads\/2024\/01\/8703-1-272x182.webp",272,182,true]},"rttpg_author":{"display_name":"redazione","author_link":"https:\/\/imagazine.it\/home_desk\/author\/redazione\/"},"rttpg_comment":0,"rttpg_category":"<a href=\"https:\/\/imagazine.it\/home_desk\/category\/cultura-e-spettacolo\/\" rel=\"category tag\">CULTURA&amp;SPETTACOLO<\/a>","rttpg_excerpt":"Presentato Dedica Festival","_links":{"self":[{"href":"https:\/\/imagazine.it\/home_desk\/wp-json\/wp\/v2\/posts\/16345","targetHints":{"allow":["GET"]}}],"collection":[{"href":"https:\/\/imagazine.it\/home_desk\/wp-json\/wp\/v2\/posts"}],"about":[{"href":"https:\/\/imagazine.it\/home_desk\/wp-json\/wp\/v2\/types\/post"}],"author":[{"embeddable":true,"href":"https:\/\/imagazine.it\/home_desk\/wp-json\/wp\/v2\/users\/28"}],"replies":[{"embeddable":true,"href":"https:\/\/imagazine.it\/home_desk\/wp-json\/wp\/v2\/comments?post=16345"}],"version-history":[{"count":0,"href":"https:\/\/imagazine.it\/home_desk\/wp-json\/wp\/v2\/posts\/16345\/revisions"}],"wp:featuredmedia":[{"embeddable":true,"href":"https:\/\/imagazine.it\/home_desk\/wp-json\/wp\/v2\/media\/16346"}],"wp:attachment":[{"href":"https:\/\/imagazine.it\/home_desk\/wp-json\/wp\/v2\/media?parent=16345"}],"wp:term":[{"taxonomy":"category","embeddable":true,"href":"https:\/\/imagazine.it\/home_desk\/wp-json\/wp\/v2\/categories?post=16345"},{"taxonomy":"post_tag","embeddable":true,"href":"https:\/\/imagazine.it\/home_desk\/wp-json\/wp\/v2\/tags?post=16345"}],"curies":[{"name":"wp","href":"https:\/\/api.w.org\/{rel}","templated":true}]}}