{"id":16330,"date":"2015-02-02T00:00:00","date_gmt":"2015-02-01T23:00:00","guid":{"rendered":"https:\/\/imagazine.it\/?p=16330"},"modified":"2015-02-02T00:00:00","modified_gmt":"2015-02-01T23:00:00","slug":"tour-mondiale-per-la-friulana-lodovica-comello","status":"publish","type":"post","link":"https:\/\/imagazine.it\/home_desk\/tour-mondiale-per-la-friulana-lodovica-comello\/","title":{"rendered":"Tour mondiale per la friulana Lodovica Comello"},"content":{"rendered":"<\/p>\n<p class=\"ui-droppable\" style=\"text-align: justify;\"> \t\u00c8 ufficialmente partito con il doppio live di ieri sera a Roma il \u201c<strong>Lodovica World Tour 2015<\/strong>\u201d di <strong>Lodovica Comello<\/strong>, friulanissima star mondiale &#8211; \u00e8 nata e cresciuta a San Daniele del Friuli &#8211; della serie televisiva <strong><em>Violetta<\/em><\/strong>, che ora si appresta a conquistare i palchi di tutto il mondo con questa sua prima grande tourn\u00e9e da solista. Il viaggio di Lodovica \u00e8 partito proprio dall\u2019Italia, dopo Roma toccher\u00e0 anche le citt\u00e0 di Milano, Torino, Bari, Napoli fra le tante, e ovviamente la sua Udine, per quella che si annuncia come la grande festa del ritorno a casa di Lodovica, il prossimo venerd\u00ec 13 marzo (inizio alle 17) al Teatro Nuovo Giovanni da Udine. I <strong>biglietti<\/strong> per l\u2019evento, organizzato dal Teatro stesso e Azalea Promotion, saranno in vendita a partire dalle ore 10 di domanionline su <a href=\"http:\/\/www.ticketone.it\" target=\"_blank\" rel=\"noopener\">Ticketone.it<\/a>, nei punti autorizzati Ticketone e Azalea Promotion e alle biglietterie del Teatro Nuovo.<\/p>\n<p class=\"ui-droppable\" style=\"text-align: justify;\"> \tIl <strong><em>Lodovica World Tour<\/em><\/strong>, \u00e8 il primo grande tour da solista di <strong>Lodovica Comello<\/strong>. Dopo le prime date italiane, la tourn\u00e9e si sposter\u00e0 in Europa, toccando Spagna, Portogallo, Belgio, Polonia, Romania, Ungheria, Russia e poi in America Latina, passando per Argentina, Cile, Uruguay, Brasile, Venezuela e Messico. Una grandissima sfida per la giovane artista, che ha scelto di non proseguire la tourn\u00e9e assieme ai suoi compagni di avventura della serie televisiva, bens\u00ec di intraprendere questo nuovo progetto solista. Intanto sempre domani uscir\u00e0 anche il suo secondo album in studio, dal titolo \u201c<strong>Mariposa<\/strong>\u201d, che segue il primo fortunato lavoro della Comello, il disco \u201c<strong>Universo<\/strong>\u201d, pubblicato nel 2013.\u00a0<\/p>\n","protected":false},"excerpt":{"rendered":"<p>Il 13 marzo tappa a Udine<\/p>\n","protected":false},"author":28,"featured_media":16331,"comment_status":"closed","ping_status":"closed","sticky":false,"template":"","format":"standard","meta":{"dwc-title":[],"dwc-content":[],"footnotes":""},"categories":[37],"tags":[],"class_list":["post-16330","post","type-post","status-publish","format-standard","has-post-thumbnail","hentry","category-cultura-e-spettacolo"],"rttpg_featured_image_url":{"full":["https:\/\/imagazine.it\/wp-content\/uploads\/2024\/01\/8679-1.webp",468,647,false],"landscape":["https:\/\/imagazine.it\/wp-content\/uploads\/2024\/01\/8679-1.webp",468,647,false],"portraits":["https:\/\/imagazine.it\/wp-content\/uploads\/2024\/01\/8679-1.webp",468,647,false],"thumbnail":["https:\/\/imagazine.it\/wp-content\/uploads\/2024\/01\/8679-1-150x150.webp",150,150,true],"medium":["https:\/\/imagazine.it\/wp-content\/uploads\/2024\/01\/8679-1-217x300.webp",217,300,true],"large":["https:\/\/imagazine.it\/wp-content\/uploads\/2024\/01\/8679-1.webp",468,647,false],"thumblist":["https:\/\/imagazine.it\/wp-content\/uploads\/2024\/01\/8679-1.webp",217,300,false],"thumbrelated":["https:\/\/imagazine.it\/wp-content\/uploads\/2024\/01\/8679-1.webp",362,500,false],"meccarouselthumb":["https:\/\/imagazine.it\/wp-content\/uploads\/2024\/01\/8679-1.webp",234,324,false],"gridsquare":["https:\/\/imagazine.it\/wp-content\/uploads\/2024\/01\/8679-1.webp",188,260,false],"tileview":["https:\/\/imagazine.it\/wp-content\/uploads\/2024\/01\/8679-1.webp",289,400,false],"1536x1536":["https:\/\/imagazine.it\/wp-content\/uploads\/2024\/01\/8679-1.webp",468,647,false],"2048x2048":["https:\/\/imagazine.it\/wp-content\/uploads\/2024\/01\/8679-1.webp",468,647,false],"newsup-slider-full":["https:\/\/imagazine.it\/wp-content\/uploads\/2024\/01\/8679-1.webp",468,647,false],"newsup-featured":["https:\/\/imagazine.it\/wp-content\/uploads\/2024\/01\/8679-1.webp",468,647,false],"newsup-medium":["https:\/\/imagazine.it\/wp-content\/uploads\/2024\/01\/8679-1-468x380.webp",468,380,true],"tptn_thumbnail":["https:\/\/imagazine.it\/wp-content\/uploads\/2024\/01\/8679-1.webp",152,210,false],"sow-carousel-default":["https:\/\/imagazine.it\/wp-content\/uploads\/2024\/01\/8679-1-272x182.webp",272,182,true]},"rttpg_author":{"display_name":"redazione","author_link":"https:\/\/imagazine.it\/home_desk\/author\/redazione\/"},"rttpg_comment":0,"rttpg_category":"<a href=\"https:\/\/imagazine.it\/home_desk\/category\/cultura-e-spettacolo\/\" rel=\"category tag\">CULTURA&amp;SPETTACOLO<\/a>","rttpg_excerpt":"Il 13 marzo tappa a Udine","_links":{"self":[{"href":"https:\/\/imagazine.it\/home_desk\/wp-json\/wp\/v2\/posts\/16330","targetHints":{"allow":["GET"]}}],"collection":[{"href":"https:\/\/imagazine.it\/home_desk\/wp-json\/wp\/v2\/posts"}],"about":[{"href":"https:\/\/imagazine.it\/home_desk\/wp-json\/wp\/v2\/types\/post"}],"author":[{"embeddable":true,"href":"https:\/\/imagazine.it\/home_desk\/wp-json\/wp\/v2\/users\/28"}],"replies":[{"embeddable":true,"href":"https:\/\/imagazine.it\/home_desk\/wp-json\/wp\/v2\/comments?post=16330"}],"version-history":[{"count":0,"href":"https:\/\/imagazine.it\/home_desk\/wp-json\/wp\/v2\/posts\/16330\/revisions"}],"wp:featuredmedia":[{"embeddable":true,"href":"https:\/\/imagazine.it\/home_desk\/wp-json\/wp\/v2\/media\/16331"}],"wp:attachment":[{"href":"https:\/\/imagazine.it\/home_desk\/wp-json\/wp\/v2\/media?parent=16330"}],"wp:term":[{"taxonomy":"category","embeddable":true,"href":"https:\/\/imagazine.it\/home_desk\/wp-json\/wp\/v2\/categories?post=16330"},{"taxonomy":"post_tag","embeddable":true,"href":"https:\/\/imagazine.it\/home_desk\/wp-json\/wp\/v2\/tags?post=16330"}],"curies":[{"name":"wp","href":"https:\/\/api.w.org\/{rel}","templated":true}]}}