{"id":16300,"date":"2015-01-28T00:00:00","date_gmt":"2015-01-27T23:00:00","guid":{"rendered":"https:\/\/imagazine.it\/?p=16300"},"modified":"2015-01-28T00:00:00","modified_gmt":"2015-01-27T23:00:00","slug":"da-pola-a-trieste-sulle-orme-di-petrarca-e-boccaccio","status":"publish","type":"post","link":"https:\/\/imagazine.it\/home_desk\/da-pola-a-trieste-sulle-orme-di-petrarca-e-boccaccio\/","title":{"rendered":"Da Pola a Trieste sulle orme di Petrarca e Boccaccio"},"content":{"rendered":"<p style=\"text-align: justify;\" class=\"ui-droppable\"> \tAl Museo petrarchesco piccolomineo di Trieste (via Madonna del mare 13 \u2013 terzo piano) \u00a0\u00e8 visitabile l&#8217;allestimento dedicato all&#8217;avventura letteraria di Francesco Petrarca e Giovanni Boccaccio dal titolo<em> Se un solo pane avessi sarei lieto di dividerlo con te<\/em>, a cura di <strong>Alessandra Sirugo<\/strong>.<\/p>\n<p style=\"text-align: justify;\" class=\"ui-droppable\"> \tLa mostra, corredata di un catalogo pubblicato a fine anno, prorogata fino al prossimo 13 giugno, \u00e8 aperta alle visite guidate per scolaresche e gruppi turistici con orario da concordare. Una scelta gi\u00e0 fatta dagli studenti del Dipartimento di Italianistica dell&#8217;Universit\u00e0 di Pola, accompagnati dal professor <strong>Sandro Cergna<\/strong>, che hanno consultato i fondi manoscritti e gli incunaboli pi\u00f9 importanti del Museo.<\/p>\n<p style=\"text-align: justify;\" class=\"ui-droppable\"> \tL&#8217;esposizione, allestita con pannelli esplicativi anche in inglese, \u00e8 aperta da luned\u00ec a sabato, dalle 9 alle 13. Il gioved\u00ec, anche dalle 15 alle 19. Ingresso libero.<\/p>\n<p style=\"text-align: justify;\" class=\"ui-droppable\"> \tPer tutte le informazioni \u00e8 possibile consultare il <a href=\"http:\/\/www.museopetrarchesco.it\" target=\"_blank\" rel=\"noopener\">sito del Museo<\/a>.<\/p>\n","protected":false},"excerpt":{"rendered":"<p>Al Museo petrarchesco piccolomineo<\/p>\n","protected":false},"author":28,"featured_media":16301,"comment_status":"closed","ping_status":"closed","sticky":false,"template":"","format":"standard","meta":{"dwc-title":[],"dwc-content":[],"footnotes":""},"categories":[37],"tags":[],"class_list":["post-16300","post","type-post","status-publish","format-standard","has-post-thumbnail","hentry","category-cultura-e-spettacolo"],"rttpg_featured_image_url":{"full":["https:\/\/imagazine.it\/wp-content\/uploads\/2024\/01\/8609-1.webp",600,400,false],"landscape":["https:\/\/imagazine.it\/wp-content\/uploads\/2024\/01\/8609-1.webp",600,400,false],"portraits":["https:\/\/imagazine.it\/wp-content\/uploads\/2024\/01\/8609-1.webp",600,400,false],"thumbnail":["https:\/\/imagazine.it\/wp-content\/uploads\/2024\/01\/8609-1-150x150.webp",150,150,true],"medium":["https:\/\/imagazine.it\/wp-content\/uploads\/2024\/01\/8609-1-300x200.webp",300,200,true],"large":["https:\/\/imagazine.it\/wp-content\/uploads\/2024\/01\/8609-1.webp",600,400,false],"thumblist":["https:\/\/imagazine.it\/wp-content\/uploads\/2024\/01\/8609-1.webp",300,200,false],"thumbrelated":["https:\/\/imagazine.it\/wp-content\/uploads\/2024\/01\/8609-1.webp",500,333,false],"meccarouselthumb":["https:\/\/imagazine.it\/wp-content\/uploads\/2024\/01\/8609-1.webp",474,316,false],"gridsquare":["https:\/\/imagazine.it\/wp-content\/uploads\/2024\/01\/8609-1.webp",391,260,false],"tileview":["https:\/\/imagazine.it\/wp-content\/uploads\/2024\/01\/8609-1.webp",300,200,false],"1536x1536":["https:\/\/imagazine.it\/wp-content\/uploads\/2024\/01\/8609-1.webp",600,400,false],"2048x2048":["https:\/\/imagazine.it\/wp-content\/uploads\/2024\/01\/8609-1.webp",600,400,false],"newsup-slider-full":["https:\/\/imagazine.it\/wp-content\/uploads\/2024\/01\/8609-1.webp",600,400,false],"newsup-featured":["https:\/\/imagazine.it\/wp-content\/uploads\/2024\/01\/8609-1.webp",600,400,false],"newsup-medium":["https:\/\/imagazine.it\/wp-content\/uploads\/2024\/01\/8609-1-600x380.webp",600,380,true],"tptn_thumbnail":["https:\/\/imagazine.it\/wp-content\/uploads\/2024\/01\/8609-1.webp",250,167,false],"sow-carousel-default":["https:\/\/imagazine.it\/wp-content\/uploads\/2024\/01\/8609-1-272x182.webp",272,182,true]},"rttpg_author":{"display_name":"redazione","author_link":"https:\/\/imagazine.it\/home_desk\/author\/redazione\/"},"rttpg_comment":0,"rttpg_category":"<a href=\"https:\/\/imagazine.it\/home_desk\/category\/cultura-e-spettacolo\/\" rel=\"category tag\">CULTURA&amp;SPETTACOLO<\/a>","rttpg_excerpt":"Al Museo petrarchesco piccolomineo","_links":{"self":[{"href":"https:\/\/imagazine.it\/home_desk\/wp-json\/wp\/v2\/posts\/16300","targetHints":{"allow":["GET"]}}],"collection":[{"href":"https:\/\/imagazine.it\/home_desk\/wp-json\/wp\/v2\/posts"}],"about":[{"href":"https:\/\/imagazine.it\/home_desk\/wp-json\/wp\/v2\/types\/post"}],"author":[{"embeddable":true,"href":"https:\/\/imagazine.it\/home_desk\/wp-json\/wp\/v2\/users\/28"}],"replies":[{"embeddable":true,"href":"https:\/\/imagazine.it\/home_desk\/wp-json\/wp\/v2\/comments?post=16300"}],"version-history":[{"count":0,"href":"https:\/\/imagazine.it\/home_desk\/wp-json\/wp\/v2\/posts\/16300\/revisions"}],"wp:featuredmedia":[{"embeddable":true,"href":"https:\/\/imagazine.it\/home_desk\/wp-json\/wp\/v2\/media\/16301"}],"wp:attachment":[{"href":"https:\/\/imagazine.it\/home_desk\/wp-json\/wp\/v2\/media?parent=16300"}],"wp:term":[{"taxonomy":"category","embeddable":true,"href":"https:\/\/imagazine.it\/home_desk\/wp-json\/wp\/v2\/categories?post=16300"},{"taxonomy":"post_tag","embeddable":true,"href":"https:\/\/imagazine.it\/home_desk\/wp-json\/wp\/v2\/tags?post=16300"}],"curies":[{"name":"wp","href":"https:\/\/api.w.org\/{rel}","templated":true}]}}