{"id":16217,"date":"2015-01-15T00:00:00","date_gmt":"2015-01-14T23:00:00","guid":{"rendered":"https:\/\/imagazine.it\/?p=16217"},"modified":"2015-01-15T00:00:00","modified_gmt":"2015-01-14T23:00:00","slug":"questo-mondo-e-tutto-in-ordine","status":"publish","type":"post","link":"https:\/\/imagazine.it\/home_desk\/questo-mondo-e-tutto-in-ordine\/","title":{"rendered":"Questo mondo \u00e8 tutto in ordine?"},"content":{"rendered":"<\/p>\n<p class=\"ui-droppable\" style=\"text-align: justify;\"> \t\u201c<strong>Tutto in ordine<\/strong>?\u201d In un mondo dove l\u2019ordinariet\u00e0 sembra sparita dal nostro quotidiano, la domanda risulta straordinariamente attuale. E proprio a questo interrogativo il ciclo \u201cNarratori d\u2019Europa\u201d, promosso dall\u2019IRSE Pordenone a cura di<strong> Stefania Savocco<\/strong>, cercher\u00e0 di offrire non una risposta univoca, ma molte possibilit\u00e0 di risposta, nei quattro incontri in programma da marted\u00ec 3 a marted\u00ec 24 febbraio (dalle 15.30 al Centro Culturale Casa Zanussi di Pordenone) per l\u2019edizione 2015<strong>.<\/strong> Quattro <em>protagonisti autorevoli della letteratura del nostro tempo \u2013 lo svedese <\/em><strong>Fredrik Backman, <\/strong>l&#39;islandese <strong>Svava Jakobsdottir<\/strong>, il francese <strong>Pierre Lemaitre<\/strong> e l\u2019italiano <strong>Marco Franzoso<\/strong> <em>\u2013<\/em> sono gli autori chiamati a scandire il tema portante di \u201cNarratori 2015\u201d.<\/p>\n<p class=\"ui-droppable\" style=\"text-align: justify;\"> \tCome spiega la presidente IRSE <strong>Laura Zuzzi<\/strong>, \u00abla spinta \u00e8 venuta quest\u2019anno dal nord Europa: \u201cTutto in ordine\u201d \u00e8 il titolo di una raccolta di racconti dell\u2019autrice islandese di fama internazionale <strong>Svava Jakobsdottir<\/strong>, scomparsa dieci anni fa, di cui <strong>Silvia Cosimini<\/strong> \u00e8 stata unica traduttrice in italiano e giovane amica. A Casa Zanussi, Stefania Savocco e Silvia Cosimini rileggeranno e racconteranno insieme quel libro, martedi 10 febbraio\u00bb. Ma il ciclo si aprir\u00e0 una settimana prima, marted\u00ec 3 febbraio, con una ulteriore sorpresa: lo scrittore svedese <strong>Fredrik Backman<\/strong>, blogger ed editorialista di culto, incontrer\u00e0 il pubblico di Pordenone in diretta skype dall\u2019Auditorium del Centro Culturale Casa Zanussi, per parlare del suo romanzo \u201cL\u2019uomo che metteva in ordine il mondo\u201d (Mondadori), gi\u00e0 tradotto in 25 lingue. Un suo intervento, annullato a causa di sopraggiunti problemi di salute, era previsto a <em>pordenonelegge<\/em> lo scorso settembre: l\u2019autore era particolarmente atteso e adesso, sulla scia del successo del suo libro, ci sar\u00e0 la possibilit\u00e0 di un incontro e di un dialogo in diretta, sia pure a distanza. \u201cL\u2019uomo che metteva in ordine il mondo\u201d ha per protagonista un testardo vedovo, il cinquantanovenne Ove, talmente ispido che i suoi vicini lo definiscono \u201camaro come una medicina\u201d. \u00abGi\u00e0 nel 1962 Italo Calvino rassicurava i lettori che \u00e8 la letteratura a \u201cmettere ordine nel caos del mondo\u201d \u2013 racconta la curatrice <strong>Stefania Savocco<\/strong> &#8211; Per questo il filo d\u2019Arianna che ci condurr\u00e0 all\u2019interno dell\u2019intricato labirinto dei rapporti umani passer\u00e0 dopo \u201cL\u2019uomo che metteva in ordine il mondo\u201d di Backman, nelle mani dell\u2019islandese, Svava Jakobsdottir e la sua raccolta di racconti intitolata \u201cTutto in ordine\u201d, che costituiscono una finestra surreale sul quotidiano \u201cordinato\u201d di quelle donne che, per troppo amore, diventano vittime degli altri e, prima ancora, di se stesse\u00bb.<\/p>\n<\/p>\n<p class=\"ui-droppable\" style=\"text-align: justify;\"> \tNel terzo appuntamento, marted\u00ec 17 febbraio, il testimone passer\u00e0 a un altro narratore europeo, <strong>Pierre Lemaitre<\/strong>, vincitore del Prix Goncourt nel 2013: sar\u00e0 letto il suo ultimo romanzo \u201cCi rivediamo lass\u00f9\u201d, uscito in italiano per Mondadori nell\u2019estate 2014. A suggellare \u201cNarratori 2015\u201d sar\u00e0, marted\u00ec 24 febbraio, il veneziano <strong>Marco Franzoso<\/strong>, autore del fortunatissimo romanzo breve \u201cGli invincibili\u201d (Einaudi), e in precedenza de \u201cIl bambino indaco\u201d, la storia forte e dura dalla quale \u00e8 tratto il film <em>Hungry hearts<\/em> del regista Saverio Costanzo, presentato in concorso all\u2019ultima Mostra di Venezia, nelle sale italiane dal 15 gennaio. \u201cGli invincibili\u201d racconta la rivoluzione copernicana che ci sconvolge all\u2019arrivo di un figlio. Protagonista \u00e8 infatti un uomo abbandonato dalla moglie, che dovr\u00f2 crescere un bimbo da solo e rimettere a posto la sua casa ridotta a pezzi: e arriver\u00e0 il momento in cui sar\u00e0 costretto, proprio dal figlio, a dare un senso a tutto quello che, nel tempo, ha lasciato incompiuto e irrisolto &#8230; \u00bb.<\/p>\n<p class=\"ui-droppable\" style=\"text-align: justify;\"> \tLa partecipazione \u00e8 gratuita e aperta a tutti, gradita l\u2019iscrizione a <a href=\"mailto:irse@centroculturapordenone.it?subject=Iscrizione%20corso%20\">irse@centroculturapordenone.it<\/a><\/p>\n","protected":false},"excerpt":{"rendered":"<p>Al via il ciclo di incontri &#8220;Narratori d&#8217;Europa&#8221;<\/p>\n","protected":false},"author":28,"featured_media":16218,"comment_status":"closed","ping_status":"closed","sticky":false,"template":"","format":"standard","meta":{"dwc-title":[],"dwc-content":[],"footnotes":""},"categories":[37],"tags":[],"class_list":["post-16217","post","type-post","status-publish","format-standard","has-post-thumbnail","hentry","category-cultura-e-spettacolo"],"rttpg_featured_image_url":{"full":["https:\/\/imagazine.it\/wp-content\/uploads\/2024\/01\/8407-1.webp",350,467,false],"landscape":["https:\/\/imagazine.it\/wp-content\/uploads\/2024\/01\/8407-1.webp",350,467,false],"portraits":["https:\/\/imagazine.it\/wp-content\/uploads\/2024\/01\/8407-1.webp",350,467,false],"thumbnail":["https:\/\/imagazine.it\/wp-content\/uploads\/2024\/01\/8407-1-150x150.webp",150,150,true],"medium":["https:\/\/imagazine.it\/wp-content\/uploads\/2024\/01\/8407-1-225x300.webp",225,300,true],"large":["https:\/\/imagazine.it\/wp-content\/uploads\/2024\/01\/8407-1.webp",350,467,false],"thumblist":["https:\/\/imagazine.it\/wp-content\/uploads\/2024\/01\/8407-1.webp",225,300,false],"thumbrelated":["https:\/\/imagazine.it\/wp-content\/uploads\/2024\/01\/8407-1.webp",350,467,false],"meccarouselthumb":["https:\/\/imagazine.it\/wp-content\/uploads\/2024\/01\/8407-1.webp",243,324,false],"gridsquare":["https:\/\/imagazine.it\/wp-content\/uploads\/2024\/01\/8407-1.webp",195,260,false],"tileview":["https:\/\/imagazine.it\/wp-content\/uploads\/2024\/01\/8407-1.webp",300,400,false],"1536x1536":["https:\/\/imagazine.it\/wp-content\/uploads\/2024\/01\/8407-1.webp",350,467,false],"2048x2048":["https:\/\/imagazine.it\/wp-content\/uploads\/2024\/01\/8407-1.webp",350,467,false],"newsup-slider-full":["https:\/\/imagazine.it\/wp-content\/uploads\/2024\/01\/8407-1.webp",350,467,false],"newsup-featured":["https:\/\/imagazine.it\/wp-content\/uploads\/2024\/01\/8407-1.webp",350,467,false],"newsup-medium":["https:\/\/imagazine.it\/wp-content\/uploads\/2024\/01\/8407-1-350x380.webp",350,380,true],"tptn_thumbnail":["https:\/\/imagazine.it\/wp-content\/uploads\/2024\/01\/8407-1.webp",157,210,false],"sow-carousel-default":["https:\/\/imagazine.it\/wp-content\/uploads\/2024\/01\/8407-1-272x182.webp",272,182,true]},"rttpg_author":{"display_name":"redazione","author_link":"https:\/\/imagazine.it\/home_desk\/author\/redazione\/"},"rttpg_comment":0,"rttpg_category":"<a href=\"https:\/\/imagazine.it\/home_desk\/category\/cultura-e-spettacolo\/\" rel=\"category tag\">CULTURA&amp;SPETTACOLO<\/a>","rttpg_excerpt":"Al via il ciclo di incontri \"Narratori d'Europa\"","_links":{"self":[{"href":"https:\/\/imagazine.it\/home_desk\/wp-json\/wp\/v2\/posts\/16217","targetHints":{"allow":["GET"]}}],"collection":[{"href":"https:\/\/imagazine.it\/home_desk\/wp-json\/wp\/v2\/posts"}],"about":[{"href":"https:\/\/imagazine.it\/home_desk\/wp-json\/wp\/v2\/types\/post"}],"author":[{"embeddable":true,"href":"https:\/\/imagazine.it\/home_desk\/wp-json\/wp\/v2\/users\/28"}],"replies":[{"embeddable":true,"href":"https:\/\/imagazine.it\/home_desk\/wp-json\/wp\/v2\/comments?post=16217"}],"version-history":[{"count":0,"href":"https:\/\/imagazine.it\/home_desk\/wp-json\/wp\/v2\/posts\/16217\/revisions"}],"wp:featuredmedia":[{"embeddable":true,"href":"https:\/\/imagazine.it\/home_desk\/wp-json\/wp\/v2\/media\/16218"}],"wp:attachment":[{"href":"https:\/\/imagazine.it\/home_desk\/wp-json\/wp\/v2\/media?parent=16217"}],"wp:term":[{"taxonomy":"category","embeddable":true,"href":"https:\/\/imagazine.it\/home_desk\/wp-json\/wp\/v2\/categories?post=16217"},{"taxonomy":"post_tag","embeddable":true,"href":"https:\/\/imagazine.it\/home_desk\/wp-json\/wp\/v2\/tags?post=16217"}],"curies":[{"name":"wp","href":"https:\/\/api.w.org\/{rel}","templated":true}]}}