{"id":15235,"date":"2014-12-11T00:00:00","date_gmt":"2014-12-10T23:00:00","guid":{"rendered":"https:\/\/imagazine.it\/?p=15235"},"modified":"2014-12-11T00:00:00","modified_gmt":"2014-12-10T23:00:00","slug":"cividale-60-mila-euro-per-cultura-e-sociale","status":"publish","type":"post","link":"https:\/\/imagazine.it\/home_desk\/cividale-60-mila-euro-per-cultura-e-sociale\/","title":{"rendered":"Cividale, 60 mila euro per cultura e sociale"},"content":{"rendered":"<p style=\"text-align: justify;\" class=\"ui-droppable\"> \t59.350 euro di contributi finanziari a supporto di scuole, di eventi e di associazioni culturali, ricreative, del volontariato e sociali che operano a Cividale del Friuli. \u00c8 la ripartizione dei fondi discussa in sede di Commissione comunale consultiva a favore del settore cultura, istruzione e volontariato, e successivamente approvata dalla giunta comunale.<\/p>\n<p style=\"text-align: justify;\" class=\"ui-droppable\"> \tL\u2019assessorato alla cultura erogher\u00e0 3.500 euro al Corpo Bandistico cittadino sia per la sua attivit\u00e0 come scuola di musica, sia per la partecipazione attiva alle cerimonie pubbliche cittadine; 1.000 euro andranno invece all\u2019Universit\u00e0 della Terza Et\u00e0 per il carattere sociale del sodalizio; 1.200 alla SOMSI per la sua qualificata attivit\u00e0 annuale; 5.000 all\u2019associazione Ambientarti quale partner nel progetto di recupero della Casa Medievale e 1.000 euro al Cai.<\/p>\n<p style=\"text-align: justify;\" class=\"ui-droppable\"> \t\u00abL\u2019amministrazione \u2013 sottolinea il sindaco<strong> Stefano Balloch<\/strong> \u2013 ha stanziato inoltre 15.000 euro a sostegno del Mittelfest e 8.500 euro a favore della Unesco City Marathon\u00bb.<\/p>\n<p style=\"text-align: justify;\" class=\"ui-droppable\"> \t\u00c8 stata decisa, inoltre, l\u2019erogazione di un contributo di 2.000 euro al Convitto Nazionale \u201cPaolo Diacono\u201d per il sostegno di una parte di una borsa di studio destinata al Progetto \u201cStudiare in Friuli al Paolo Diacono\u201d e di 4.000 euro a favore dell\u2019ISIS per la realizzazione del \u201cCentro tematico di divulgazione ed esposizione\u201d interno alla scuola.<\/p>\n<p style=\"text-align: justify;\" class=\"ui-droppable\"> \tIn merito alle associazioni di volontariato, l\u2019assessore alle politiche sociali <strong>Flavio Pesante<\/strong> comunica che \u00abl\u2019istruttoria delle domande \u00e8 stata delicata e, in sinergia con i componenti della Commissione, il riparto ha coinvolto tutte le realt\u00e0 interessate per un totale di 8.650 euro\u00bb.<\/p>\n<p style=\"text-align: justify;\" class=\"ui-droppable\"> \tI contributi andranno quindi ad Acat (950 euro), Associazione Genitori dei Piccoli (3.500), Avos (950) per l\u2019encomiabile lavoro svolto soprattutto nella distribuzione di generi alimentari alle categorie pi\u00f9 svantaggiate. Fondi anche per Afds e Ado con 450 euro a testa. All\u2019Anteas andranno1.500 euro per le collaborazioni prestate al servizio sociale del Comune e, infine, 850 euro alla \u201cAssociazione Noi di Carraria\u201d.<\/p>\n<p style=\"text-align: justify;\" class=\"ui-droppable\"> \tA favore delle scuole, sempre dall\u2019assessorato alle politiche sociali, oltre a una somma di 4.000 euro quale contributo alla gestione amministrativa, \u00absono stati finanziati con 1.000 euro i progetti in lingua straniera della Scuola Secondaria di primo grado \u2013 conclude <strong>Pesante<\/strong> \u2013 e con 3.500 euro il progetto musicale incentrato sul metodo Kodaly portato avanti dalle scuole primarie e dell\u2019infanzia cittadine\u00bb.\u00a0<\/p>\n","protected":false},"excerpt":{"rendered":"<p>Ripartizione approvata dalla Giunta comunale<\/p>\n","protected":false},"author":28,"featured_media":0,"comment_status":"closed","ping_status":"closed","sticky":false,"template":"","format":"standard","meta":{"dwc-title":[],"dwc-content":[],"footnotes":""},"categories":[5],"tags":[],"class_list":["post-15235","post","type-post","status-publish","format-standard","hentry","category-attualita"],"rttpg_featured_image_url":null,"rttpg_author":{"display_name":"redazione","author_link":"https:\/\/imagazine.it\/home_desk\/author\/redazione\/"},"rttpg_comment":0,"rttpg_category":"<a href=\"https:\/\/imagazine.it\/home_desk\/category\/attualita\/\" rel=\"category tag\">ATTUALIT\u00c0<\/a>","rttpg_excerpt":"Ripartizione approvata dalla Giunta comunale","_links":{"self":[{"href":"https:\/\/imagazine.it\/home_desk\/wp-json\/wp\/v2\/posts\/15235","targetHints":{"allow":["GET"]}}],"collection":[{"href":"https:\/\/imagazine.it\/home_desk\/wp-json\/wp\/v2\/posts"}],"about":[{"href":"https:\/\/imagazine.it\/home_desk\/wp-json\/wp\/v2\/types\/post"}],"author":[{"embeddable":true,"href":"https:\/\/imagazine.it\/home_desk\/wp-json\/wp\/v2\/users\/28"}],"replies":[{"embeddable":true,"href":"https:\/\/imagazine.it\/home_desk\/wp-json\/wp\/v2\/comments?post=15235"}],"version-history":[{"count":0,"href":"https:\/\/imagazine.it\/home_desk\/wp-json\/wp\/v2\/posts\/15235\/revisions"}],"wp:attachment":[{"href":"https:\/\/imagazine.it\/home_desk\/wp-json\/wp\/v2\/media?parent=15235"}],"wp:term":[{"taxonomy":"category","embeddable":true,"href":"https:\/\/imagazine.it\/home_desk\/wp-json\/wp\/v2\/categories?post=15235"},{"taxonomy":"post_tag","embeddable":true,"href":"https:\/\/imagazine.it\/home_desk\/wp-json\/wp\/v2\/tags?post=15235"}],"curies":[{"name":"wp","href":"https:\/\/api.w.org\/{rel}","templated":true}]}}