{"id":15221,"date":"2014-12-10T00:00:00","date_gmt":"2014-12-09T23:00:00","guid":{"rendered":"https:\/\/imagazine.it\/?p=15221"},"modified":"2014-12-10T00:00:00","modified_gmt":"2014-12-09T23:00:00","slug":"il-regalo-di-natale-come-diventare-imprenditore","status":"publish","type":"post","link":"https:\/\/imagazine.it\/home_desk\/il-regalo-di-natale-come-diventare-imprenditore\/","title":{"rendered":"Il regalo di Natale? Come diventare imprenditore"},"content":{"rendered":"<p style=\"text-align: justify;\" class=\"ui-droppable\"> \tSono in partenza sei nuovi seminari del progetto regionale <em>Imprender\u00f2<\/em> che mira a promuovere la cultura imprenditoriale, la creazione e il trasferimento d\u2019impresa sia attraverso percorsi formativi (corsi e seminari), sia con consulenze personalizzate tarate secondo le esigenze specifiche delle persone.<\/p>\n<p style=\"text-align: justify;\" class=\"ui-droppable\"> \tOggi ne sono in programma tre: &#8220;<strong>Le competenze strategiche dell&#8217;imprenditore: The Village<\/strong>&#8221; a Pordenone, il &#8220;<strong>Passaggio generazionale come opportunit\u00e0 per innovare il business<\/strong>&#8221; a Pordenone, &#8220;<strong>Software e banche dati: tutela e valorizzazione dei beni informatici fra diritto d\u2019autore, brevetto e diritto sui generis<\/strong>&#8221; a Trieste.<\/p>\n<p style=\"text-align: justify;\" class=\"ui-droppable\"> \tIl seminario &#8220;<strong>Le competenze strategiche dell&#8217;imprenditore: The Village<\/strong>&#8220;, organizzato dal Consorzio Friuli Formazione e condotto dal team di DOF Consulting, societ\u00e0 di consulenza leader in Italia nello sviluppo di metodologie innovative per lo sviluppo personale e organizzativo, presenta uno strumento innovativo, il social game, per lo sviluppo di competenze trasversali e manageriali, utilizzato in organizzazioni d\u2019eccellenza in tutta Italia, che consente all\u2019imprenditore di sviluppare la visione della sua impresa e del suo ruolo, facendolo riflettere sulle competenze chiave che sono necessarie per far crescere la business idea e il gruppo di lavoro. Potr\u00e0 cos\u00ec scoprire di cosa ha bisogno il suo team in fase di startup per far partire e far crescere l\u2019impresa. Il seminario si terr\u00e0 presso PNBOX Studios in via Vittorio Veneto, 23 a Pordenone.<\/p>\n<p style=\"text-align: justify;\" class=\"ui-droppable\"> \t\u00abPer superare la crisi in cui siamo immersi &#8211; ha affermato <strong>Alessandro Rinaldi<\/strong>, fondatore della DOF Consulting -, c&#8217;\u00e8 oggi un gran bisogno di valorizzare le risorse positive inespresse all&#8217;interno della comunit\u00e0. Quelle imprenditoriali, soprattutto se giovani, sono presenti, ma faticano a emergere e, quando ci riescono, vengono spesso indirizzate nella direzione sbagliata. Per questo c&#8217;\u00e8 bisogno di strumenti che siano in grado di supportare la nascita di nuove imprese, ma anche che possano accompagnarne la crescita, collegando la visione di impresa alle competenze strategiche necessarie per realizzarla e sostenerla- The Village \u00e8 un social game che nasce proprio per questo: aiutare chi vuole fare impresa a scoprire quali sono le competenze che gli servono personalmente come imprenditore e quelle che possono rendere il suo team di lavoro il pi\u00f9 efficace e completo possibile, attrezzato ad affrontare le sfide che il mercato propone\u00bb.<\/p>\n<p style=\"text-align: justify;\" class=\"ui-droppable\"> \tSempre a Pordenone si terr\u00e0 il &#8220;<strong>Passaggio generazionale come opportunit\u00e0 per innovare il business&#8221;, <\/strong>organizzato e gestito dall\u2019Azienda Speciale della Camera di Commercio \u2013 Ricerca e Formazione, verr\u00e0 svolto al Polo Tecnologico di Pordenone. Il seminario, che vedr\u00e0 in aula professionisti come <strong>Alessandra Gruppi<\/strong> e <strong>Giancarlo Porcaro<\/strong>, ha lo scopo di incrementare la consapevolezza dei partecipanti sugli aspetti critici e sulle opportunit\u00e0 connesse alla trasmissione di impresa e sensibilizzare imprenditori e successori sul tema della programmazione e gestione del passaggio generazionale.<\/p>\n<p style=\"text-align: justify;\" class=\"ui-droppable\"> \tA Trieste, invece, in Area SCIENCE PARK in Campus di Padriciano, 99, si terr\u00e0 il seminario condotto da <strong>Corrado Borsano<\/strong> della European Patent Attornay \u2013 Metroconsult Srl di Milano, dal titolo \u201c<strong>Software e banche dati: tutela e valorizzazione dei beni informatici fra diritto d\u2019autore, brevetto e diritto sui generis<\/strong>\u201d che tratter\u00e0 temi riguardanti la protezione del software con il diritto d\u2019autore (copyright) e tramite brevetto, e la protezione delle banche dati\u00a0 con il diritto d\u2019autore (copyright).<\/p>\n<p style=\"text-align: justify;\" class=\"ui-droppable\"> \tDomani<strong> a Udine <\/strong>sar\u00e0 la volta di &#8220;<strong>Starting Lean: Lean Start Up<\/strong>&#8220;, un seminario dedicato a chi progetta l\u2019innovazione e gestisce l\u2019incertezza, rivolto a startupper e imprenditori. Durante la giornata <strong>Andrea De Muri<\/strong> e <strong>Stefano Schiavo<\/strong> approfondiranno le basi del Lean Startup aiutando i partecipanti a rappresentare le proprie idee, rivedere il modello di business e riflettere sul percorso di realizzazione del progetto. L&#8217;evento si terr\u00e0 nella sede del Consorzio Friuli Formazione in viale Palmanova, 1 a Udine.<\/p>\n<p style=\"text-align: justify;\" class=\"ui-droppable\"> \tA <strong>Monfalcone<\/strong>, presso la sede dello IAL FVG in via Callisto Cosulich, 20, il <strong>16 dicembre<\/strong> si terr\u00e0 il seminario &#8220;<strong>Comunicare l\u2019impresa con strumenti di marketing low cost<\/strong>&#8220;. <strong>Alessandro Banelli<\/strong>, International Coach Certificate (direttamente da John Grinder) e Guerrilla Marketing Italia Trainer, \u00a0fornir\u00e0 ai presenti la consapevolezza necessaria sugli aspetti critici e sulle opportunit\u00e0 connesse alla trasmissione di impresa e sulla programmazione e gestione del passaggio generazionale. Durante il seminario verr\u00e0 inoltre affrontato il tema di come promuoversi e rendersi visibili a basso costo, per sapersi destreggiare tra guerra dei prezzi, concorrenza agguerrita e mercato depresso.<\/p>\n<p style=\"text-align: justify;\" class=\"ui-droppable\"> \t\u00abIn un mercato in rapido cambiamento e caratterizzato da molte sfide, le PMI del Fvg ma anche aspiranti imprenditori &#8211; ha rimarcato Banelli -, si incontrano per riscoprire come essere protagonisti del proprio successo attraverso l&#8217;uso di strumenti di marketing low-cost, al fine di dare continuit\u00e0 alle imprese in fase di passaggio generazionale o trasferimento d&#8217;impresa\u00bb.<\/p>\n<p style=\"text-align: justify;\" class=\"ui-droppable\"> \tInfine, il <strong>18 dicembre a Maniago<\/strong>, nella sede dello IAL FVG in via Venezia, 18\/c avr\u00e0 luogo il seminario &#8220;<strong>Come utilizzare i canali social per fare impresa<\/strong>&#8220;, una vera e propria full immersion con <strong>Masha Fedele<\/strong>, docente per i nuovi media, programmazione e insegnamento delle nuove strategie comunicative e di relazione sul web attraverso l\u2019utilizzo delle nuove piattaforme multicanale, nel mondo delle strategie del web per indirizzare chi ha deciso di fare impresa verso un percorso proficuo, per comprendere l\u2019importanza di promuoversi online e capire cos\u00ec, come creare il proprio vantaggio competitivo.<\/p>\n<p style=\"text-align: justify;\" class=\"ui-droppable\"> \t\u00abTutte le volte in cui mi ritrovo ad argomentare l\u2019affermazione \u201csenza clienti non esiste business\u201d ci tengo a precisare che ancor prima che cliente il consumatore \u00e8 un individuo, e quindi una persona distinta con una soggettivit\u00e0 complessa &#8211; ha sottolineato Masha Fedele -. Oggi, grazie alla tecnologia, questo individuo non solo si \u00e8 evoluto e non ha pi\u00f9 voglia di essere persuaso ad acquistare, ma pretende giustamente di divenire parte del processo d\u2019acquisto e di effettuare una scelta consapevole attraverso cui poter affermare la propria identit\u00e0. Se per scegliere consapevolmente \u00e8 per\u00f2 necessario osservare e conoscere, \u00e8 facile capire come lo strumento migliore per favorire il primo contatto tra consumatore e azienda sia il web. I canali social offrono oggi alle Imprese un\u2019occasione senza precedenti, non solo per far sapere chi sono, ma par dare alle persone un pezzetto di s\u00e9, un\u2019esperienza di prodotto o di servizio prima ancora che sia avvenuta la transazione, e per renderle partecipi della loro realt\u00e0. Le occasioni per\u00f2 non vanno sprecate, e quel che faremo insieme sar\u00e0 cercare di capire come\u00bb.<\/p>\n<p style=\"text-align: justify;\" class=\"ui-droppable\"> \tSul sito dedicato al progetto <a href=\"http:\/\/www.imprendero.eu\/\" target=\"_blank\" rel=\"noopener\">http:\/\/www.imprendero.eu<\/a> sono disponibili, oltre che la programmazione dei prossimi corsi e seminari in partenza, i materiali didattici utilizzati dai docenti durante i seminari, una sezione news aggiornata con le opportunit\u00e0 e i contributi (nazionali, regionali, locali) per aprire una startup, un blog ricco di interessanti spunti, i profili dei professionisti che effettuano le consulenze personalizzate ai futuri imprenditori e le novit\u00e0 dei canali social (Youtube, Instagram, Facebook, Twitter).<\/p>\n<p style=\"text-align: justify;\" class=\"ui-droppable\"> \tTutte le attivit\u00e0 del progetto Imprender\u00f2 4.0 sono gratuite poich\u00e9 promosse e finanziate dalla Regione Friuli Venezia Giulia nell\u2019ambito del Fondo Sociale Europeo \u2013 Un investimento per il tuo futuro &#8211; (Programma operativo 2007\/2013 \u2013 Asse 2 Occupabilit\u00e0 PPO 2013, Programma Specifico n. 8) e dal Programma esterno parallelo del POR FSER 2007\/2013 (rientrante nel Piano di azione e coesione &#8211; PAC &#8211; Garanzia Giovani Fvg) e sono rivolte sia a giovani di et\u00e0 inferiore ai 30 anni, residenti in Italia e iscritti a Garanzia Giovani sia a persone in stato di disoccupazione, inoccupati, occupati, lavoratori in Cassa integrazione (anche in deroga) o mobilit\u00e0 di et\u00e0 compresa tra i 18 e 65 anni, domiciliati o residenti in Fvg.<\/p>\n","protected":false},"excerpt":{"rendered":"<p>Sei seminari del progetto &#8220;Imprender\u00f2 4.0&#8221;<\/p>\n","protected":false},"author":28,"featured_media":15222,"comment_status":"closed","ping_status":"closed","sticky":false,"template":"","format":"standard","meta":{"dwc-title":[],"dwc-content":[],"footnotes":""},"categories":[5],"tags":[],"class_list":["post-15221","post","type-post","status-publish","format-standard","has-post-thumbnail","hentry","category-attualita"],"rttpg_featured_image_url":{"full":["https:\/\/imagazine.it\/wp-content\/uploads\/2024\/01\/8107-1.webp",450,300,false],"landscape":["https:\/\/imagazine.it\/wp-content\/uploads\/2024\/01\/8107-1.webp",450,300,false],"portraits":["https:\/\/imagazine.it\/wp-content\/uploads\/2024\/01\/8107-1.webp",450,300,false],"thumbnail":["https:\/\/imagazine.it\/wp-content\/uploads\/2024\/01\/8107-1-150x150.webp",150,150,true],"medium":["https:\/\/imagazine.it\/wp-content\/uploads\/2024\/01\/8107-1-300x200.webp",300,200,true],"large":["https:\/\/imagazine.it\/wp-content\/uploads\/2024\/01\/8107-1.webp",450,300,false],"thumblist":["https:\/\/imagazine.it\/wp-content\/uploads\/2024\/01\/8107-1.webp",300,200,false],"thumbrelated":["https:\/\/imagazine.it\/wp-content\/uploads\/2024\/01\/8107-1.webp",450,300,false],"meccarouselthumb":["https:\/\/imagazine.it\/wp-content\/uploads\/2024\/01\/8107-1.webp",450,300,false],"gridsquare":["https:\/\/imagazine.it\/wp-content\/uploads\/2024\/01\/8107-1.webp",391,260,false],"tileview":["https:\/\/imagazine.it\/wp-content\/uploads\/2024\/01\/8107-1.webp",300,200,false],"1536x1536":["https:\/\/imagazine.it\/wp-content\/uploads\/2024\/01\/8107-1.webp",450,300,false],"2048x2048":["https:\/\/imagazine.it\/wp-content\/uploads\/2024\/01\/8107-1.webp",450,300,false],"newsup-slider-full":["https:\/\/imagazine.it\/wp-content\/uploads\/2024\/01\/8107-1.webp",450,300,false],"newsup-featured":["https:\/\/imagazine.it\/wp-content\/uploads\/2024\/01\/8107-1.webp",450,300,false],"newsup-medium":["https:\/\/imagazine.it\/wp-content\/uploads\/2024\/01\/8107-1.webp",450,300,false],"tptn_thumbnail":["https:\/\/imagazine.it\/wp-content\/uploads\/2024\/01\/8107-1.webp",250,167,false],"sow-carousel-default":["https:\/\/imagazine.it\/wp-content\/uploads\/2024\/01\/8107-1-272x182.webp",272,182,true]},"rttpg_author":{"display_name":"redazione","author_link":"https:\/\/imagazine.it\/home_desk\/author\/redazione\/"},"rttpg_comment":0,"rttpg_category":"<a href=\"https:\/\/imagazine.it\/home_desk\/category\/attualita\/\" rel=\"category tag\">ATTUALIT\u00c0<\/a>","rttpg_excerpt":"Sei seminari del progetto \"Imprender\u00f2 4.0\"","_links":{"self":[{"href":"https:\/\/imagazine.it\/home_desk\/wp-json\/wp\/v2\/posts\/15221","targetHints":{"allow":["GET"]}}],"collection":[{"href":"https:\/\/imagazine.it\/home_desk\/wp-json\/wp\/v2\/posts"}],"about":[{"href":"https:\/\/imagazine.it\/home_desk\/wp-json\/wp\/v2\/types\/post"}],"author":[{"embeddable":true,"href":"https:\/\/imagazine.it\/home_desk\/wp-json\/wp\/v2\/users\/28"}],"replies":[{"embeddable":true,"href":"https:\/\/imagazine.it\/home_desk\/wp-json\/wp\/v2\/comments?post=15221"}],"version-history":[{"count":0,"href":"https:\/\/imagazine.it\/home_desk\/wp-json\/wp\/v2\/posts\/15221\/revisions"}],"wp:featuredmedia":[{"embeddable":true,"href":"https:\/\/imagazine.it\/home_desk\/wp-json\/wp\/v2\/media\/15222"}],"wp:attachment":[{"href":"https:\/\/imagazine.it\/home_desk\/wp-json\/wp\/v2\/media?parent=15221"}],"wp:term":[{"taxonomy":"category","embeddable":true,"href":"https:\/\/imagazine.it\/home_desk\/wp-json\/wp\/v2\/categories?post=15221"},{"taxonomy":"post_tag","embeddable":true,"href":"https:\/\/imagazine.it\/home_desk\/wp-json\/wp\/v2\/tags?post=15221"}],"curies":[{"name":"wp","href":"https:\/\/api.w.org\/{rel}","templated":true}]}}