{"id":15194,"date":"2014-12-02T00:00:00","date_gmt":"2014-12-01T23:00:00","guid":{"rendered":"https:\/\/imagazine.it\/?p=15194"},"modified":"2014-12-02T00:00:00","modified_gmt":"2014-12-01T23:00:00","slug":"lotta-al-traffico-di-organi-approvato-disegno-di-legge","status":"publish","type":"post","link":"https:\/\/imagazine.it\/home_desk\/lotta-al-traffico-di-organi-approvato-disegno-di-legge\/","title":{"rendered":"Lotta al traffico di organi: approvato disegno di legge"},"content":{"rendered":"<\/p>\n<p class=\"ui-droppable\" style=\"text-align: justify;\"> \tLa commissione Giustizia del Senato ha approvato il disegno di legge che contrasta il traffico di organi destinati al trapianto. \u201cUn primo passo \u00e8 stato fatto. Adesso \u00e8 necessario che il disegno di legge venga posto al pi\u00f9 presto all&#39;ordine del giorno dell&#39;assemblea del Senato\u201d: afferma <strong>Daniele Damele<\/strong>, dirigente nazionale dell\u2019Associazione italiana per la donazione di organi, tessuti e cellule (AIDO) il quale rende noto che \u201cil provvedimento introduce nel codice penale il reato di traffico di organi e contempla anche una specifica aggravante per le associazioni finalizzate a questo orribile mercato\u201d.<\/p>\n<p class=\"ui-droppable\" style=\"text-align: justify;\"> \tSu questo tema Damele riferir\u00e0 ai consigli regionale e provinciale di Udine dell\u2019AIDO che saranno convocati congiuntamente dai rispettivi presidenti, Fiorella Bernabei e Salvatore Saccoia, prima di Natale anche al fine di sensibilizzare i senatori del Friuli Venezia Giulia a portare avanti in tempi celeri l\u2019approvazione di una legge che potrebbe avere un consenso praticamente unanime.\u00a0<\/p>\n","protected":false},"excerpt":{"rendered":"<p>Ora la parola spetter\u00e0 al Senato<\/p>\n","protected":false},"author":28,"featured_media":15195,"comment_status":"closed","ping_status":"closed","sticky":false,"template":"","format":"standard","meta":{"dwc-title":[],"dwc-content":[],"footnotes":""},"categories":[5],"tags":[],"class_list":["post-15194","post","type-post","status-publish","format-standard","has-post-thumbnail","hentry","category-attualita"],"rttpg_featured_image_url":{"full":["https:\/\/imagazine.it\/wp-content\/uploads\/2024\/01\/8019-1.webp",350,306,false],"landscape":["https:\/\/imagazine.it\/wp-content\/uploads\/2024\/01\/8019-1.webp",350,306,false],"portraits":["https:\/\/imagazine.it\/wp-content\/uploads\/2024\/01\/8019-1.webp",350,306,false],"thumbnail":["https:\/\/imagazine.it\/wp-content\/uploads\/2024\/01\/8019-1-150x150.webp",150,150,true],"medium":["https:\/\/imagazine.it\/wp-content\/uploads\/2024\/01\/8019-1-300x262.webp",300,262,true],"large":["https:\/\/imagazine.it\/wp-content\/uploads\/2024\/01\/8019-1.webp",350,306,false],"thumblist":["https:\/\/imagazine.it\/wp-content\/uploads\/2024\/01\/8019-1.webp",300,262,false],"thumbrelated":["https:\/\/imagazine.it\/wp-content\/uploads\/2024\/01\/8019-1.webp",350,306,false],"meccarouselthumb":["https:\/\/imagazine.it\/wp-content\/uploads\/2024\/01\/8019-1.webp",350,306,false],"gridsquare":["https:\/\/imagazine.it\/wp-content\/uploads\/2024\/01\/8019-1.webp",297,260,false],"tileview":["https:\/\/imagazine.it\/wp-content\/uploads\/2024\/01\/8019-1.webp",300,262,false],"1536x1536":["https:\/\/imagazine.it\/wp-content\/uploads\/2024\/01\/8019-1.webp",350,306,false],"2048x2048":["https:\/\/imagazine.it\/wp-content\/uploads\/2024\/01\/8019-1.webp",350,306,false],"newsup-slider-full":["https:\/\/imagazine.it\/wp-content\/uploads\/2024\/01\/8019-1.webp",350,306,false],"newsup-featured":["https:\/\/imagazine.it\/wp-content\/uploads\/2024\/01\/8019-1.webp",350,306,false],"newsup-medium":["https:\/\/imagazine.it\/wp-content\/uploads\/2024\/01\/8019-1.webp",350,306,false],"tptn_thumbnail":["https:\/\/imagazine.it\/wp-content\/uploads\/2024\/01\/8019-1.webp",240,210,false],"sow-carousel-default":["https:\/\/imagazine.it\/wp-content\/uploads\/2024\/01\/8019-1-272x182.webp",272,182,true]},"rttpg_author":{"display_name":"redazione","author_link":"https:\/\/imagazine.it\/home_desk\/author\/redazione\/"},"rttpg_comment":0,"rttpg_category":"<a href=\"https:\/\/imagazine.it\/home_desk\/category\/attualita\/\" rel=\"category tag\">ATTUALIT\u00c0<\/a>","rttpg_excerpt":"Ora la parola spetter\u00e0 al Senato","_links":{"self":[{"href":"https:\/\/imagazine.it\/home_desk\/wp-json\/wp\/v2\/posts\/15194","targetHints":{"allow":["GET"]}}],"collection":[{"href":"https:\/\/imagazine.it\/home_desk\/wp-json\/wp\/v2\/posts"}],"about":[{"href":"https:\/\/imagazine.it\/home_desk\/wp-json\/wp\/v2\/types\/post"}],"author":[{"embeddable":true,"href":"https:\/\/imagazine.it\/home_desk\/wp-json\/wp\/v2\/users\/28"}],"replies":[{"embeddable":true,"href":"https:\/\/imagazine.it\/home_desk\/wp-json\/wp\/v2\/comments?post=15194"}],"version-history":[{"count":0,"href":"https:\/\/imagazine.it\/home_desk\/wp-json\/wp\/v2\/posts\/15194\/revisions"}],"wp:featuredmedia":[{"embeddable":true,"href":"https:\/\/imagazine.it\/home_desk\/wp-json\/wp\/v2\/media\/15195"}],"wp:attachment":[{"href":"https:\/\/imagazine.it\/home_desk\/wp-json\/wp\/v2\/media?parent=15194"}],"wp:term":[{"taxonomy":"category","embeddable":true,"href":"https:\/\/imagazine.it\/home_desk\/wp-json\/wp\/v2\/categories?post=15194"},{"taxonomy":"post_tag","embeddable":true,"href":"https:\/\/imagazine.it\/home_desk\/wp-json\/wp\/v2\/tags?post=15194"}],"curies":[{"name":"wp","href":"https:\/\/api.w.org\/{rel}","templated":true}]}}