{"id":15187,"date":"2014-12-01T00:00:00","date_gmt":"2014-11-30T23:00:00","guid":{"rendered":"https:\/\/imagazine.it\/?p=15187"},"modified":"2014-12-01T00:00:00","modified_gmt":"2014-11-30T23:00:00","slug":"paoletti-confermato-alla-guida-degli-infermieri-triestini","status":"publish","type":"post","link":"https:\/\/imagazine.it\/home_desk\/paoletti-confermato-alla-guida-degli-infermieri-triestini\/","title":{"rendered":"Paoletti confermato alla guida degli infermieri triestini"},"content":{"rendered":"<p class=\"ui-droppable\" style=\"text-align: justify;\"> \tRinnovo nella continuit\u00e0 per le cariche sociali dell\u2019organismo di rappresentanza di oltre 2mila infermieri professionali, assistenti sanitari e vigilatrici d&#39;infanzia (Ipasvi) della provincia di Trieste, regolarmente iscritti all\u2019albo Ipasvi. Con una percentuale di oltre il 90% delle preferenze, il presidente uscente <strong>Flavio Paoletti <\/strong>\u00e8 stato riconfermato insieme alla sua squadra, e gioved\u00ec 4 dicembre, nella sede di via Roma 17 condurr\u00e0 la prima seduta del rinnovato Consiglio Direttivo, preposto a eleggere e ufficializzare le nuove cariche sociali. Il Consiglio Ipasvi, oltra che da Paoletti, sar\u00e0 composto da <strong>Barbara Brajnik <\/strong>(vicepresidente uscente), <strong>Stefano Grisan<\/strong>, <strong>Massimiliano Pellizer<\/strong>, <strong>Franca Masala<\/strong>, <strong>Andrea Cassone<\/strong>, <strong>Erika Ubaldini<\/strong>, <strong>Sabrina Talarico<\/strong>, <strong>Patrizia Piriavic<\/strong>, <strong>Cecilia Trotto<\/strong>, <strong>Giulia Gerebizza<\/strong>, <strong>Ariella Raunikar<\/strong>, <strong>Michael Valentini<\/strong>, <strong>Ioulia Terentieva<\/strong>, <strong>Aurora Giommarresi<\/strong>.<\/p>\n<\/p>\n<p class=\"ui-droppable\" style=\"text-align: justify;\"> \t\u00ab\u00c8 stata la tornata elettorale con pi\u00f9 affluenze per il nostro collegio, dalla sua costituzione, e soprattutto con il maggior numero di preferenze che mi sono state assegnate &#8211; ha commentato<strong> Paoletti <\/strong>-. Interpreto il voto come un grosso lavoro di squadra e un riconoscimento da parte dei colleghi sull\u2019operato di IPASVI e sulla mia persona, anche rispetto alla recentissima riforma sanitaria regionale che ha recepito buona parte delle richieste e proposte avanzate da Ipasvi nei mesi precedenti \u00bb.<\/p>\n<p class=\"ui-droppable\" style=\"text-align: justify;\"> \t\u00abFra le priorit\u00e0 individuate dal nuovo Direttivo del Collegio Ipasvi della Provincia di Trieste per il triennio 2015\/2017 &#8211; spiega Paoletti &#8211; rientrano le modalit\u00e0 di lavoro sul campo per gli infermieri, l\u2019assunzione dei neolaureati, la stabilit\u00e0 del precariato, gli adeguamenti contrattuali e i passaggi di carriera in base alle competenze e ai titoli acquisiti da molti di noi infermieri\u00bb.<\/p>\n<p class=\"ui-droppable\" style=\"text-align: justify;\"> \tLa programmazione 2015 sar\u00e0 resa pubblica <strong>nell&#39;Assemblea generale Ipasvi<\/strong> che si terr\u00e0 a fine gennaio. <strong>Informazioni <\/strong>sul sito <a href=\"http:\/\/www.ipasvitrieste.it\" target=\"_blank\" rel=\"noopener\">www.ipasvitrieste.it<\/a><\/p>\n","protected":false},"excerpt":{"rendered":"<p>Elezione del Collegio provinciale<\/p>\n","protected":false},"author":28,"featured_media":15188,"comment_status":"closed","ping_status":"closed","sticky":false,"template":"","format":"standard","meta":{"dwc-title":[],"dwc-content":[],"footnotes":""},"categories":[5],"tags":[],"class_list":["post-15187","post","type-post","status-publish","format-standard","has-post-thumbnail","hentry","category-attualita"],"rttpg_featured_image_url":{"full":["https:\/\/imagazine.it\/wp-content\/uploads\/2024\/01\/8009-1.webp",492,369,false],"landscape":["https:\/\/imagazine.it\/wp-content\/uploads\/2024\/01\/8009-1.webp",492,369,false],"portraits":["https:\/\/imagazine.it\/wp-content\/uploads\/2024\/01\/8009-1.webp",492,369,false],"thumbnail":["https:\/\/imagazine.it\/wp-content\/uploads\/2024\/01\/8009-1-150x150.webp",150,150,true],"medium":["https:\/\/imagazine.it\/wp-content\/uploads\/2024\/01\/8009-1-300x225.webp",300,225,true],"large":["https:\/\/imagazine.it\/wp-content\/uploads\/2024\/01\/8009-1.webp",492,369,false],"thumblist":["https:\/\/imagazine.it\/wp-content\/uploads\/2024\/01\/8009-1.webp",300,225,false],"thumbrelated":["https:\/\/imagazine.it\/wp-content\/uploads\/2024\/01\/8009-1.webp",492,369,false],"meccarouselthumb":["https:\/\/imagazine.it\/wp-content\/uploads\/2024\/01\/8009-1.webp",432,324,false],"gridsquare":["https:\/\/imagazine.it\/wp-content\/uploads\/2024\/01\/8009-1.webp",347,260,false],"tileview":["https:\/\/imagazine.it\/wp-content\/uploads\/2024\/01\/8009-1.webp",300,225,false],"1536x1536":["https:\/\/imagazine.it\/wp-content\/uploads\/2024\/01\/8009-1.webp",492,369,false],"2048x2048":["https:\/\/imagazine.it\/wp-content\/uploads\/2024\/01\/8009-1.webp",492,369,false],"newsup-slider-full":["https:\/\/imagazine.it\/wp-content\/uploads\/2024\/01\/8009-1.webp",492,369,false],"newsup-featured":["https:\/\/imagazine.it\/wp-content\/uploads\/2024\/01\/8009-1.webp",492,369,false],"newsup-medium":["https:\/\/imagazine.it\/wp-content\/uploads\/2024\/01\/8009-1.webp",492,369,false],"tptn_thumbnail":["https:\/\/imagazine.it\/wp-content\/uploads\/2024\/01\/8009-1.webp",250,188,false],"sow-carousel-default":["https:\/\/imagazine.it\/wp-content\/uploads\/2024\/01\/8009-1-272x182.webp",272,182,true]},"rttpg_author":{"display_name":"redazione","author_link":"https:\/\/imagazine.it\/home_desk\/author\/redazione\/"},"rttpg_comment":0,"rttpg_category":"<a href=\"https:\/\/imagazine.it\/home_desk\/category\/attualita\/\" rel=\"category tag\">ATTUALIT\u00c0<\/a>","rttpg_excerpt":"Elezione del Collegio provinciale","_links":{"self":[{"href":"https:\/\/imagazine.it\/home_desk\/wp-json\/wp\/v2\/posts\/15187","targetHints":{"allow":["GET"]}}],"collection":[{"href":"https:\/\/imagazine.it\/home_desk\/wp-json\/wp\/v2\/posts"}],"about":[{"href":"https:\/\/imagazine.it\/home_desk\/wp-json\/wp\/v2\/types\/post"}],"author":[{"embeddable":true,"href":"https:\/\/imagazine.it\/home_desk\/wp-json\/wp\/v2\/users\/28"}],"replies":[{"embeddable":true,"href":"https:\/\/imagazine.it\/home_desk\/wp-json\/wp\/v2\/comments?post=15187"}],"version-history":[{"count":0,"href":"https:\/\/imagazine.it\/home_desk\/wp-json\/wp\/v2\/posts\/15187\/revisions"}],"wp:featuredmedia":[{"embeddable":true,"href":"https:\/\/imagazine.it\/home_desk\/wp-json\/wp\/v2\/media\/15188"}],"wp:attachment":[{"href":"https:\/\/imagazine.it\/home_desk\/wp-json\/wp\/v2\/media?parent=15187"}],"wp:term":[{"taxonomy":"category","embeddable":true,"href":"https:\/\/imagazine.it\/home_desk\/wp-json\/wp\/v2\/categories?post=15187"},{"taxonomy":"post_tag","embeddable":true,"href":"https:\/\/imagazine.it\/home_desk\/wp-json\/wp\/v2\/tags?post=15187"}],"curies":[{"name":"wp","href":"https:\/\/api.w.org\/{rel}","templated":true}]}}