{"id":15144,"date":"2014-11-24T00:00:00","date_gmt":"2014-11-23T23:00:00","guid":{"rendered":"https:\/\/imagazine.it\/?p=15144"},"modified":"2014-11-24T00:00:00","modified_gmt":"2014-11-23T23:00:00","slug":"allapparir-del-bello","status":"publish","type":"post","link":"https:\/\/imagazine.it\/home_desk\/allapparir-del-bello\/","title":{"rendered":"All&#8217;apparir del bello"},"content":{"rendered":"<p class=\"ui-droppable\" style=\"text-align: justify;\"> \tSaranno il prologo dedicato alle donne e la domenica in omaggio alla natura, legata alla settimana Unesco di educazione allo sviluppo sostenibile, ad aprire l\u2019edizione 2014 di <strong>Corm\u00f2nslibri<\/strong>, nell\u2019ultimo weekend di novembre. Dal 3 dicembre, invece, prender\u00e0 il via l\u2019edizione ufficiale \u201c<strong>All\u2019apparir del bello<\/strong>\u201d con ospiti che si susseguiranno per analizzare il tema della bellezza sotto diversi aspetti: dalla filosofia alla storia, dalla religione all\u2019etica, dalla sociologia all\u2019arte, fino ad arrivare allo sport.<\/p>\n<p class=\"ui-droppable\" style=\"text-align: justify;\"> \tA Corm\u00f2ns arriveranno autori di levatura nazionale e internazionale fra cui <strong>Gualtiero Bertelli<\/strong> (04\/12),<strong> Umberto Curi<\/strong> (05\/12), <strong>Zap Mangusta<\/strong> (06\/12), <strong>Francesco Guccini <\/strong>e <strong>Loriano Macchiavelli<\/strong> (07\/12),<strong> C\u00e9cile Kyenge<\/strong> (08\/12), <strong>Adriana Valerio<\/strong> (09\/12), <strong>Mina Welby<\/strong> (10\/12), <strong>Peppe dell\u2019Acqua <\/strong>e <strong>Flavio Caroli<\/strong> (11\/12), <strong>Claudio Fava<\/strong> (12\/12),<strong> Corradino Mineo<\/strong> (14\/12) e molti altri.<\/p>\n<\/p>\n<p class=\"ui-droppable\" style=\"text-align: justify;\"> \tImportanti le collaborazioni con: <strong><em>\u00e8Storia<\/em><\/strong> a Cormonslibri con <strong>Andrea Bellavite<\/strong> e <strong>Massimo Crivellari<\/strong> (06\/12), <strong><em>I Benandanti<\/em><\/strong> con la mostra <strong>Libri di versi 6<\/strong> (05\/12), <strong><em>Goal a Grappoli<\/em><\/strong> e <strong><em>Coni<\/em><\/strong>, con <strong>Dino Zoff<\/strong> (07\/12), <strong>Flavio Tranquillo<\/strong> (09\/12), e fuori programma il ricordo del pugile <strong>Luigi Musina<\/strong> con la partecipazione di <strong>Paolo Vidoz<\/strong> (18\/12), l\u2019Associazione <strong><em>Vicino-Lontano del Premio Terzani<\/em><\/strong>, con <strong>Stefano Malatesta<\/strong> (09\/12), il <strong><em>Comune di San Giovanni al Natisone<\/em><\/strong> con <strong>Paolo Venti<\/strong> (12\/12).<\/p>\n<p class=\"ui-droppable\" style=\"text-align: justify;\"> \tAttesissimi, al Teatro Comunale, lo spettacolo in anteprima nazionale \u201c<strong>Gli uomini mangiano i pesci<\/strong>\u201d, in collaborazione con <strong><em>l\u2019Associazione Apertamente<\/em><\/strong>, in programma l\u20198 dicembre alle 18.30, e il concerto del grande pianista e compositore <strong>Remo Anzovino<\/strong>, il 13 dicembre alle ore 20.30.<\/p>\n<p class=\"ui-droppable\" style=\"text-align: justify;\"> \tFra le numerose proposte, gli spettacoli <strong><em>La Signora delle Fiabe<\/em><\/strong>, di <strong>Marco Giovanetti<\/strong> (29\/11), <strong><em>Predis<\/em><\/strong> del Teatro Incerto (06\/12), e gli incontri di poesia con la chiusura del <strong>Festival Acque di Acqua<\/strong> (11\/12). Si potranno visitare ben quattro esposizioni d\u2019arte ed ammirare la scultura di Livio Fantini, omaggio del <strong><em>Circolo Culturale \u201cIl Faro\u201d<\/em><\/strong>, gentilmente donata a Corm\u00f2nslibri in nome della storica amicizia fra le due realt\u00e0.<\/p>\n<p class=\"ui-droppable\" style=\"text-align: justify;\"> \tDopo i numerosi appuntamenti di <em>Aspettando Corm\u00f2nslibri<\/em>, fra le novit\u00e0 dell\u2019edizione ufficiale 2014, il ripristino del Premio Vilegnovella dal Judri che ha preso il nome di <em>Premio Corm\u00f2nslibri<\/em>, aperto ad autori che abbiano compiuto il 16mo anno d\u2019et\u00e0. Il tema \u00e8 \u201cUtopia, disincanto, speranza\u201d e le premiazioni si terranno domenica 14 dicembre.<\/p>\n<p class=\"ui-droppable\" style=\"text-align: justify;\"> \tAnche per questa edizione sono confermate le \u201cPasseggiate Letterarie\u201d, a cura de <strong>Lis Tarlupulis<\/strong>; \u201cIl piatto Corm\u00f2nslibri\u201d, in accordo con i ristoratori della cittadina; sconti e promozioni nei negozi Cuorm\u00f2ns per tutta la durata del Festival. Cresce inoltre, di anno in anno, la collaborazione con le scuole di ogni ordine e grado attraverso laboratori, spettacoli e la partecipazione diretta degli alunni. Nelle iniziative sono stati coinvolti oltre 1300 gli studenti ed i ragazzi dell\u2019Istituto artistico Max Fabiani di Gorizia stanno gi\u00e0 preparando il logo di Corm\u00f2nslibri per il 2015. Ospite speciale 2014, sar\u00e0 lo scrittore e illustratore <strong>Antonio Ferrara<\/strong>.<\/p>\n<p class=\"ui-droppable\" style=\"text-align: justify;\"> \t<strong>Corm\u00f2nslibri <\/strong>\u00e8 un evento promosso dall\u2019Associazione Culturaglobale, in collaborazione con <strong>l\u2019Amministrazione Comunale di Corm\u00f2ns<\/strong> ed il sostegno della <strong>Fondazione Cassa di Risparmio<\/strong> <strong>di Gorizia<\/strong>, la ditta <strong>Ilcam spa<\/strong>, della <strong>Camera di Commercio di Gorizia<\/strong>, della <strong>Provincia di Gorizia<\/strong>, <strong>Cassa di Risparmio del Fvg<\/strong>, <strong>Coni Fvg<\/strong>, <strong>Associazione Apertamente<\/strong> e <strong>Chiare Acque<\/strong>.<\/p>\n<p class=\"ui-droppable\" style=\"text-align: justify;\"> \tTutti gli eventi sono a <strong>ingresso gratuito<\/strong>, <a href=\"http:\/\/www.imagazine.it\/event_periods\/3901#.VHNHj4uG-3g\" target=\"_blank\" rel=\"noopener\">leggi il programma ufficiale<\/a>.<\/p>\n","protected":false},"excerpt":{"rendered":"<p>Presentata Corm\u00f2nslibri 2014<\/p>\n","protected":false},"author":28,"featured_media":15145,"comment_status":"closed","ping_status":"closed","sticky":false,"template":"","format":"standard","meta":{"dwc-title":[],"dwc-content":[],"footnotes":""},"categories":[37],"tags":[],"class_list":["post-15144","post","type-post","status-publish","format-standard","has-post-thumbnail","hentry","category-cultura-e-spettacolo"],"rttpg_featured_image_url":{"full":["https:\/\/imagazine.it\/wp-content\/uploads\/2024\/01\/7928-1.webp",403,300,false],"landscape":["https:\/\/imagazine.it\/wp-content\/uploads\/2024\/01\/7928-1.webp",403,300,false],"portraits":["https:\/\/imagazine.it\/wp-content\/uploads\/2024\/01\/7928-1.webp",403,300,false],"thumbnail":["https:\/\/imagazine.it\/wp-content\/uploads\/2024\/01\/7928-1-150x150.webp",150,150,true],"medium":["https:\/\/imagazine.it\/wp-content\/uploads\/2024\/01\/7928-1-300x223.webp",300,223,true],"large":["https:\/\/imagazine.it\/wp-content\/uploads\/2024\/01\/7928-1.webp",403,300,false],"thumblist":["https:\/\/imagazine.it\/wp-content\/uploads\/2024\/01\/7928-1.webp",300,223,false],"thumbrelated":["https:\/\/imagazine.it\/wp-content\/uploads\/2024\/01\/7928-1.webp",403,300,false],"meccarouselthumb":["https:\/\/imagazine.it\/wp-content\/uploads\/2024\/01\/7928-1.webp",403,300,false],"gridsquare":["https:\/\/imagazine.it\/wp-content\/uploads\/2024\/01\/7928-1.webp",349,260,false],"tileview":["https:\/\/imagazine.it\/wp-content\/uploads\/2024\/01\/7928-1.webp",300,223,false],"1536x1536":["https:\/\/imagazine.it\/wp-content\/uploads\/2024\/01\/7928-1.webp",403,300,false],"2048x2048":["https:\/\/imagazine.it\/wp-content\/uploads\/2024\/01\/7928-1.webp",403,300,false],"newsup-slider-full":["https:\/\/imagazine.it\/wp-content\/uploads\/2024\/01\/7928-1.webp",403,300,false],"newsup-featured":["https:\/\/imagazine.it\/wp-content\/uploads\/2024\/01\/7928-1.webp",403,300,false],"newsup-medium":["https:\/\/imagazine.it\/wp-content\/uploads\/2024\/01\/7928-1.webp",403,300,false],"tptn_thumbnail":["https:\/\/imagazine.it\/wp-content\/uploads\/2024\/01\/7928-1.webp",250,186,false],"sow-carousel-default":["https:\/\/imagazine.it\/wp-content\/uploads\/2024\/01\/7928-1-272x182.webp",272,182,true]},"rttpg_author":{"display_name":"redazione","author_link":"https:\/\/imagazine.it\/home_desk\/author\/redazione\/"},"rttpg_comment":0,"rttpg_category":"<a href=\"https:\/\/imagazine.it\/home_desk\/category\/cultura-e-spettacolo\/\" rel=\"category tag\">CULTURA&amp;SPETTACOLO<\/a>","rttpg_excerpt":"Presentata Corm\u00f2nslibri 2014","_links":{"self":[{"href":"https:\/\/imagazine.it\/home_desk\/wp-json\/wp\/v2\/posts\/15144","targetHints":{"allow":["GET"]}}],"collection":[{"href":"https:\/\/imagazine.it\/home_desk\/wp-json\/wp\/v2\/posts"}],"about":[{"href":"https:\/\/imagazine.it\/home_desk\/wp-json\/wp\/v2\/types\/post"}],"author":[{"embeddable":true,"href":"https:\/\/imagazine.it\/home_desk\/wp-json\/wp\/v2\/users\/28"}],"replies":[{"embeddable":true,"href":"https:\/\/imagazine.it\/home_desk\/wp-json\/wp\/v2\/comments?post=15144"}],"version-history":[{"count":0,"href":"https:\/\/imagazine.it\/home_desk\/wp-json\/wp\/v2\/posts\/15144\/revisions"}],"wp:featuredmedia":[{"embeddable":true,"href":"https:\/\/imagazine.it\/home_desk\/wp-json\/wp\/v2\/media\/15145"}],"wp:attachment":[{"href":"https:\/\/imagazine.it\/home_desk\/wp-json\/wp\/v2\/media?parent=15144"}],"wp:term":[{"taxonomy":"category","embeddable":true,"href":"https:\/\/imagazine.it\/home_desk\/wp-json\/wp\/v2\/categories?post=15144"},{"taxonomy":"post_tag","embeddable":true,"href":"https:\/\/imagazine.it\/home_desk\/wp-json\/wp\/v2\/tags?post=15144"}],"curies":[{"name":"wp","href":"https:\/\/api.w.org\/{rel}","templated":true}]}}