{"id":15135,"date":"2014-11-21T00:00:00","date_gmt":"2014-11-20T23:00:00","guid":{"rendered":"https:\/\/imagazine.it\/?p=15135"},"modified":"2014-11-21T00:00:00","modified_gmt":"2014-11-20T23:00:00","slug":"giovani-pianisti-del-mondo-si-incontrano-a-gorizia","status":"publish","type":"post","link":"https:\/\/imagazine.it\/home_desk\/giovani-pianisti-del-mondo-si-incontrano-a-gorizia\/","title":{"rendered":"Giovani pianisti del mondo si incontrano a Gorizia"},"content":{"rendered":"<p style=\"text-align: justify;\" class=\"ui-droppable\"> \tL\u2019Associazione culturale musicale \u201cFlorestan\u201d ha presentato la 14esima edizione del Premio Internazionale di Interpretazione Pianistica \u201cGiuliano Pecar\u201d e del Concorso Internazionale \u201cCitt\u00e0 di Gorizia\u201d, in programma dal 25 al 29 novembre al Kulturni Center Bratuz del capoluogo isontino.<\/p>\n<p style=\"text-align: justify;\" class=\"ui-droppable\"> \t<strong>Un centinaio i musicisti<\/strong> iscritti ai due concorsi che arriveranno a Gorizia da Taiwan, Corea, Corea del Sud, Cina, Ucraina, Francia, Croazia, Russia, Vietnam, Giappone, Serbia, Olanda, Polonia, Israele, Slovenia, Usa, Spagna, Austria, Ungheria, Bielorussia, Belgio, Germania e da molte regioni d\u2019Italia.<\/p>\n<p style=\"text-align: justify;\" class=\"ui-droppable\"> \tL\u2019obiettivo degli organizzatori \u00e8 proseguire il proprio impegno a diffondere l\u2019arte e la cultura musicale, in particolare tra i giovani che hanno la possibilit\u00e0 di esibirsi davanti a una giuria internazionale di altissimo livello.<\/p>\n<p style=\"text-align: justify;\" class=\"ui-droppable\"> \tIl <strong>Premio internazionale di interpretazione pianistica \u00abGiuliano Pecar\u00bb<\/strong> \u2013 intitolato alla memoria dell\u2019imprenditore goriziano del settore musicale \u2013 \u00e8 aperto ai concorrenti di tutte le et\u00e0 nati dopo il 31 dicembre 1982 e si articola in tre prove: eliminatorie, semifinali e finali. Le eliminatorie sono in programma marted\u00ec 25 novembre, alle 9 e alle 15, e mercoled\u00ec 26 alle 9, alle 15 e alle 20; le semifinali gioved\u00ec 27 alle 9 e alle 16; la finale venerd\u00ec 28 alle 16. Tutte le prove si svolgono al Kulturni Center Bratuz di Gorizia e sono aperte al pubblico e con ingresso libero. Durante le prove devono essere presentate opere appartenenti a diversi stili: almeno una sonata classica, almeno un brano di carattere brillante e almeno un\u2019opera importante della letteratura pianistica del XIX o XX secolo.<\/p>\n<p style=\"text-align: justify;\" class=\"ui-droppable\"> \tIl <strong>Concorso\u00a0pianistico internazionale \u00abCitt\u00e0 di Gorizia\u00bb<\/strong> \u00e8 suddiviso in quattro categorie, a seconda dell\u2019et\u00e0 dei concorrenti: Categoria A per gli under 9, Categoria B per gli under 12, Categoria C per gli under 15 e categoria D per gli under 18. Le categorie C e D si esibiranno venerd\u00ec 28 dalle 9 alle 14 e le categorie A e B sabato 29 dalle 9 alle 12, sempre al Kulturni Center Bratuz con ingresso libero.<\/p>\n<p style=\"text-align: justify;\" class=\"ui-droppable\"> \tIl <strong>concerto finale e le premiazioni<\/strong> sono in programma <strong>sabato 29 novembre alle 20.30 al Kulturni Center Bratuz<\/strong>. Novit\u00e0 di questa edizione, la ditta Due Erre Multimediali di Riccardo Radivo si occuper\u00e0 della ripresa audiovisiva integrale di tutta la serata.<\/p>\n<p style=\"text-align: justify;\" class=\"ui-droppable\"> \tPer tutti i giorni di audizioni, i concorrenti avranno a disposizione per le esercitazioni, le aule studio del Centro Sloveno di educazione musicale Emil Komel.<\/p>\n<p style=\"text-align: justify;\" class=\"ui-droppable\"> \tIl <strong>primo classificato<\/strong> del Premio internazionale di interpretazione pianistica <strong>\u00abGiuliano Pecar\u00bb<\/strong>\u00a0vincer\u00e0 <strong>5.000 euro offerti dalla Fondazione Carigo<\/strong>, il diploma e <strong>sei concerti<\/strong> offerti rispettivamente dal Festival internazionale Nei suoni dei luoghi, dal Centro sloveno di educazione musicale Emil Komel, dall\u2019Universit\u00e0 Bocconi di Milano per la stagione 2016, da Kawai Halle \u2013 Krefeld \u2013 in Germania e due concerti offerti dal direttore artistico Maestro Riccardo Radivo e da Chiara della Porta dell\u2019Associazione Il Concerto, all\u2019interno del Festival Pianistico Internazionale di Trieste al Teatro Miela di Trieste e alla Sala Attems di Lucinico. <strong>Il secondo e terzo classificato<\/strong> si aggiudicano rispettivamente <strong>2.000 e 1.000 euro<\/strong>, pi\u00f9 il Diploma.<\/p>\n<p style=\"text-align: justify;\" class=\"ui-droppable\"> \tPer il Concorso anistico internazionale <strong>\u00abCitt\u00e0 di Gorizia\u00bb<\/strong>, nella <strong>Categoria \u00abA\u00bb<\/strong> il 1\u00b0 premio assoluto \u00e8 di <strong>200 euro<\/strong>, nella <strong>Categoria \u00abB\u00bb 250 euro<\/strong>, <strong>Categoria \u00abC\u00bb 300 euro e nella Categoria \u00abD\u00bb 350 euro<\/strong>.<\/p>\n<p style=\"text-align: justify;\" class=\"ui-droppable\"> \tLa <strong>direzione artistica<\/strong> dell\u2019edizione 2014 dei due concorsi \u00e8 del Maestro <strong>Siavush Gagjiev<\/strong>, pianista russo da anni residente a Gorizia, al quale si deve l\u2019ideazione del concorso nato per onorare la memoria di Giuliano Pecar.<\/p>\n<p style=\"text-align: justify;\" class=\"ui-droppable\"> \tLa <strong>giuria<\/strong>, che fin dalla prima edizione si \u00e8 distinta per autorevolezza e riconosciuta qualit\u00e0 all\u2019interno del ricco panorama di concorsi musicali, \u00e8 composta da <strong>Klaus<\/strong> <strong>Kaufmann<\/strong>, professore di pianoforte all\u2019Universit\u00e0 musicale e di arti figurative Mozarteum di Salisburgo ; <strong>Massimo Gon,<\/strong> concertista e docente al Conservatorio \u201cGiuseppe Tartini\u201d di Trieste; <strong>Alexei Nabioulin<\/strong>, pianista russo docente al Conservatorio di Mosca; <strong>Claudio Trovajoli<\/strong>, docente del Conservatorio \u201cU. Giordano\u201d di Foggia e al Pontificio Istituto di Musica Sacra di Roma; e inoltre, dal direttore artistico <strong>Siavush Gadjiev.<\/strong><\/p>\n<p style=\"text-align: justify;\" class=\"ui-droppable\"> \tI due concorsi sono realizzati con il sostegno della <strong>Fondazione Cassa di Risparmio di Gorizia,<\/strong> della <strong>Provincia di Gorizia<\/strong> \u2013 Assessorato alla Cultura, del <strong>Comune di Gorizia<\/strong>, alcuni <strong>sponsor privati<\/strong> e con la collaborazione del Centro Sloveno di educazione musicale Emil Komel di Gorizia.<\/p>\n","protected":false},"excerpt":{"rendered":"<p>Da marted\u00ec a sabato il Premio Internazionale &#8220;Giuliano Pecar&#8221;<\/p>\n","protected":false},"author":28,"featured_media":15136,"comment_status":"closed","ping_status":"closed","sticky":false,"template":"","format":"standard","meta":{"dwc-title":[],"dwc-content":[],"footnotes":""},"categories":[37],"tags":[],"class_list":["post-15135","post","type-post","status-publish","format-standard","has-post-thumbnail","hentry","category-cultura-e-spettacolo"],"rttpg_featured_image_url":{"full":["https:\/\/imagazine.it\/wp-content\/uploads\/2024\/01\/7911-1.webp",600,400,false],"landscape":["https:\/\/imagazine.it\/wp-content\/uploads\/2024\/01\/7911-1.webp",600,400,false],"portraits":["https:\/\/imagazine.it\/wp-content\/uploads\/2024\/01\/7911-1.webp",600,400,false],"thumbnail":["https:\/\/imagazine.it\/wp-content\/uploads\/2024\/01\/7911-1-150x150.webp",150,150,true],"medium":["https:\/\/imagazine.it\/wp-content\/uploads\/2024\/01\/7911-1-300x200.webp",300,200,true],"large":["https:\/\/imagazine.it\/wp-content\/uploads\/2024\/01\/7911-1.webp",600,400,false],"thumblist":["https:\/\/imagazine.it\/wp-content\/uploads\/2024\/01\/7911-1.webp",300,200,false],"thumbrelated":["https:\/\/imagazine.it\/wp-content\/uploads\/2024\/01\/7911-1.webp",500,333,false],"meccarouselthumb":["https:\/\/imagazine.it\/wp-content\/uploads\/2024\/01\/7911-1.webp",474,316,false],"gridsquare":["https:\/\/imagazine.it\/wp-content\/uploads\/2024\/01\/7911-1.webp",391,260,false],"tileview":["https:\/\/imagazine.it\/wp-content\/uploads\/2024\/01\/7911-1.webp",300,200,false],"1536x1536":["https:\/\/imagazine.it\/wp-content\/uploads\/2024\/01\/7911-1.webp",600,400,false],"2048x2048":["https:\/\/imagazine.it\/wp-content\/uploads\/2024\/01\/7911-1.webp",600,400,false],"newsup-slider-full":["https:\/\/imagazine.it\/wp-content\/uploads\/2024\/01\/7911-1.webp",600,400,false],"newsup-featured":["https:\/\/imagazine.it\/wp-content\/uploads\/2024\/01\/7911-1.webp",600,400,false],"newsup-medium":["https:\/\/imagazine.it\/wp-content\/uploads\/2024\/01\/7911-1-600x380.webp",600,380,true],"tptn_thumbnail":["https:\/\/imagazine.it\/wp-content\/uploads\/2024\/01\/7911-1.webp",250,167,false],"sow-carousel-default":["https:\/\/imagazine.it\/wp-content\/uploads\/2024\/01\/7911-1-272x182.webp",272,182,true]},"rttpg_author":{"display_name":"redazione","author_link":"https:\/\/imagazine.it\/home_desk\/author\/redazione\/"},"rttpg_comment":0,"rttpg_category":"<a href=\"https:\/\/imagazine.it\/home_desk\/category\/cultura-e-spettacolo\/\" rel=\"category tag\">CULTURA&amp;SPETTACOLO<\/a>","rttpg_excerpt":"Da marted\u00ec a sabato il Premio Internazionale \"Giuliano Pecar\"","_links":{"self":[{"href":"https:\/\/imagazine.it\/home_desk\/wp-json\/wp\/v2\/posts\/15135","targetHints":{"allow":["GET"]}}],"collection":[{"href":"https:\/\/imagazine.it\/home_desk\/wp-json\/wp\/v2\/posts"}],"about":[{"href":"https:\/\/imagazine.it\/home_desk\/wp-json\/wp\/v2\/types\/post"}],"author":[{"embeddable":true,"href":"https:\/\/imagazine.it\/home_desk\/wp-json\/wp\/v2\/users\/28"}],"replies":[{"embeddable":true,"href":"https:\/\/imagazine.it\/home_desk\/wp-json\/wp\/v2\/comments?post=15135"}],"version-history":[{"count":0,"href":"https:\/\/imagazine.it\/home_desk\/wp-json\/wp\/v2\/posts\/15135\/revisions"}],"wp:featuredmedia":[{"embeddable":true,"href":"https:\/\/imagazine.it\/home_desk\/wp-json\/wp\/v2\/media\/15136"}],"wp:attachment":[{"href":"https:\/\/imagazine.it\/home_desk\/wp-json\/wp\/v2\/media?parent=15135"}],"wp:term":[{"taxonomy":"category","embeddable":true,"href":"https:\/\/imagazine.it\/home_desk\/wp-json\/wp\/v2\/categories?post=15135"},{"taxonomy":"post_tag","embeddable":true,"href":"https:\/\/imagazine.it\/home_desk\/wp-json\/wp\/v2\/tags?post=15135"}],"curies":[{"name":"wp","href":"https:\/\/api.w.org\/{rel}","templated":true}]}}