{"id":15111,"date":"2014-11-19T00:00:00","date_gmt":"2014-11-18T23:00:00","guid":{"rendered":"https:\/\/imagazine.it\/?p=15111"},"modified":"2014-11-19T00:00:00","modified_gmt":"2014-11-18T23:00:00","slug":"infertilita-femminile-fvg-capofila-in-italia-nella-prevezione","status":"publish","type":"post","link":"https:\/\/imagazine.it\/home_desk\/infertilita-femminile-fvg-capofila-in-italia-nella-prevezione\/","title":{"rendered":"Infertilit\u00e0 femminile, FVG capofila in Italia nella prevezione"},"content":{"rendered":"<p class=\"ui-droppable\" style=\"text-align: justify;\"> \tL\u2019endometriosi colpisce circa il 10 per cento delle donne in et\u00e0 fertile ed \u00e8 causa di molti casi di infertilit\u00e0 femminile (dal 30 al 40 per cento). Solo in Friuli Venezia Giulia si stima che siano circa 17 mila le donne affette da questa malattia invalidante ma ancora poco conosciuta.<\/p>\n<p class=\"ui-droppable\" style=\"text-align: justify;\"> \tAnche per questo motivo, il Friuli Venezia Giulia \u00e8 l\u2019unica regione italiana ad essersi dotata di una legge per il riconoscimento dell\u2019Endometriosi e si conferma in prima linea nella lotta a questa malattia invalidante.<\/p>\n<p class=\"ui-droppable\" style=\"text-align: justify;\"> \tProprio per sensibilizzare l\u2019opinione pubblica sul fenomeno, sabato 22 novembre al Castello di Buttrio, dalle 14 alle 19, l&#39;Associazione Endometriosi FVG organizza \u201cParliamo di Endometriosi &#8211; Prevenzione per la ragazza, la donna e la coppia\u201d: un convegno che prevede momenti informativi e un importante confronto sulle proposte di legge regionale (LR) avanzate in Puglia, Molise e Sardegna, proposte che, sommate alla LR del Friuli Venezia Giulia, costituiranno la base di una legge nazionale.<\/p>\n<\/p>\n<p class=\"ui-droppable\" style=\"text-align: justify;\"> \t\u201cA livello nazionale non esiste un riconoscimento ufficiale dell\u2019Endometriosi e manca quindi il protocollo medico che definisca i parametri sanitari per affrontarla &#8211; spiega la Presidente dell\u2019Associazione Endometriosi FVG, <strong>Sonia Manente<\/strong> -. La battaglia di civilt\u00e0 partita proprio dal Friuli Venezia Giulia \u00e8 dunque particolarmente importante, perch\u00e9 se altre tre regioni si doteranno della medesima legge, prender\u00e0 il via la definizione di uno strumento normativo nazionale, senza il quale \u00e8 impossibile affrontare in maniera adeguata una patologia responsabile del 30\/40 per cento dei casi di infertilit\u00e0 femminile, che pu\u00f2 condizionare gravemente lo stato di salute e la qualit\u00e0 di vita, non solo della donna ma della coppia e della famiglia, con pesanti ricadute anche a livello sociale. Studiare e contrastare l\u2019Endometriosi permetterebbe, infatti, di ridurne le conseguenze e migliorare la qualit\u00e0 della vita delle donne colpite\u201d.<\/p>\n<p class=\"ui-droppable\" style=\"text-align: justify;\"> \tIl Convegno \u00e8 incentrato sulla prevenzione (per combattere l\u2019Endometriosi \u00e8 fondamentale dato che oggi sono frequenti le diagnosi tardive, che identificano la patologia con 5-7 anni di ritardo), sulle tematiche di coppia sviluppate attraverso l\u2019esperienza di medici specializzati, sul modo in cui la malattia pu\u00f2 causare infertilit\u00e0 e sui migliori approcci terapeutici.<\/p>\n<p class=\"ui-droppable\" style=\"text-align: justify;\"> \tAmpio spazio sar\u00e0 inoltre dato a normative e certificazioni sull\u2019Endometriosi in Italia e in Europa, alle Certificazioni dei centri ospedalieri italiani ed europei e, in particolare, alla possibilit\u00e0 di creare a breve, anche in Italia, altri centri certificati: ora infatti esiste un solo Centro certificato per la diagnosi e la cura dell\u2019Endometriosi.<\/p>\n","protected":false},"excerpt":{"rendered":"<p>Lotta alla Endometriosi<\/p>\n","protected":false},"author":28,"featured_media":15112,"comment_status":"closed","ping_status":"closed","sticky":false,"template":"","format":"standard","meta":{"dwc-title":[],"dwc-content":[],"footnotes":""},"categories":[6],"tags":[],"class_list":["post-15111","post","type-post","status-publish","format-standard","has-post-thumbnail","hentry","category-societa"],"rttpg_featured_image_url":{"full":["https:\/\/imagazine.it\/wp-content\/uploads\/2024\/01\/7867-1.webp",418,300,false],"landscape":["https:\/\/imagazine.it\/wp-content\/uploads\/2024\/01\/7867-1.webp",418,300,false],"portraits":["https:\/\/imagazine.it\/wp-content\/uploads\/2024\/01\/7867-1.webp",418,300,false],"thumbnail":["https:\/\/imagazine.it\/wp-content\/uploads\/2024\/01\/7867-1-150x150.webp",150,150,true],"medium":["https:\/\/imagazine.it\/wp-content\/uploads\/2024\/01\/7867-1-300x215.webp",300,215,true],"large":["https:\/\/imagazine.it\/wp-content\/uploads\/2024\/01\/7867-1.webp",418,300,false],"thumblist":["https:\/\/imagazine.it\/wp-content\/uploads\/2024\/01\/7867-1.webp",300,215,false],"thumbrelated":["https:\/\/imagazine.it\/wp-content\/uploads\/2024\/01\/7867-1.webp",418,300,false],"meccarouselthumb":["https:\/\/imagazine.it\/wp-content\/uploads\/2024\/01\/7867-1.webp",418,300,false],"gridsquare":["https:\/\/imagazine.it\/wp-content\/uploads\/2024\/01\/7867-1.webp",362,260,false],"tileview":["https:\/\/imagazine.it\/wp-content\/uploads\/2024\/01\/7867-1.webp",300,215,false],"1536x1536":["https:\/\/imagazine.it\/wp-content\/uploads\/2024\/01\/7867-1.webp",418,300,false],"2048x2048":["https:\/\/imagazine.it\/wp-content\/uploads\/2024\/01\/7867-1.webp",418,300,false],"newsup-slider-full":["https:\/\/imagazine.it\/wp-content\/uploads\/2024\/01\/7867-1.webp",418,300,false],"newsup-featured":["https:\/\/imagazine.it\/wp-content\/uploads\/2024\/01\/7867-1.webp",418,300,false],"newsup-medium":["https:\/\/imagazine.it\/wp-content\/uploads\/2024\/01\/7867-1.webp",418,300,false],"tptn_thumbnail":["https:\/\/imagazine.it\/wp-content\/uploads\/2024\/01\/7867-1.webp",250,179,false],"sow-carousel-default":["https:\/\/imagazine.it\/wp-content\/uploads\/2024\/01\/7867-1-272x182.webp",272,182,true]},"rttpg_author":{"display_name":"redazione","author_link":"https:\/\/imagazine.it\/home_desk\/author\/redazione\/"},"rttpg_comment":0,"rttpg_category":"<a href=\"https:\/\/imagazine.it\/home_desk\/category\/societa\/\" rel=\"category tag\">SOCIET\u00c0<\/a>","rttpg_excerpt":"Lotta alla Endometriosi","_links":{"self":[{"href":"https:\/\/imagazine.it\/home_desk\/wp-json\/wp\/v2\/posts\/15111","targetHints":{"allow":["GET"]}}],"collection":[{"href":"https:\/\/imagazine.it\/home_desk\/wp-json\/wp\/v2\/posts"}],"about":[{"href":"https:\/\/imagazine.it\/home_desk\/wp-json\/wp\/v2\/types\/post"}],"author":[{"embeddable":true,"href":"https:\/\/imagazine.it\/home_desk\/wp-json\/wp\/v2\/users\/28"}],"replies":[{"embeddable":true,"href":"https:\/\/imagazine.it\/home_desk\/wp-json\/wp\/v2\/comments?post=15111"}],"version-history":[{"count":0,"href":"https:\/\/imagazine.it\/home_desk\/wp-json\/wp\/v2\/posts\/15111\/revisions"}],"wp:featuredmedia":[{"embeddable":true,"href":"https:\/\/imagazine.it\/home_desk\/wp-json\/wp\/v2\/media\/15112"}],"wp:attachment":[{"href":"https:\/\/imagazine.it\/home_desk\/wp-json\/wp\/v2\/media?parent=15111"}],"wp:term":[{"taxonomy":"category","embeddable":true,"href":"https:\/\/imagazine.it\/home_desk\/wp-json\/wp\/v2\/categories?post=15111"},{"taxonomy":"post_tag","embeddable":true,"href":"https:\/\/imagazine.it\/home_desk\/wp-json\/wp\/v2\/tags?post=15111"}],"curies":[{"name":"wp","href":"https:\/\/api.w.org\/{rel}","templated":true}]}}