{"id":15107,"date":"2014-11-18T00:00:00","date_gmt":"2014-11-17T23:00:00","guid":{"rendered":"https:\/\/imagazine.it\/?p=15107"},"modified":"2014-11-18T00:00:00","modified_gmt":"2014-11-17T23:00:00","slug":"premio-luchetta-giovedi-il-nuovo-bando","status":"publish","type":"post","link":"https:\/\/imagazine.it\/home_desk\/premio-luchetta-giovedi-il-nuovo-bando\/","title":{"rendered":"Premio Luchetta, gioved\u00ec il nuovo bando"},"content":{"rendered":"<p style=\"text-align: justify;\" class=\"ui-droppable\"> \tLa XII edizione del Premio Giornalistico internazionale Marco Luchetta riparte dalla Giornata internazionale dei Diritti dell\u2019infanzia e dell\u2019adolescenza: sar\u00e0 infatti on line gioved\u00ec 20 novembre il bando per l\u2019edizione 2015. La tutela dell\u2019infanzia e dei suoi diritti rientra da sempre nella mission e nel Dna del Premio Luchetta, cos\u00ec come la testimonianza dei contesti, spesso invisibili, nei quali i bambini sono minacciati da guerre, scontri etnici, emarginazione e povert\u00e0. Il Premio \u00e8 stato infatti istituito dalla <strong>Fondazione Luchetta Ota D&#8217;Angelo Hrovatin<\/strong> con la <strong>RAI<\/strong> per ricordare i giornalisti Marco <strong>Luchetta<\/strong>, Alessandro <strong>Ota<\/strong> e Dario <strong>D&#8217;Angelo<\/strong> uccisi da una granata nel gennaio \u201994, mentre stavano girando un servizio sui bimbi della ex Yugoslavia candidati al Premio Nobel per la Pace. Pochi mesi dopo era il cineoperatore triestino Miran <strong>Hrovatin<\/strong> a perdere tragicamente la vita, vittima di un agguato a Mogadiscio con la collega Rai Ilaria Alpi. A partire da quei tragici eventi, <strong>il Premio Luchetta ha messo al centro del suo sguardo l\u2019attualit\u00e0 dei tempi, filtrata dall\u2019angolo visuale dell\u2019infanzia<\/strong>. Un \u201ctarget\u201d troppo spesso emarginato e silenziato dalle cronache, quanto strumentalizzato nelle logiche della comunicazione consumistica: il Premio Luchetta \u00e8 nato dunque per valorizzare il giornalismo \u2018di trincea\u2019 che racconta e documenta, alle pi\u00f9 svariate latitudini del pianeta, la sopraffazione delle vittime pi\u00f9 indifese delle societ\u00e0 d&#8217;ogni tempo, i bambini. E con l\u2019edizione 2015 <strong>si aggiunge, alle storiche sezioni del Luchetta, il Premio \u201cI Nostri Angeli\u201d, istituito dall\u2019Unicef Italia e dalla Fondazione Luchetta<\/strong>: il riconoscimento verr\u00e0 assegnato ad una testata che pi\u00f9 si \u00e8 distinta per aver approfondito i temi legati alla tutela dell\u2019infanzia nel mondo.<\/p>\n<p style=\"text-align: justify;\" class=\"ui-droppable\"> \tNon a caso nella rinnovata Giuria del Premio Luchetta, <strong>presieduta <\/strong>dal direttore di Rai Tgr <strong>Vincenzo Morgante<\/strong>, entra quest\u2019anno il portavoce Unicef Italia <strong>Andrea<\/strong> <strong>Iacomini<\/strong>, giornalista e saggista, ospite nei mesi scorsi dell\u2019edizione 2014 del Premio. Oltre a lui, accanto ai giurati storici del Premio Luchetta ci saranno anche il portavoce di Articolo 21 <strong>Beppe<\/strong> <strong>Giulietti<\/strong> e il direttore del settimanale Venerd\u00ec di Repubblica <strong>Attilio<\/strong> <strong>Giordano<\/strong>. La cerimonia di consegna dei riconoscimenti giornalistici si svolger\u00e0 nel prossimo mese di luglio a Trieste con il gal\u00e0 televisivo \u201c<strong>I Nostri Angeli<\/strong>\u201d, come sempre ripreso e trasmesso da Rai1<strong>.<\/strong><\/p>\n<p style=\"text-align: justify;\" class=\"ui-droppable\"> \tE <strong>a scandire il conto alla rovescia per la premiazione sar\u00e0 un\u2019intensa kermesse di incontri, dialoghi, anteprime e proiezioni:<\/strong> una vera \u201ctre giorni\u201d nel cuore di Trieste, per condividere con la citt\u00e0 non solo l\u2019evento culminante delle premiazioni, ma anche un vivacissimo dibattito con i protagonisti dell\u2019informazione e della comunicazione del nostro tempo.<\/p>\n<p style=\"text-align: justify;\" class=\"ui-droppable\"> \tPotranno concorrere <strong>giornalisti, telecineoperatori <\/strong><strong>e fotoreporter<\/strong> con i lavori pubblicati, trasmessi o diffusi <strong>tra il 1 aprile 2014 e il 31 marzo 2015<\/strong>, che dovranno pervenire alla segreteria del Premio entro il 10 aprile 2015. Il bando di concorso del Premio Giornalistico Internazionale Marco Luchetta 2015, presente anche su Twitter al profilo @premioluchetta, sar\u00e0 consultabile sui siti <a href=\"http:\/\/www.premioluchetta.it\/\" target=\"_blank\" rel=\"noopener\"><strong>www.premioluchetta.it<\/strong><\/a> e <a href=\"http:\/\/www.fondazioneluchetta.org\/\" target=\"_blank\" rel=\"noopener\"><strong>www.fondazioneluchetta.org<\/strong><\/a>.<\/p>\n<p style=\"text-align: justify;\" class=\"ui-droppable\"> \tCome per il 2014 <strong>la partecipazione include le testate<\/strong><strong> giornalistiche web, purch\u00e8 registrate.<\/strong> Il Premio Luchetta TV News sar\u00e0 esplicitamente riservato al migliore servizio giornalistico della durata massima di 5 minuti, mentre la categoria Reportage, dedicata ad <strong>Alessandro Ota<\/strong> per giornalisti e tele cineoperatori<strong>, <\/strong>sar\u00e0 riservata ai servizi televisivi fino a 45 minuti,\u00a0 Infine il premio Luchetta per le pubblicazioni della stampa internazionale e per la migliore fotografia, dedicate rispettivamente a<strong> Dario D\u2019Angelo <\/strong>e<strong> Miran Hrovatin.\u00a0<\/strong><\/p>\n","protected":false},"excerpt":{"rendered":"<p>A 25 anni dalla ratifica della Convenzione dei diritti dell&#8217;infanzia<\/p>\n","protected":false},"author":28,"featured_media":15108,"comment_status":"closed","ping_status":"closed","sticky":false,"template":"","format":"standard","meta":{"dwc-title":[],"dwc-content":[],"footnotes":""},"categories":[37],"tags":[],"class_list":["post-15107","post","type-post","status-publish","format-standard","has-post-thumbnail","hentry","category-cultura-e-spettacolo"],"rttpg_featured_image_url":{"full":["https:\/\/imagazine.it\/wp-content\/uploads\/2024\/01\/7860-1.webp",450,300,false],"landscape":["https:\/\/imagazine.it\/wp-content\/uploads\/2024\/01\/7860-1.webp",450,300,false],"portraits":["https:\/\/imagazine.it\/wp-content\/uploads\/2024\/01\/7860-1.webp",450,300,false],"thumbnail":["https:\/\/imagazine.it\/wp-content\/uploads\/2024\/01\/7860-1-150x150.webp",150,150,true],"medium":["https:\/\/imagazine.it\/wp-content\/uploads\/2024\/01\/7860-1-300x200.webp",300,200,true],"large":["https:\/\/imagazine.it\/wp-content\/uploads\/2024\/01\/7860-1.webp",450,300,false],"thumblist":["https:\/\/imagazine.it\/wp-content\/uploads\/2024\/01\/7860-1.webp",300,200,false],"thumbrelated":["https:\/\/imagazine.it\/wp-content\/uploads\/2024\/01\/7860-1.webp",450,300,false],"meccarouselthumb":["https:\/\/imagazine.it\/wp-content\/uploads\/2024\/01\/7860-1.webp",450,300,false],"gridsquare":["https:\/\/imagazine.it\/wp-content\/uploads\/2024\/01\/7860-1.webp",391,260,false],"tileview":["https:\/\/imagazine.it\/wp-content\/uploads\/2024\/01\/7860-1.webp",300,200,false],"1536x1536":["https:\/\/imagazine.it\/wp-content\/uploads\/2024\/01\/7860-1.webp",450,300,false],"2048x2048":["https:\/\/imagazine.it\/wp-content\/uploads\/2024\/01\/7860-1.webp",450,300,false],"newsup-slider-full":["https:\/\/imagazine.it\/wp-content\/uploads\/2024\/01\/7860-1.webp",450,300,false],"newsup-featured":["https:\/\/imagazine.it\/wp-content\/uploads\/2024\/01\/7860-1.webp",450,300,false],"newsup-medium":["https:\/\/imagazine.it\/wp-content\/uploads\/2024\/01\/7860-1.webp",450,300,false],"tptn_thumbnail":["https:\/\/imagazine.it\/wp-content\/uploads\/2024\/01\/7860-1.webp",250,167,false],"sow-carousel-default":["https:\/\/imagazine.it\/wp-content\/uploads\/2024\/01\/7860-1-272x182.webp",272,182,true]},"rttpg_author":{"display_name":"redazione","author_link":"https:\/\/imagazine.it\/home_desk\/author\/redazione\/"},"rttpg_comment":0,"rttpg_category":"<a href=\"https:\/\/imagazine.it\/home_desk\/category\/cultura-e-spettacolo\/\" rel=\"category tag\">CULTURA&amp;SPETTACOLO<\/a>","rttpg_excerpt":"A 25 anni dalla ratifica della Convenzione dei diritti dell'infanzia","_links":{"self":[{"href":"https:\/\/imagazine.it\/home_desk\/wp-json\/wp\/v2\/posts\/15107","targetHints":{"allow":["GET"]}}],"collection":[{"href":"https:\/\/imagazine.it\/home_desk\/wp-json\/wp\/v2\/posts"}],"about":[{"href":"https:\/\/imagazine.it\/home_desk\/wp-json\/wp\/v2\/types\/post"}],"author":[{"embeddable":true,"href":"https:\/\/imagazine.it\/home_desk\/wp-json\/wp\/v2\/users\/28"}],"replies":[{"embeddable":true,"href":"https:\/\/imagazine.it\/home_desk\/wp-json\/wp\/v2\/comments?post=15107"}],"version-history":[{"count":0,"href":"https:\/\/imagazine.it\/home_desk\/wp-json\/wp\/v2\/posts\/15107\/revisions"}],"wp:featuredmedia":[{"embeddable":true,"href":"https:\/\/imagazine.it\/home_desk\/wp-json\/wp\/v2\/media\/15108"}],"wp:attachment":[{"href":"https:\/\/imagazine.it\/home_desk\/wp-json\/wp\/v2\/media?parent=15107"}],"wp:term":[{"taxonomy":"category","embeddable":true,"href":"https:\/\/imagazine.it\/home_desk\/wp-json\/wp\/v2\/categories?post=15107"},{"taxonomy":"post_tag","embeddable":true,"href":"https:\/\/imagazine.it\/home_desk\/wp-json\/wp\/v2\/tags?post=15107"}],"curies":[{"name":"wp","href":"https:\/\/api.w.org\/{rel}","templated":true}]}}