{"id":15084,"date":"2014-11-13T00:00:00","date_gmt":"2014-11-12T23:00:00","guid":{"rendered":"https:\/\/imagazine.it\/?p=15084"},"modified":"2014-11-13T00:00:00","modified_gmt":"2014-11-12T23:00:00","slug":"a-laila-pakalnina-il-premio-darko-bratina-2014","status":"publish","type":"post","link":"https:\/\/imagazine.it\/home_desk\/a-laila-pakalnina-il-premio-darko-bratina-2014\/","title":{"rendered":"A Laila Pakalnina il &#8220;Premio Darko Bratina 2014&#8221;"},"content":{"rendered":"<p style=\"text-align: justify;\" class=\"ui-droppable\"> \tUna trentina di titoli al suo attivo, tra lungometraggi, corti, documentari (la maggior parte) e opere di finzione;\u00a0 pi\u00f9 di 40 premi vinti, in due decenni, nei festival di tutta Europa. \u00c8 questo il ricco curriculum di <strong>Laila Pakalnina<\/strong>, figura di spicco del cinema baltico contemporaneo.<\/p>\n<p style=\"text-align: justify;\" class=\"ui-droppable\"> \t\u00c8 alla regista lettone che il Kinoatelje conferisce per il 2014 il <em>Premio Darko Bratina. Omaggio a <\/em><em>una Visione<\/em>, nell&#8217;ambito dell\u2019omonima iniziativa che l&#8217;associazione goriziana dedica alla memoria del suo fondatore e che ormai da anni si struttura come un festival monografico itinerante.<\/p>\n<p style=\"text-align: justify;\" class=\"ui-droppable\"> \tAlla fine di novembre saranno 6 le piazze, tra Friuli Venezia Giulia e Slovenia, a far da cornice al <em>tour<\/em> in cui Pakalnina avr\u00e0 modo di far conoscere al pubblico alcuni tra i migliori esempi della sua filmografia, che spesso ha come oggetto la sua terra natale. Lo sguardo della regista si sofferma infatti sovente sui caratteri nazionali e sul confronto tra l&#8217;epoca sovietica e i recenti anni dell&#8217;indipendenza, muovendosi in equilibrio tra l&#8217;attenta osservazione della vita, evidente soprattutto nei lavori documentari, e il senso dell&#8217;ironia e dell&#8217;assurdo che nelle opere di finzione diviene strumento privilegiato per leggere la realt\u00e0.<\/p>\n<p style=\"text-align: justify;\" class=\"ui-droppable\"> \tL&#8217;evento avr\u00e0 inizio gioved\u00ec 20 novembre, quando presso il Kulturni Dom di Nova Gorica avr\u00e0 luogo la cerimonia di premiazione. Nell&#8217;ambito della serata verranno proiettati il \u201ccortissimo\u201d <em>Short Film About Life<\/em>, originale interpretazione della sfida ai rigori che decide una partita di calcio, e <em>Snow Crazy<\/em>, documentario in cui la regista si sofferma sul paradossale rapporto che ha con le montagne un Paese che ne \u00e8 sostanzialmente privo.<\/p>\n<p style=\"text-align: justify;\" class=\"ui-droppable\"> \tIl giorno seguente, poi, il <em>Premio Darko Bratina<\/em> si sposter\u00e0 al di qua della frontiera: a Gorizia Laila Pakalnina sar\u00e0 protagonista di una masterclass che offrir\u00e0 l&#8217;opportunit\u00e0 al pubblico del Palazzo del Cinema di confrontarsi con una cinquina di titoli rappresentativi del suo opus. <em>The Ferry<\/em>, <em>The Shoe<\/em>, <em>The Bus<\/em> e <em>On Rubiks&#8217; Road<\/em> \u2013 oltre al gi\u00e0 citato <em>Short Film About Life<\/em> \u2013 si muovono tra documentario e finzione, proponendo un viaggio \u2013 in pi\u00f9 di un caso letterale \u2013 tra il passato e il presente di una terra e di un popolo alle prese con tensioni storiche e sociali.<\/p>\n<p style=\"text-align: justify;\" class=\"ui-droppable\"> \tTra le opere di fiction spicca <em>The Shoe<\/em>, in programma anche il giorno seguente, sabato 22, all&#8217;Art Kino Odeon di Izola. Presentata all&#8217;epoca a Cannes, Toronto e Berlino, \u00e8 una commedia ambientata in epoca sovietica che trova il suo innesco nel ritrovamento, su un tratto di costa lettone, di una scarpa e di una serie di impronte.<\/p>\n<p style=\"text-align: justify;\" class=\"ui-droppable\"> \tAl Miela di Trieste, domenica 23, sar\u00e0 invece la volta di <em>Pizzas<\/em>, presentato in ticket con il coevo <em>Snow Crazy<\/em>. Premio speciale della giuria alla Festa del Cinema di Roma, ecco un&#8217;altra commedia il cui humour che vira verso l&#8217;assurdo. Al centro della vicenda, Oskars e Matiss, due 18enni che lavorano come pizzaioli ma sognano di dare una svolta alle loro vite&#8230;<\/p>\n<p style=\"text-align: justify;\" class=\"ui-droppable\"> \tSi ritorner\u00e0 quindi al documentario nella data udinese del Premio Bratina. Luned\u00ec 24 il pubblico del Visionario potr\u00e0 conoscere Pakalnina attraverso la proposta di <em>Short Film About Life<\/em> e <em>The Chimney<\/em>. In quest&#8217;ultimo documentario, la ciminiera del titolo \u00e8 quella di una vecchia fabbrica che domina un panorama rurale; in un paesaggio pressoch\u00e9 privo di figure adulte, l&#8217;occhio della regista \u00e8 catturato da sette bambine bionde, i cui giochi compongono un&#8217;ode all&#8217;innocenza dell&#8217;infanzia.<\/p>\n<p style=\"text-align: justify;\" class=\"ui-droppable\"> \tLa chiusura della manifestazione, infine, \u00e8 prevista per marted\u00ec 25 novembre, presso la Slovenska Kinoteka di Lubiana. L\u00ec verr\u00e0 proiettato <em>The Hostage<\/em>, storia di un dirottamento aereo che permette ad un bambino di fare la conoscenza dell&#8217;eccentrico ma cordiale popolo lettone. Ad accompagnare il film nella capitale slovena sar\u00e0 l&#8217;attore Brane Zavr\u0161an, gi\u00e0 interprete di <em>No Man&#8217;s Land<\/em> e, pi\u00f9 recentemente, di <em>Tir<\/em> di Alberto Fasulo.<\/p>\n<p style=\"text-align: justify;\" class=\"ui-droppable\"> \tTutti gli appuntamenti sono ad ingresso gratuito.<\/p>\n","protected":false},"excerpt":{"rendered":"<p>Riconoscimento alla regista lettone<\/p>\n","protected":false},"author":28,"featured_media":15085,"comment_status":"closed","ping_status":"closed","sticky":false,"template":"","format":"standard","meta":{"dwc-title":[],"dwc-content":[],"footnotes":""},"categories":[37],"tags":[],"class_list":["post-15084","post","type-post","status-publish","format-standard","has-post-thumbnail","hentry","category-cultura-e-spettacolo"],"rttpg_featured_image_url":{"full":["https:\/\/imagazine.it\/wp-content\/uploads\/2024\/01\/7723-1.webp",409,300,false],"landscape":["https:\/\/imagazine.it\/wp-content\/uploads\/2024\/01\/7723-1.webp",409,300,false],"portraits":["https:\/\/imagazine.it\/wp-content\/uploads\/2024\/01\/7723-1.webp",409,300,false],"thumbnail":["https:\/\/imagazine.it\/wp-content\/uploads\/2024\/01\/7723-1-150x150.webp",150,150,true],"medium":["https:\/\/imagazine.it\/wp-content\/uploads\/2024\/01\/7723-1-300x220.webp",300,220,true],"large":["https:\/\/imagazine.it\/wp-content\/uploads\/2024\/01\/7723-1.webp",409,300,false],"thumblist":["https:\/\/imagazine.it\/wp-content\/uploads\/2024\/01\/7723-1.webp",300,220,false],"thumbrelated":["https:\/\/imagazine.it\/wp-content\/uploads\/2024\/01\/7723-1.webp",409,300,false],"meccarouselthumb":["https:\/\/imagazine.it\/wp-content\/uploads\/2024\/01\/7723-1.webp",409,300,false],"gridsquare":["https:\/\/imagazine.it\/wp-content\/uploads\/2024\/01\/7723-1.webp",354,260,false],"tileview":["https:\/\/imagazine.it\/wp-content\/uploads\/2024\/01\/7723-1.webp",300,220,false],"1536x1536":["https:\/\/imagazine.it\/wp-content\/uploads\/2024\/01\/7723-1.webp",409,300,false],"2048x2048":["https:\/\/imagazine.it\/wp-content\/uploads\/2024\/01\/7723-1.webp",409,300,false],"newsup-slider-full":["https:\/\/imagazine.it\/wp-content\/uploads\/2024\/01\/7723-1.webp",409,300,false],"newsup-featured":["https:\/\/imagazine.it\/wp-content\/uploads\/2024\/01\/7723-1.webp",409,300,false],"newsup-medium":["https:\/\/imagazine.it\/wp-content\/uploads\/2024\/01\/7723-1.webp",409,300,false],"tptn_thumbnail":["https:\/\/imagazine.it\/wp-content\/uploads\/2024\/01\/7723-1.webp",250,183,false],"sow-carousel-default":["https:\/\/imagazine.it\/wp-content\/uploads\/2024\/01\/7723-1-272x182.webp",272,182,true]},"rttpg_author":{"display_name":"redazione","author_link":"https:\/\/imagazine.it\/home_desk\/author\/redazione\/"},"rttpg_comment":0,"rttpg_category":"<a href=\"https:\/\/imagazine.it\/home_desk\/category\/cultura-e-spettacolo\/\" rel=\"category tag\">CULTURA&amp;SPETTACOLO<\/a>","rttpg_excerpt":"Riconoscimento alla regista lettone","_links":{"self":[{"href":"https:\/\/imagazine.it\/home_desk\/wp-json\/wp\/v2\/posts\/15084","targetHints":{"allow":["GET"]}}],"collection":[{"href":"https:\/\/imagazine.it\/home_desk\/wp-json\/wp\/v2\/posts"}],"about":[{"href":"https:\/\/imagazine.it\/home_desk\/wp-json\/wp\/v2\/types\/post"}],"author":[{"embeddable":true,"href":"https:\/\/imagazine.it\/home_desk\/wp-json\/wp\/v2\/users\/28"}],"replies":[{"embeddable":true,"href":"https:\/\/imagazine.it\/home_desk\/wp-json\/wp\/v2\/comments?post=15084"}],"version-history":[{"count":0,"href":"https:\/\/imagazine.it\/home_desk\/wp-json\/wp\/v2\/posts\/15084\/revisions"}],"wp:featuredmedia":[{"embeddable":true,"href":"https:\/\/imagazine.it\/home_desk\/wp-json\/wp\/v2\/media\/15085"}],"wp:attachment":[{"href":"https:\/\/imagazine.it\/home_desk\/wp-json\/wp\/v2\/media?parent=15084"}],"wp:term":[{"taxonomy":"category","embeddable":true,"href":"https:\/\/imagazine.it\/home_desk\/wp-json\/wp\/v2\/categories?post=15084"},{"taxonomy":"post_tag","embeddable":true,"href":"https:\/\/imagazine.it\/home_desk\/wp-json\/wp\/v2\/tags?post=15084"}],"curies":[{"name":"wp","href":"https:\/\/api.w.org\/{rel}","templated":true}]}}