{"id":15069,"date":"2014-11-11T00:00:00","date_gmt":"2014-11-10T23:00:00","guid":{"rendered":"https:\/\/imagazine.it\/?p=15069"},"modified":"2014-11-11T00:00:00","modified_gmt":"2014-11-10T23:00:00","slug":"il-viaggio-di-marco-cavallo-diventa-film","status":"publish","type":"post","link":"https:\/\/imagazine.it\/home_desk\/il-viaggio-di-marco-cavallo-diventa-film\/","title":{"rendered":"Il viaggio di Marco Cavallo diventa film"},"content":{"rendered":"<p class=\"ui-droppable\" style=\"text-align: justify;\"> \tEsattamente a un anno di distanza, la battaglia di Marco Cavallo partito da Trieste, grazie al sostegno di numerose Istituzioni e\u00a0<strong>con una medaglia del Presidente della Repubblica<\/strong>, e che ha attraversato l\u2019Italia in un viaggio di oltre 4.000 km in 16 citt\u00e0 italiane per chiedere la chiusura degli Ospedali Psichiatrici Giudiziari (OPG), dire no ai mini OPG o manicomi regionali e chiedere l&#39;apertura di Centri di Salute Mentale h24, \u00e8\u00a0diventata un film dal titolo \u201cIl viaggio di Marco Cavallo\u201d.\u00a0<\/p>\n<p class=\"ui-droppable\" style=\"text-align: justify;\"> \tLa pellicola, della durata di 50 minuti, \u00e8 stata selezionata al <em>Torino Film Festival<\/em> per la sezione \u201cDiritti e Rovesci\u201d dove sar\u00e0 presentata, fuori concorso,\u00a0in anteprima nazionale luned\u00ec 24 novembre alle ore 17.30 (Cinema Massimo 2). La proiezione sar\u00e0 introdotta da <strong>Paolo Virz\u00ec<\/strong> e da <strong>Emanuela Martini<\/strong>, direttore da quest\u2019anno del Festival. Al termine della proiezione il dibattito con il pubblico. La proiezione andr\u00e0 in replica marted\u00ec 25 novembre alle ore 12.30\u00a0al\u00a0Cinema Reposi 5 di Torino.\u00a0<\/p>\n<\/p>\n<p class=\"ui-droppable\" style=\"text-align: justify;\"> \tLa pellicola, prodotta dalle <em>Edizioni alphabeta Verlag<\/em> di Merano &#8211; gi\u00e0 editore della ormai nota Collana 180 &#8211;\u00a0 Archivio critico della salute mentale,\u00a0 vede alla regia due professionisti: la triestina\u00a0<strong>Erika Rossi<\/strong>, autrice e regista di documentari a carattere sociale tra i quali \u201cTrieste racconta Basaglia\u201d (2012) vincitore del Trieste Film Festival e selezionato in diversi festival internazionali quali Roma, Napoli, Glasgow, Split e Buenos Aires, e\u00a0<strong>Giuseppe Tedeschi.<\/strong>\u00a0La fotografia, invece, porta la firma di\u00a0<strong>Daniel Mazza<\/strong>\u00a0che documenta, tra i pi\u00f9 recenti, \u201cPiccola Patria\u201d (2013) di Alessandro Rossetto, presentato alla 70a Mostra Internazionale d\u2019Arte Cinematografica di Venezia e all\u2019International Film Festival Rotterdam 2014. Al montaggio\u00a0<strong>Beppe Leonetti<\/strong>, che ha firmato anche alcune opere di Nanni Moretti (\u201cIl diario del Caimano\u201d, \u201cDiario di uno spettatore\u201d, \u201cL\u2019ultimo campionato\u201d, \u201cPalombella rossa: intorno al film\u201d).\u00a0<\/p>\n<p class=\"ui-droppable\" style=\"text-align: justify;\"> \t\u201cIl fatto che il film vada a Torino \u2013 dichiara\u00a0<strong>Aldo Mazza<\/strong>, direttore delle <em>Edizioni alphabeta Verlag<\/em> \u2013 \u00e8 fonte di grande soddisfazione e di entusiasmo per noi. Con le immagini che abbiamo raccolto durante il viaggio, vorremmo raccontare questa straordinaria impresa. Durante il viaggio siamo stati accolti da centinaia di persone, abbiamo incontrato\u00a0 internati, numerosissimi studenti, operatori, volontari e\u00a0 cittadini che hanno manifestato con <em>StopOPG<\/em> il loro dissenso, chiedendo la chiusura di queste strutture. In un Paese troppo a lungo disattento a queste questioni, il nostro intento \u00e8 quello di dare voce e visibilit\u00e0 a tutte queste persone e alle loro storie\u201d.\u00a0<\/p>\n<p class=\"ui-droppable\" style=\"text-align: justify;\"> \tIl film narra la forza indomita di chi non si vuole arrendere davanti all\u2019ingiustizia, con la potenza di un simbolo nato proprio a Trieste quarant\u2019anni fa, Marco Cavallo, che continua a mettere a confronto un\u2019anacronistica psichiatria e una vecchia giurisprudenza con l\u2019esigenza di sguardi nuovi e di nuove norme, persone senza voce con persone che non sanno pi\u00f9 ascoltare, vecchi e giovani psichiatri, salute e malattia, dentro e fuori. In mezzo a queste dualit\u00e0 ci sono gli internati degli OPG, ormai sotto il migliaio in Italia, relegati dietro quei grandi cancelli, dove sono puniti e curati con la pi\u00f9 aberrante delle condanne, ovvero privati della libert\u00e0 come tutti i comuni carcerati, ma diversamente da loro privati anche della speranza di un futuro.<\/p>\n","protected":false},"excerpt":{"rendered":"<p>Selezionato al Festival di Torino<\/p>\n","protected":false},"author":28,"featured_media":15070,"comment_status":"closed","ping_status":"closed","sticky":false,"template":"","format":"standard","meta":{"dwc-title":[],"dwc-content":[],"footnotes":""},"categories":[37],"tags":[],"class_list":["post-15069","post","type-post","status-publish","format-standard","has-post-thumbnail","hentry","category-cultura-e-spettacolo"],"rttpg_featured_image_url":{"full":["https:\/\/imagazine.it\/wp-content\/uploads\/2024\/01\/7686-1.webp",533,300,false],"landscape":["https:\/\/imagazine.it\/wp-content\/uploads\/2024\/01\/7686-1.webp",533,300,false],"portraits":["https:\/\/imagazine.it\/wp-content\/uploads\/2024\/01\/7686-1.webp",533,300,false],"thumbnail":["https:\/\/imagazine.it\/wp-content\/uploads\/2024\/01\/7686-1-150x150.webp",150,150,true],"medium":["https:\/\/imagazine.it\/wp-content\/uploads\/2024\/01\/7686-1-300x169.webp",300,169,true],"large":["https:\/\/imagazine.it\/wp-content\/uploads\/2024\/01\/7686-1.webp",533,300,false],"thumblist":["https:\/\/imagazine.it\/wp-content\/uploads\/2024\/01\/7686-1.webp",300,169,false],"thumbrelated":["https:\/\/imagazine.it\/wp-content\/uploads\/2024\/01\/7686-1.webp",500,281,false],"meccarouselthumb":["https:\/\/imagazine.it\/wp-content\/uploads\/2024\/01\/7686-1.webp",474,267,false],"gridsquare":["https:\/\/imagazine.it\/wp-content\/uploads\/2024\/01\/7686-1.webp",391,220,false],"tileview":["https:\/\/imagazine.it\/wp-content\/uploads\/2024\/01\/7686-1.webp",300,169,false],"1536x1536":["https:\/\/imagazine.it\/wp-content\/uploads\/2024\/01\/7686-1.webp",533,300,false],"2048x2048":["https:\/\/imagazine.it\/wp-content\/uploads\/2024\/01\/7686-1.webp",533,300,false],"newsup-slider-full":["https:\/\/imagazine.it\/wp-content\/uploads\/2024\/01\/7686-1.webp",533,300,false],"newsup-featured":["https:\/\/imagazine.it\/wp-content\/uploads\/2024\/01\/7686-1.webp",533,300,false],"newsup-medium":["https:\/\/imagazine.it\/wp-content\/uploads\/2024\/01\/7686-1.webp",533,300,false],"tptn_thumbnail":["https:\/\/imagazine.it\/wp-content\/uploads\/2024\/01\/7686-1.webp",250,141,false],"sow-carousel-default":["https:\/\/imagazine.it\/wp-content\/uploads\/2024\/01\/7686-1-272x182.webp",272,182,true]},"rttpg_author":{"display_name":"redazione","author_link":"https:\/\/imagazine.it\/home_desk\/author\/redazione\/"},"rttpg_comment":0,"rttpg_category":"<a href=\"https:\/\/imagazine.it\/home_desk\/category\/cultura-e-spettacolo\/\" rel=\"category tag\">CULTURA&amp;SPETTACOLO<\/a>","rttpg_excerpt":"Selezionato al Festival di Torino","_links":{"self":[{"href":"https:\/\/imagazine.it\/home_desk\/wp-json\/wp\/v2\/posts\/15069","targetHints":{"allow":["GET"]}}],"collection":[{"href":"https:\/\/imagazine.it\/home_desk\/wp-json\/wp\/v2\/posts"}],"about":[{"href":"https:\/\/imagazine.it\/home_desk\/wp-json\/wp\/v2\/types\/post"}],"author":[{"embeddable":true,"href":"https:\/\/imagazine.it\/home_desk\/wp-json\/wp\/v2\/users\/28"}],"replies":[{"embeddable":true,"href":"https:\/\/imagazine.it\/home_desk\/wp-json\/wp\/v2\/comments?post=15069"}],"version-history":[{"count":0,"href":"https:\/\/imagazine.it\/home_desk\/wp-json\/wp\/v2\/posts\/15069\/revisions"}],"wp:featuredmedia":[{"embeddable":true,"href":"https:\/\/imagazine.it\/home_desk\/wp-json\/wp\/v2\/media\/15070"}],"wp:attachment":[{"href":"https:\/\/imagazine.it\/home_desk\/wp-json\/wp\/v2\/media?parent=15069"}],"wp:term":[{"taxonomy":"category","embeddable":true,"href":"https:\/\/imagazine.it\/home_desk\/wp-json\/wp\/v2\/categories?post=15069"},{"taxonomy":"post_tag","embeddable":true,"href":"https:\/\/imagazine.it\/home_desk\/wp-json\/wp\/v2\/tags?post=15069"}],"curies":[{"name":"wp","href":"https:\/\/api.w.org\/{rel}","templated":true}]}}