{"id":15065,"date":"2014-11-11T00:00:00","date_gmt":"2014-11-10T23:00:00","guid":{"rendered":"https:\/\/imagazine.it\/?p=15065"},"modified":"2014-11-11T00:00:00","modified_gmt":"2014-11-10T23:00:00","slug":"pilsen-dodici-mesi-per-aprirsi-al-mondo","status":"publish","type":"post","link":"https:\/\/imagazine.it\/home_desk\/pilsen-dodici-mesi-per-aprirsi-al-mondo\/","title":{"rendered":"Pilsen, dodici mesi per aprirsi al mondo"},"content":{"rendered":"<p style=\"text-align: justify;\" class=\"ui-droppable\"> \tIl nome Pilsen rievoca ai pi\u00f9 l\u2019omonima birra distribuita in tutto il mondo. \u00a0Ma nel 2015 la citt\u00e0 boema, gi\u00e0 capitale della birra, sar\u00e0 anche Capitale Europea della Cultura. \u00c8 infatti partito il conto alla rovescia per dare il via a dodici mesi di celebrazioni, festeggiamenti, grandi eventi, spettacoli, mostre e festival. Dodici mesi per imparare ad apprezzare i mille volti di una citt\u00e0 poliedrica e fiera, dalla forte identit\u00e0 culturale ma anche dalla profonda coscienza europea.<\/p>\n<p style=\"text-align: justify;\" class=\"ui-droppable\"> \tI festeggiamenti ufficiali avranno inizio il 17 gennaio, quando si aprir\u00e0 anche la\u00a0stagione del\u00a0circo contemporaneo. La cerimonia di apertura del progetto <em>Pilsen 2015<\/em> spetter\u00e0 al grande acrobata svizzero <strong>David Dimitri<\/strong>, preannunciato dai cortei dei cinque rioni della citt\u00e0, ispirati alle tradizioni di\u00a0Pilsen. Poi, la sera, i festeggiamenti proseguiranno nelle sale culturali, nelle osterie e nei locali.<\/p>\n<p style=\"text-align: justify;\" class=\"ui-droppable\"> \tPer gli amanti del circo che non potranno assistere alla cerimonia di apertura la possibilit\u00e0 di rifarsi durer\u00e0 tutto l\u2019anno: vari quartieri di Pilsen ospiteranno tendoni colorati nei quali si esibiranno otto importanti compagnie da tutto il mondo. Acrobazie mozzafiato verranno proposte dagli artisti della compagnia francese\u00a0<strong>Cirque Trottola<\/strong>, mentre i loro connazionali\u00a0<strong>Famous Burattini Family<\/strong>\u00a0costruiranno i loro spettacoli su un rude umorismo da strada. Il pi\u00f9 giovane rappresentante del circo contemporaneo, l\u2019italiano\u00a0<strong>MagdaClan, <\/strong>presenter\u00e0 una combinazione di storie forti e incredibili performance artistiche. I recenti laureati della scuola di circo di Torino convoglieranno tutta l\u2019energia e le idee di cui sono carichi nello spettacolo <em>ERA \u2013 Sonnet for Clown<\/em>. In estate, poi, potrete confrontare le prestazioni acrobatiche europee con l\u2019arte della compagnia canadese\u00a0<strong>Cirque Alfonse<\/strong>, che accompagna le proprie esibizioni con musica dal vivo. Perfetto coronamento di una stagione all\u2019insegna della nuova arte circense sar\u00e0 l\u2019esibizione del\u00a0<strong>gruppo Acoreacro<\/strong>, in programma all\u2019inizio di novembre.<\/p>\n<p style=\"text-align: justify;\" class=\"ui-droppable\"> \tNel 2015\u00a0Pilsen\u00a0 ricorder\u00e0 i suoi cittadini pi\u00f9 famosi, che ne hanno fatto la storia, segnato il destino e soprattutto alimentato la sua anima culturale. Compresi quelli che hanno portato la bandiera boema con orgoglio all\u2019estero. E per l\u2019occasione andr\u00e0 a rintracciarli persino oltreoceano.<\/p>\n<p style=\"text-align: justify;\" class=\"ui-droppable\"> \tIl 17 gennaio verr\u00e0 inaugurata anche la prima mostra che traccia un profilo completo di\u00a0<strong>Ji\u0159\u00ed Trnka<\/strong>, successivamente integrata da un\u2019esposizione interattiva basata sul suo libro \u201cIl giardino\u201d. Artista e regista di film d\u2019animazione noto in tutto il mondo, Trnka non sar\u00e0 per\u00f2 l\u2019unico nativo di Pilsen a cui le gallerie locali dedicheranno spazio nell\u2019arco del prossimo anno. Per la prima volta arriva in Europa la preziosa collezione di ritratti Maori di\u00a0<strong>Bohum\u00edr Lindauer<\/strong>, pittore nato a Pilsen alla met\u00e0 del XIX secolo, che si colloca tra i rappresentanti pi\u00f9 significativi dell\u2019arte neozelandese. I quaranta rari dipinti verranno esposti alla Galleria della\u00a0<strong>Boemia occidentale\u00a0<\/strong>nel corso della prossima estate.<\/p>\n<p style=\"text-align: justify;\" class=\"ui-droppable\"> \tImperdibile si preannuncia anche la serie di mostre dedicate all\u2019opera di\u00a0<strong>Ladislav Sutnar<\/strong>, uno dei fondatori del design grafico mondiale. Nativo di Pilsen, nel 1939 emigr\u00f2 negli Stati Uniti, dove gli sono stati conferiti vari premi per il design nonch\u00e9 la prestigiosa medaglia dell\u2019Associazione dei grafici professionisti. Questo 2015 ricco di cultura verr\u00e0 completato anche da esposizioni dei migliori pittori <em>fin de si\u00e8cle<\/em> e del modernismo europeo, ma anche da un\u2019esposizione sul barocco della Boemia occidentale.<\/p>\n<p style=\"text-align: justify;\" class=\"ui-droppable\"> \tNel 2015 Pilsen sar\u00e0 quindi una citt\u00e0 vibrante di cultura, in tutte le sue forme e declinazioni. Un centro culturale dal cuore pulsante, i cui battiti si udiranno ovunque, non solo nelle gallerie, nei musei e nelle sale convegni.<\/p>\n<p style=\"text-align: justify;\" class=\"ui-droppable\"> \tAnzi, sar\u00e0 proprio per le strade che\u00a0<strong>Pilsen<\/strong>\u00a0urler\u00e0 il suo inno alla cultura. A partire da febbraio saranno allestite le installazioni di arte luminosa. A maggio toccher\u00e0 alle celebrazioni della liberazione della citt\u00e0 da parte dell\u2019esercito americano e una spettacolare parata ricorder\u00e0 il 70<sup>o<\/sup>\u00a0anniversario della fine della Seconda guerra mondiale. Nei mesi estivi saranno poi vari monumenti della regione di Pilsen ad animarsi con musica, danza, teatro e fuochi d\u2019artificio in stile barocco.\u00a0<\/p>\n<p style=\"text-align: justify;\" class=\"ui-droppable\"> \tE una febbre artistica non mancher\u00e0 di contagiare nemmeno gli edifici industriali, con una serie di eventi raccolti sotto il titolo promettente di\u00a0<strong>Fabbriche dell\u2019immaginazione.<\/strong>\u00a0Negli spazi dell\u2019ex centrale elettrica per esempio si svolger\u00e0 in aprile la mostra del design contemporaneo europeo, ma diversi eventi animeranno anche l\u2019ex cartiera, il deposito ormai vuoto dell\u2019azienda dei trasporti e altri siti di archeologia industriale. Non solo riconversioni, ma anche strutture nuove di zecca: dal prossimo anno Pilsen potr\u00e0 vantare un nuovo teatro per 650 spettatori, che nel periodo di presidenza culturale offrir\u00e0 una sede prestigiosa per il <em>Festival Internazionale del Teatro<\/em>, per una parte della cerimonia di apertura e anche per alcune rappresentazioni inserite nel ricco programma per \u00abPilsen, Capitale europea della cultura 2015\u00bb.<\/p>\n","protected":false},"excerpt":{"rendered":"<p>Capitale Europea della Cultura 2015<\/p>\n","protected":false},"author":28,"featured_media":15066,"comment_status":"closed","ping_status":"closed","sticky":false,"template":"","format":"standard","meta":{"dwc-title":[],"dwc-content":[],"footnotes":""},"categories":[8],"tags":[],"class_list":["post-15065","post","type-post","status-publish","format-standard","has-post-thumbnail","hentry","category-turismo"],"rttpg_featured_image_url":{"full":["https:\/\/imagazine.it\/wp-content\/uploads\/2024\/01\/7663-1.webp",640,380,false],"landscape":["https:\/\/imagazine.it\/wp-content\/uploads\/2024\/01\/7663-1.webp",640,380,false],"portraits":["https:\/\/imagazine.it\/wp-content\/uploads\/2024\/01\/7663-1.webp",640,380,false],"thumbnail":["https:\/\/imagazine.it\/wp-content\/uploads\/2024\/01\/7663-1-150x150.webp",150,150,true],"medium":["https:\/\/imagazine.it\/wp-content\/uploads\/2024\/01\/7663-1-300x178.webp",300,178,true],"large":["https:\/\/imagazine.it\/wp-content\/uploads\/2024\/01\/7663-1.webp",640,380,false],"thumblist":["https:\/\/imagazine.it\/wp-content\/uploads\/2024\/01\/7663-1.webp",300,178,false],"thumbrelated":["https:\/\/imagazine.it\/wp-content\/uploads\/2024\/01\/7663-1.webp",500,297,false],"meccarouselthumb":["https:\/\/imagazine.it\/wp-content\/uploads\/2024\/01\/7663-1.webp",474,281,false],"gridsquare":["https:\/\/imagazine.it\/wp-content\/uploads\/2024\/01\/7663-1.webp",391,232,false],"tileview":["https:\/\/imagazine.it\/wp-content\/uploads\/2024\/01\/7663-1.webp",300,178,false],"1536x1536":["https:\/\/imagazine.it\/wp-content\/uploads\/2024\/01\/7663-1.webp",640,380,false],"2048x2048":["https:\/\/imagazine.it\/wp-content\/uploads\/2024\/01\/7663-1.webp",640,380,false],"newsup-slider-full":["https:\/\/imagazine.it\/wp-content\/uploads\/2024\/01\/7663-1.webp",640,380,false],"newsup-featured":["https:\/\/imagazine.it\/wp-content\/uploads\/2024\/01\/7663-1.webp",640,380,false],"newsup-medium":["https:\/\/imagazine.it\/wp-content\/uploads\/2024\/01\/7663-1.webp",640,380,false],"tptn_thumbnail":["https:\/\/imagazine.it\/wp-content\/uploads\/2024\/01\/7663-1.webp",250,148,false],"sow-carousel-default":["https:\/\/imagazine.it\/wp-content\/uploads\/2024\/01\/7663-1-272x182.webp",272,182,true]},"rttpg_author":{"display_name":"redazione","author_link":"https:\/\/imagazine.it\/home_desk\/author\/redazione\/"},"rttpg_comment":0,"rttpg_category":"<a href=\"https:\/\/imagazine.it\/home_desk\/category\/turismo\/\" rel=\"category tag\">TURISMO<\/a>","rttpg_excerpt":"Capitale Europea della Cultura 2015","_links":{"self":[{"href":"https:\/\/imagazine.it\/home_desk\/wp-json\/wp\/v2\/posts\/15065","targetHints":{"allow":["GET"]}}],"collection":[{"href":"https:\/\/imagazine.it\/home_desk\/wp-json\/wp\/v2\/posts"}],"about":[{"href":"https:\/\/imagazine.it\/home_desk\/wp-json\/wp\/v2\/types\/post"}],"author":[{"embeddable":true,"href":"https:\/\/imagazine.it\/home_desk\/wp-json\/wp\/v2\/users\/28"}],"replies":[{"embeddable":true,"href":"https:\/\/imagazine.it\/home_desk\/wp-json\/wp\/v2\/comments?post=15065"}],"version-history":[{"count":0,"href":"https:\/\/imagazine.it\/home_desk\/wp-json\/wp\/v2\/posts\/15065\/revisions"}],"wp:featuredmedia":[{"embeddable":true,"href":"https:\/\/imagazine.it\/home_desk\/wp-json\/wp\/v2\/media\/15066"}],"wp:attachment":[{"href":"https:\/\/imagazine.it\/home_desk\/wp-json\/wp\/v2\/media?parent=15065"}],"wp:term":[{"taxonomy":"category","embeddable":true,"href":"https:\/\/imagazine.it\/home_desk\/wp-json\/wp\/v2\/categories?post=15065"},{"taxonomy":"post_tag","embeddable":true,"href":"https:\/\/imagazine.it\/home_desk\/wp-json\/wp\/v2\/tags?post=15065"}],"curies":[{"name":"wp","href":"https:\/\/api.w.org\/{rel}","templated":true}]}}