{"id":15045,"date":"2014-11-05T00:00:00","date_gmt":"2014-11-04T23:00:00","guid":{"rendered":"https:\/\/imagazine.it\/?p=15045"},"modified":"2014-11-05T00:00:00","modified_gmt":"2014-11-04T23:00:00","slug":"graz-lavvento-nel-patrimonio-unesco","status":"publish","type":"post","link":"https:\/\/imagazine.it\/home_desk\/graz-lavvento-nel-patrimonio-unesco\/","title":{"rendered":"Graz, l&#8217;Avvento nel patrimonio Unesco"},"content":{"rendered":"<p class=\"ui-droppable\" style=\"text-align: justify;\"> \tNon uno, non due ma ben 13. <strong>Tanti, tutti diversi e tutti vicini, sono i mercatini di Natale di Graz<\/strong>, citt\u00e0 dichiarata patrimonio mondiale Unesco, <em>City of Design<\/em> (sempre per l\u2019Unesco) e <em>Capitale dei Sapori<\/em> di tutta l\u2019Austria.<\/p>\n<p class=\"ui-droppable\" style=\"text-align: justify;\"> \tGraz, capoluogo della Stiria e seconda citt\u00e0 nazionale, per numero di abitanti, dopo Vienna, ha un <strong>centro storico a misura di ciclisti e pedoni<\/strong>. In pratica tutto il cuore barocco di Graz \u00e8 un\u2019area pedonale, una tra le pi\u00f9 grandi e antiche d\u2019Europa, chiusa al traffico dal 1972. Una zona dove, durante l\u2019Avvento, si passeggia tra un mercatino e l\u2019altro in assoluta tranquillit\u00e0. Godendosi una pausa per un aperitivo, una sosta per un po\u2019 di shopping, una visita a una mostra d\u2019arte al <em>Museum im Palais<\/em>, \u00a0il romantico carillon della <em>Glokenspielplatz<\/em> o una visita guidata, anche in italiano.<\/p>\n<\/p>\n<p class=\"ui-droppable\" style=\"text-align: justify;\"> \tIl 21 novembre si accenderanno le <strong>25.000 luci dell\u2019enorme albero di Natale<\/strong> della <em>Hauptplatz<\/em>, partir\u00e0 il trenino che collega tutti i mercatini e si inaugurer\u00e0 la \u201c<strong>Via dei presepi\u201d<\/strong> nella <em>Stempfergasse<\/em>, dove tutti i negozi esporranno presepi, anche molto preziosi. Dal 28 novembre, poi, gli scultori inizieranno a lavorare al <strong>presepe di ghiaccio<\/strong> nel cortile della <em>Landhaus<\/em>, che sar\u00e0 ufficialmente inaugurato il giorno successivo.<\/p>\n<p class=\"ui-droppable\" style=\"text-align: justify;\"> \tIl primo dicembre, invece, al civico 23 della <em>Sporgasse<\/em>, aprir\u00e0 <strong>l\u2019archivio delle canzoni natalizie<\/strong> (<a href=\"http:\/\/www.steirisches-volksliedwerk.at\" target=\"_blank\" rel=\"noopener\">www.steirisches-volksliedwerk.at<\/a>), dove si potranno richiedere testi e melodie di tutte le canzoni natalizie del mondo e si inaugurer\u00e0 il <strong>calendario dell\u2019avvento \u201cdi luce<\/strong>\u201d, proiettato sulla facciata barocca del municipio.<\/p>\n<p class=\"ui-droppable\" style=\"text-align: justify;\"> \tOvviamente, poi, ci sono i mercatini. Con i loro tanti eventi: concerti, visite guidate, lezioni di cucina e di bricolage. Nella <em>Hauptplatz<\/em><strong>,<\/strong> la piazza del municipio, dal 21 novembre al 24 dicembre ci sar\u00e0 il mercatino pi\u00f9 classico, dove trovare regali e chioschi gastronomici, \u00a0ma anche un ricco programma musicale. Nello stesso periodo alla <em>Mehlplatz<\/em><strong>,<\/strong> si incontreranno gli artigiani del legno, della lana, del feltro, e nella <em>F<\/em><em>\u00e4berplat<\/em><em>z<\/em>, pochi passi pi\u00f9 in l\u00e0, i banchetti dove acquistare gli accessori giusti per rendere la casa davvero natalizia. Qualche passo e si arriva alla <em>Glockenspielplatz<\/em>, ai piedi del famoso carillon animato: qui i chioschi offriranno delizie enogastronomiche. Tutto il <em>Quartiere dei Francescani<\/em>, poi, dal 21 al 24 novembre sar\u00e0 animato da un mercatino di Natale dei contadini, dove trovare tante delizie culinarie e prodotti fatti a mano.<\/p>\n<\/p>\n<p class=\"ui-droppable\" style=\"text-align: justify;\"> \tPer tutti i week end dell\u2019Avvento allo <em>Schlossberg<\/em>, il colle che sovrasta il centro, il mercatino sar\u00e0 orgogliosamente dedicato all\u2019artigianato tipico stiriano. Si potranno visitare anche un mercatino natalizio benefico, alla <em>Eisernen Tor<\/em>, dal 21 novembre al 23 dicembre, dove spendere vorr\u00e0 dire fare beneficienza,\u00a0 e, dal 21 novembre al 21 dicembre, le eleganti bancarelle dello <em>Joanneumsviertel<\/em>, dove trovare gli oggetti di design pi\u00f9 ricercati.<\/p>\n<p class=\"ui-droppable\" style=\"text-align: justify;\"> \tNel cortile del <em>Paradeishof<\/em> l\u2019Avvento arriver\u00e0 al Capodanno e dal 22 novembre al 31 dicembre si troveranno piccole opere d\u2019arte e tanti artigiani. Per chi cerca qualcosa di diverso, poi, ci saranno anche il mercato della <em>Tummelplatz<\/em>, dal 21 novembre al 24 dicembre, con artisti di strada e artigiani da tutto il mondo che proporranno oggetti ma anche, piccoli spettacoli e, sull\u2019altro lato del fiume Mur, il mercatino estroso\u00a0 organizzato dei giovani creativi della \u00a0<em>Mariahilferplatz<\/em><strong>, <\/strong>aperto dal 21 novembre al 23 dicembre.<\/p>\n<p class=\"ui-droppable\" style=\"text-align: justify;\"> \tCi saranno poi i mercatini tutti dedicati ai pi\u00f9 piccoli. Quello della <em>Kleine Neutorgasse<\/em> \u00a0dal 21 novembre al 24 dicembre, si far\u00e0 riconoscere per la grande ruota panoramica e i chioschi gastronomici a misura baby. Nello stesso periodo nella <em>Karmeliterplatz<\/em> ci si divertir\u00e0 su una pista di pattinaggio sul ghiaccio, si faranno piccoli lavoretti artigianali e si far\u00e0 conoscenza con San Nicol\u00f2.<\/p>\n","protected":false},"excerpt":{"rendered":"<p>Dal 20 novembre gli attesi mercatini di Natale<\/p>\n","protected":false},"author":28,"featured_media":0,"comment_status":"closed","ping_status":"closed","sticky":false,"template":"","format":"standard","meta":{"dwc-title":[],"dwc-content":[],"footnotes":""},"categories":[8],"tags":[],"class_list":["post-15045","post","type-post","status-publish","format-standard","hentry","category-turismo"],"rttpg_featured_image_url":null,"rttpg_author":{"display_name":"redazione","author_link":"https:\/\/imagazine.it\/home_desk\/author\/redazione\/"},"rttpg_comment":0,"rttpg_category":"<a href=\"https:\/\/imagazine.it\/home_desk\/category\/turismo\/\" rel=\"category tag\">TURISMO<\/a>","rttpg_excerpt":"Dal 20 novembre gli attesi mercatini di Natale","_links":{"self":[{"href":"https:\/\/imagazine.it\/home_desk\/wp-json\/wp\/v2\/posts\/15045","targetHints":{"allow":["GET"]}}],"collection":[{"href":"https:\/\/imagazine.it\/home_desk\/wp-json\/wp\/v2\/posts"}],"about":[{"href":"https:\/\/imagazine.it\/home_desk\/wp-json\/wp\/v2\/types\/post"}],"author":[{"embeddable":true,"href":"https:\/\/imagazine.it\/home_desk\/wp-json\/wp\/v2\/users\/28"}],"replies":[{"embeddable":true,"href":"https:\/\/imagazine.it\/home_desk\/wp-json\/wp\/v2\/comments?post=15045"}],"version-history":[{"count":0,"href":"https:\/\/imagazine.it\/home_desk\/wp-json\/wp\/v2\/posts\/15045\/revisions"}],"wp:attachment":[{"href":"https:\/\/imagazine.it\/home_desk\/wp-json\/wp\/v2\/media?parent=15045"}],"wp:term":[{"taxonomy":"category","embeddable":true,"href":"https:\/\/imagazine.it\/home_desk\/wp-json\/wp\/v2\/categories?post=15045"},{"taxonomy":"post_tag","embeddable":true,"href":"https:\/\/imagazine.it\/home_desk\/wp-json\/wp\/v2\/tags?post=15045"}],"curies":[{"name":"wp","href":"https:\/\/api.w.org\/{rel}","templated":true}]}}