{"id":15037,"date":"2014-11-04T00:00:00","date_gmt":"2014-11-03T23:00:00","guid":{"rendered":"https:\/\/imagazine.it\/?p=15037"},"modified":"2014-11-04T00:00:00","modified_gmt":"2014-11-03T23:00:00","slug":"san-martino-a-prosecco-tutto-pronto-per-la-festa","status":"publish","type":"post","link":"https:\/\/imagazine.it\/home_desk\/san-martino-a-prosecco-tutto-pronto-per-la-festa\/","title":{"rendered":"San Martino a Prosecco, tutto pronto per la festa"},"content":{"rendered":"<p style=\"text-align: justify;\" class=\"ui-droppable\"> \tProsecco ospiter\u00e0 la Festa di San Martino da venerd\u00ec 7 a marted\u00ec 11 novembre, con una serie di appuntamenti culturali, punti di ristoro e intrattenimento, degustazioni di vino e\u00a0 assaggi di olio di produzione locale, musica, balli e luna park.<\/p>\n<p style=\"text-align: justify;\" class=\"ui-droppable\"> \tIl taglio ufficiale del nastro \u00e8 in programma venerd\u00ec alle 18 alla Trattoria Sociale, dove un brindisi speciale con l&#8217;antico vino \u201cProsekar\u201d dar\u00e0 l&#8217;avvio ai festeggiamenti.<\/p>\n<p style=\"text-align: justify;\" class=\"ui-droppable\"> \tLa manifestazione \u00e8 stata presentata oggi dall&#8217;assessore allo Sviluppo e Attivit\u00e0 Produttive di Trieste <strong>Edi Kraus<\/strong> assieme ai presidenti della I Circoscrizione Altipiano Ovest <strong>Roberto Cattaruzza<\/strong> e dell&#8217;Associazione Agricoltori-Kmecka Zveza <strong>Franz Fabec<\/strong> con il vice <strong>Andrej Bole<\/strong>.<\/p>\n<p style=\"text-align: justify;\" class=\"ui-droppable\"> \t\u201cDi anno in anno \u2013 ha dichiarato Kraus \u2013 la Festa di San Martino \u00e8 diventata una manifestazione sempre pi\u00f9 importante che oltre ad essere fonte di richiamo turistico \u00e8 in grado di attrarre flussi di gente in un mese di novembre in cui cala l&#8217;offerta di iniziative in attesa delle festivit\u00e0 natalizie\u00a0 e delle attese manifestazioni quali <em>Cioccolatiamo<\/em>, <em>Fiera di San Nicol\u00f2<\/em> e altre ancora\u201d.<\/p>\n<p style=\"text-align: justify;\" class=\"ui-droppable\"> \tQuest&#8217;anno la Festa di San Martino si avvarr\u00e0 della presenza di 70 ambulanti oltre agli operatori dell&#8217;Associazione Agricoltori-Kmecka Zveza e 2 associazioni di commercio equo-solidale. Sar\u00e0 inoltre possibile usufruire gratuitamente di un servizio bus-navetta da Prosecco a Basovizza e da Prosecco a Sistiana nelle giornate di sabato e marted\u00ec, nelle ore serali.<\/p>\n","protected":false},"excerpt":{"rendered":"<p>Dal 7 all&#8217;11 novembre<\/p>\n","protected":false},"author":28,"featured_media":15038,"comment_status":"closed","ping_status":"closed","sticky":false,"template":"","format":"standard","meta":{"dwc-title":[],"dwc-content":[],"footnotes":""},"categories":[8],"tags":[],"class_list":["post-15037","post","type-post","status-publish","format-standard","has-post-thumbnail","hentry","category-turismo"],"rttpg_featured_image_url":{"full":["https:\/\/imagazine.it\/wp-content\/uploads\/2024\/01\/7587-1.webp",437,300,false],"landscape":["https:\/\/imagazine.it\/wp-content\/uploads\/2024\/01\/7587-1.webp",437,300,false],"portraits":["https:\/\/imagazine.it\/wp-content\/uploads\/2024\/01\/7587-1.webp",437,300,false],"thumbnail":["https:\/\/imagazine.it\/wp-content\/uploads\/2024\/01\/7587-1-150x150.webp",150,150,true],"medium":["https:\/\/imagazine.it\/wp-content\/uploads\/2024\/01\/7587-1-300x206.webp",300,206,true],"large":["https:\/\/imagazine.it\/wp-content\/uploads\/2024\/01\/7587-1.webp",437,300,false],"thumblist":["https:\/\/imagazine.it\/wp-content\/uploads\/2024\/01\/7587-1.webp",300,206,false],"thumbrelated":["https:\/\/imagazine.it\/wp-content\/uploads\/2024\/01\/7587-1.webp",437,300,false],"meccarouselthumb":["https:\/\/imagazine.it\/wp-content\/uploads\/2024\/01\/7587-1.webp",437,300,false],"gridsquare":["https:\/\/imagazine.it\/wp-content\/uploads\/2024\/01\/7587-1.webp",379,260,false],"tileview":["https:\/\/imagazine.it\/wp-content\/uploads\/2024\/01\/7587-1.webp",300,206,false],"1536x1536":["https:\/\/imagazine.it\/wp-content\/uploads\/2024\/01\/7587-1.webp",437,300,false],"2048x2048":["https:\/\/imagazine.it\/wp-content\/uploads\/2024\/01\/7587-1.webp",437,300,false],"newsup-slider-full":["https:\/\/imagazine.it\/wp-content\/uploads\/2024\/01\/7587-1.webp",437,300,false],"newsup-featured":["https:\/\/imagazine.it\/wp-content\/uploads\/2024\/01\/7587-1.webp",437,300,false],"newsup-medium":["https:\/\/imagazine.it\/wp-content\/uploads\/2024\/01\/7587-1.webp",437,300,false],"tptn_thumbnail":["https:\/\/imagazine.it\/wp-content\/uploads\/2024\/01\/7587-1.webp",250,172,false],"sow-carousel-default":["https:\/\/imagazine.it\/wp-content\/uploads\/2024\/01\/7587-1-272x182.webp",272,182,true]},"rttpg_author":{"display_name":"redazione","author_link":"https:\/\/imagazine.it\/home_desk\/author\/redazione\/"},"rttpg_comment":0,"rttpg_category":"<a href=\"https:\/\/imagazine.it\/home_desk\/category\/turismo\/\" rel=\"category tag\">TURISMO<\/a>","rttpg_excerpt":"Dal 7 all'11 novembre","_links":{"self":[{"href":"https:\/\/imagazine.it\/home_desk\/wp-json\/wp\/v2\/posts\/15037","targetHints":{"allow":["GET"]}}],"collection":[{"href":"https:\/\/imagazine.it\/home_desk\/wp-json\/wp\/v2\/posts"}],"about":[{"href":"https:\/\/imagazine.it\/home_desk\/wp-json\/wp\/v2\/types\/post"}],"author":[{"embeddable":true,"href":"https:\/\/imagazine.it\/home_desk\/wp-json\/wp\/v2\/users\/28"}],"replies":[{"embeddable":true,"href":"https:\/\/imagazine.it\/home_desk\/wp-json\/wp\/v2\/comments?post=15037"}],"version-history":[{"count":0,"href":"https:\/\/imagazine.it\/home_desk\/wp-json\/wp\/v2\/posts\/15037\/revisions"}],"wp:featuredmedia":[{"embeddable":true,"href":"https:\/\/imagazine.it\/home_desk\/wp-json\/wp\/v2\/media\/15038"}],"wp:attachment":[{"href":"https:\/\/imagazine.it\/home_desk\/wp-json\/wp\/v2\/media?parent=15037"}],"wp:term":[{"taxonomy":"category","embeddable":true,"href":"https:\/\/imagazine.it\/home_desk\/wp-json\/wp\/v2\/categories?post=15037"},{"taxonomy":"post_tag","embeddable":true,"href":"https:\/\/imagazine.it\/home_desk\/wp-json\/wp\/v2\/tags?post=15037"}],"curies":[{"name":"wp","href":"https:\/\/api.w.org\/{rel}","templated":true}]}}