{"id":15033,"date":"2014-11-03T00:00:00","date_gmt":"2014-11-02T23:00:00","guid":{"rendered":"https:\/\/imagazine.it\/?p=15033"},"modified":"2014-11-03T00:00:00","modified_gmt":"2014-11-02T23:00:00","slug":"ad-ariella-reggio-il-san-giusto-doro","status":"publish","type":"post","link":"https:\/\/imagazine.it\/home_desk\/ad-ariella-reggio-il-san-giusto-doro\/","title":{"rendered":"Ad Ariella Reggio il &#8220;San Giusto d&#8217;Oro&#8221;"},"content":{"rendered":"<p style=\"text-align: justify;\" class=\"ui-droppable\"> \t\u00c8 l\u2019attrice triestina <strong>Ariella Reggio<\/strong> la vincitrice del San Giusto d\u2019Oro 2014, il riconoscimento che dal 1967 viene conferito dai giornalisti triestini a personaggi o realt\u00e0 che si sono distinti per aver dato lustro al nome di Trieste in ambito nazionale e nel mondo.\u00a0 L\u2019annuncio, come da tradizione, \u00e8 stato dato oggi in occasione della ricorrenza del patrono della citt\u00e0, a Palazzo Gopcevich, dove si \u00e8 conclusa la mostra &#8220;Che storia, la Rai\u2026&#8221;, dedicata ai 90 anni della Radio, ai 60 della Televisione e ai 50 della sede Rai del Friuli Venezia Giulia.<\/p>\n<p style=\"text-align: justify;\" class=\"ui-droppable\"> \tNella Sala Bobi Bazlen di Palazzo Gopcevich, i vertici dell\u2019Assostampa regionale hanno reso noto il nome della vincitrice e quello della giornalista <strong>Bianca Maria Piccinino<\/strong>, insignita di una targa speciale. &#8220;Per il secondo anno consecutivo &#8211; ha dichiarato <strong>Carlo Muscatello<\/strong>, presidente dell&#8217;Assostampa Fvg &#8211; le giornaliste e i giornalisti triestini premiano una donna. Anzi, tenendo conto anche della targa, quest&#8217;anno ne premiamo due in una volta sola. Un modo per recuperare il tempo perduto, visto che in quasi mezzo secolo di storia il San Giusto d&#8217;Oro aveva premiato pochissime donne&#8230;&#8221;.<\/p>\n<p style=\"text-align: justify;\" class=\"ui-droppable\"> \tNel corso dell\u2019incontro pubblico, coordinato da <strong>Cristiano Degano<\/strong>, presidente dell&#8217;Ordine regionale, \u00e8 stato proiettato il filmato &#8220;I volti del San Giusto d\u2019Oro&#8221;, video realizzato dalla struttura di programmazione della Rai regionale che ripercorre la storia di questo riconoscimento riproponendo i volti e le voci dei vincitori. La cerimonia ufficiale di consegna del premio, la statuetta opera dello scultore <strong>Tristano Alberti<\/strong>, \u00e8 fissata per venerd\u00ec 12 dicembre alle 11 nella sala del Consiglio comunale di Trieste, alla presenza del sindaco e delle massime autorit\u00e0 cittadine.<\/p>\n<p style=\"text-align: justify;\" class=\"ui-droppable\"> \t\u00a0<\/p>\n<p style=\"text-align: justify;\" class=\"ui-droppable\"> \t\u00a0<\/p>\n<p style=\"text-align: justify;\" class=\"ui-droppable\"> \tI SAN GIUSTO D\u2019ORO<\/p>\n<p style=\"text-align: justify;\" class=\"ui-droppable\"> \t\u00a0<\/p>\n<p style=\"text-align: justify;\" class=\"ui-droppable\"> \t1967\u00a0 Pietro Valdoni &#8211; chirurgo<\/p>\n<p style=\"text-align: justify;\" class=\"ui-droppable\"> \t1968\u00a0 Doro Levi \u2013 archeologo<\/p>\n<p style=\"text-align: justify;\" class=\"ui-droppable\"> \t1969\u00a0 Leonor Fini &#8211; pittrice<\/p>\n<p style=\"text-align: justify;\" class=\"ui-droppable\"> \t1970\u00a0 Trio di Trieste<\/p>\n<p style=\"text-align: justify;\" class=\"ui-droppable\"> \t1971\u00a0 Giorgio Strehler &#8211; regista<\/p>\n<p style=\"text-align: justify;\" class=\"ui-droppable\"> \t1972\u00a0 Brenno Babudleri \u2013 medico ricercatore<\/p>\n<p style=\"text-align: justify;\" class=\"ui-droppable\"> \t1973\u00a0 Raffaello de Banfield &#8211; compositore<\/p>\n<p style=\"text-align: justify;\" class=\"ui-droppable\"> \t1974\u00a0 Paolo Budinich &#8211; fisico<\/p>\n<p style=\"text-align: justify;\" class=\"ui-droppable\"> \t1975\u00a0 Giorgio Pilleri &#8211; scienziato<\/p>\n<p style=\"text-align: justify;\" class=\"ui-droppable\"> \t1976\u00a0 Pier Paolo Luzzato Fegiz &#8211; economista<\/p>\n<p style=\"text-align: justify;\" class=\"ui-droppable\"> \t1977\u00a0 Luigi Spacal &#8211; pittore<\/p>\n<p style=\"text-align: justify;\" class=\"ui-droppable\"> \t1978\u00a0 Giorgio Bugliarello &#8211; bioingegnere<\/p>\n<p style=\"text-align: justify;\" class=\"ui-droppable\"> \t1979\u00a0 Piero Cappuccilli \u2013 cantante lirico<\/p>\n<p style=\"text-align: justify;\" class=\"ui-droppable\"> \t1980\u00a0 Marcello Mascherini &#8211; scultore<\/p>\n<p style=\"text-align: justify;\" class=\"ui-droppable\"> \t1981\u00a0 Diego de Castro &#8211; storico<\/p>\n<p style=\"text-align: justify;\" class=\"ui-droppable\"> \t1982\u00a0 Franco Gulli &#8211; violinista<\/p>\n<p style=\"text-align: justify;\" class=\"ui-droppable\"> \t1983\u00a0 Ottavio Missoni &#8211; stilista<\/p>\n<p style=\"text-align: justify;\" class=\"ui-droppable\"> \t1984\u00a0 Claudio Magris &#8211; germanista<\/p>\n<p style=\"text-align: justify;\" class=\"ui-droppable\"> \t1985\u00a0 Livio Paladin &#8211; giurista<\/p>\n<p style=\"text-align: justify;\" class=\"ui-droppable\"> \t1986\u00a0 Fulvio Camerini &#8211; cardiologo<\/p>\n<p style=\"text-align: justify;\" class=\"ui-droppable\"> \t1987\u00a0 Leo Castelli &#8211; gallerista<\/p>\n<p style=\"text-align: justify;\" class=\"ui-droppable\"> \t1988\u00a0 Assicurazione Generali<\/p>\n<p style=\"text-align: justify;\" class=\"ui-droppable\"> \t1989\u00a0 Gillo Dorfles \u2013 critico d\u2019arte<\/p>\n<p style=\"text-align: justify;\" class=\"ui-droppable\"> \t1990\u00a0 Mila Schon &#8211; stilista<\/p>\n<p style=\"text-align: justify;\" class=\"ui-droppable\"> \t1991\u00a0 Lelio Luttazzi &#8211; musicista<\/p>\n<p style=\"text-align: justify;\" class=\"ui-droppable\"> \t1992\u00a0 Giorgio Voghera &#8211; scrittore<\/p>\n<p style=\"text-align: justify;\" class=\"ui-droppable\"> \t1993\u00a0 Luciano Fonda &#8211; fisico<\/p>\n<p style=\"text-align: justify;\" class=\"ui-droppable\"> \t1994\u00a0 Cesare Rubini \u2013 campione sportivo<\/p>\n<p style=\"text-align: justify;\" class=\"ui-droppable\"> \t1995\u00a0 Claudio Erbsen \u2013 vicepresidente A.P.<\/p>\n<p style=\"text-align: justify;\" class=\"ui-droppable\"> \t1996\u00a0 Collegio del Mondo Unito dell\u2019Adriatico<\/p>\n<p style=\"text-align: justify;\" class=\"ui-droppable\"> \t1997\u00a0 Boris Podrecca &#8211; architetto<\/p>\n<p style=\"text-align: justify;\" class=\"ui-droppable\"> \t1998\u00a0 Tommaso Padoa Schioppa &#8211; eurobanchiere<\/p>\n<p style=\"text-align: justify;\" class=\"ui-droppable\"> \t1999\u00a0 Gianfranco Gutty \u2013 Assicurazioni Generali<\/p>\n<p style=\"text-align: justify;\" class=\"ui-droppable\"> \t2000\u00a0 Fedora Barbieri \u2013 cantante lirica<\/p>\n<p style=\"text-align: justify;\" class=\"ui-droppable\"> \t2001\u00a0 La Barcolana<\/p>\n<p style=\"text-align: justify;\" class=\"ui-droppable\"> \t2002\u00a0 Amos Luzzatto \u2013 presidente Comunit\u00e0 Ebraiche<\/p>\n<p style=\"text-align: justify;\" class=\"ui-droppable\"> \t2003\u00a0 Boris Pahor &#8211; scrittore<\/p>\n<p style=\"text-align: justify;\" class=\"ui-droppable\"> \t2004\u00a0 Manlio Cecovini &#8211; scrittore<\/p>\n<p style=\"text-align: justify;\" class=\"ui-droppable\"> \t2005\u00a0 Raffaella Curiel &#8211; stilista<\/p>\n<p style=\"text-align: justify;\" class=\"ui-droppable\"> \t2006\u00a0 Marzio Babille \u2013 medico UNICEF<\/p>\n<p style=\"text-align: justify;\" class=\"ui-droppable\"> \t2007\u00a0 Daniela Barcellona \u2013 cantante lirica<\/p>\n<p style=\"text-align: justify;\" class=\"ui-droppable\"> \t2008\u00a0 Eugenio Ravignani &#8211; vescovo<\/p>\n<p style=\"text-align: justify;\" class=\"ui-droppable\"> \t2009\u00a0 Bruno Chersicla &#8211; pittore<\/p>\n<p style=\"text-align: justify;\" class=\"ui-droppable\"> \t2010\u00a0 Illycaff\u00e8<\/p>\n<p style=\"text-align: justify;\" class=\"ui-droppable\"> \t2011\u00a0 Mauro Giacca &#8211; scienziato<\/p>\n<p style=\"text-align: justify;\" class=\"ui-droppable\"> \t2012\u00a0 coro \u201cAntonio Illersberg\u201d<\/p>\n<p style=\"text-align: justify;\" class=\"ui-droppable\"> \t2013\u00a0 Susanna Tamaro &#8211; scrittrice<\/p>\n<p style=\"text-align: justify;\" class=\"ui-droppable\"> \t2014\u00a0 Ariella Reggio &#8211; attrice<\/p>\n","protected":false},"excerpt":{"rendered":"<p>Succede a Susanna Tamaro<\/p>\n","protected":false},"author":28,"featured_media":15034,"comment_status":"closed","ping_status":"closed","sticky":false,"template":"","format":"standard","meta":{"dwc-title":[],"dwc-content":[],"footnotes":""},"categories":[5],"tags":[],"class_list":["post-15033","post","type-post","status-publish","format-standard","has-post-thumbnail","hentry","category-attualita"],"rttpg_featured_image_url":{"full":["https:\/\/imagazine.it\/wp-content\/uploads\/2024\/01\/7573-1.webp",426,300,false],"landscape":["https:\/\/imagazine.it\/wp-content\/uploads\/2024\/01\/7573-1.webp",426,300,false],"portraits":["https:\/\/imagazine.it\/wp-content\/uploads\/2024\/01\/7573-1.webp",426,300,false],"thumbnail":["https:\/\/imagazine.it\/wp-content\/uploads\/2024\/01\/7573-1-150x150.webp",150,150,true],"medium":["https:\/\/imagazine.it\/wp-content\/uploads\/2024\/01\/7573-1-300x211.webp",300,211,true],"large":["https:\/\/imagazine.it\/wp-content\/uploads\/2024\/01\/7573-1.webp",426,300,false],"thumblist":["https:\/\/imagazine.it\/wp-content\/uploads\/2024\/01\/7573-1.webp",300,211,false],"thumbrelated":["https:\/\/imagazine.it\/wp-content\/uploads\/2024\/01\/7573-1.webp",426,300,false],"meccarouselthumb":["https:\/\/imagazine.it\/wp-content\/uploads\/2024\/01\/7573-1.webp",426,300,false],"gridsquare":["https:\/\/imagazine.it\/wp-content\/uploads\/2024\/01\/7573-1.webp",369,260,false],"tileview":["https:\/\/imagazine.it\/wp-content\/uploads\/2024\/01\/7573-1.webp",300,211,false],"1536x1536":["https:\/\/imagazine.it\/wp-content\/uploads\/2024\/01\/7573-1.webp",426,300,false],"2048x2048":["https:\/\/imagazine.it\/wp-content\/uploads\/2024\/01\/7573-1.webp",426,300,false],"newsup-slider-full":["https:\/\/imagazine.it\/wp-content\/uploads\/2024\/01\/7573-1.webp",426,300,false],"newsup-featured":["https:\/\/imagazine.it\/wp-content\/uploads\/2024\/01\/7573-1.webp",426,300,false],"newsup-medium":["https:\/\/imagazine.it\/wp-content\/uploads\/2024\/01\/7573-1.webp",426,300,false],"tptn_thumbnail":["https:\/\/imagazine.it\/wp-content\/uploads\/2024\/01\/7573-1.webp",250,176,false],"sow-carousel-default":["https:\/\/imagazine.it\/wp-content\/uploads\/2024\/01\/7573-1-272x182.webp",272,182,true]},"rttpg_author":{"display_name":"redazione","author_link":"https:\/\/imagazine.it\/home_desk\/author\/redazione\/"},"rttpg_comment":0,"rttpg_category":"<a href=\"https:\/\/imagazine.it\/home_desk\/category\/attualita\/\" rel=\"category tag\">ATTUALIT\u00c0<\/a>","rttpg_excerpt":"Succede a Susanna Tamaro","_links":{"self":[{"href":"https:\/\/imagazine.it\/home_desk\/wp-json\/wp\/v2\/posts\/15033","targetHints":{"allow":["GET"]}}],"collection":[{"href":"https:\/\/imagazine.it\/home_desk\/wp-json\/wp\/v2\/posts"}],"about":[{"href":"https:\/\/imagazine.it\/home_desk\/wp-json\/wp\/v2\/types\/post"}],"author":[{"embeddable":true,"href":"https:\/\/imagazine.it\/home_desk\/wp-json\/wp\/v2\/users\/28"}],"replies":[{"embeddable":true,"href":"https:\/\/imagazine.it\/home_desk\/wp-json\/wp\/v2\/comments?post=15033"}],"version-history":[{"count":0,"href":"https:\/\/imagazine.it\/home_desk\/wp-json\/wp\/v2\/posts\/15033\/revisions"}],"wp:featuredmedia":[{"embeddable":true,"href":"https:\/\/imagazine.it\/home_desk\/wp-json\/wp\/v2\/media\/15034"}],"wp:attachment":[{"href":"https:\/\/imagazine.it\/home_desk\/wp-json\/wp\/v2\/media?parent=15033"}],"wp:term":[{"taxonomy":"category","embeddable":true,"href":"https:\/\/imagazine.it\/home_desk\/wp-json\/wp\/v2\/categories?post=15033"},{"taxonomy":"post_tag","embeddable":true,"href":"https:\/\/imagazine.it\/home_desk\/wp-json\/wp\/v2\/tags?post=15033"}],"curies":[{"name":"wp","href":"https:\/\/api.w.org\/{rel}","templated":true}]}}