{"id":15032,"date":"2014-11-03T00:00:00","date_gmt":"2014-11-02T23:00:00","guid":{"rendered":"https:\/\/imagazine.it\/?p=15032"},"modified":"2014-11-03T00:00:00","modified_gmt":"2014-11-02T23:00:00","slug":"maltempo-in-arrivo-allerta-meteo","status":"publish","type":"post","link":"https:\/\/imagazine.it\/home_desk\/maltempo-in-arrivo-allerta-meteo\/","title":{"rendered":"Maltempo in arrivo, allerta meteo"},"content":{"rendered":"<p style=\"text-align: justify;\" class=\"ui-droppable\"> \tQuarantotto ore di allerta meteo a partire dal pomeriggio di domani. La Protezione civile del Friuli Venezia Giulia \u00e8 in guardia a causa di in fronte freddo atlantico in arrivo sul Mediterraneo, che attiver\u00e0 correnti sciroccali sulla nostra regione.<\/p>\n<p style=\"text-align: justify;\" class=\"ui-droppable\"> \tSecondo gli esperti della Protezione civile il flusso umido interesser\u00e0 il nostro territorio almeno fino a gioved\u00ec, anche se le previsioni dell\u2019Osservatorio meteorologico regionale non escludono una persistenza nel fine settimana.<\/p>\n<p style=\"text-align: justify;\" class=\"ui-droppable\"> \tCi\u00f2 che sembra sicuro \u00e8 che da domani pomeriggio il Friuli Venezia Giulia sar\u00e0 interessato da piogge intense, anche temporalesche, specie sui monti. In quota e sulla costa soffier\u00e0 vento di Scirocco sostenuto, con il rischio di possibili mareggiate sulle coste pi\u00f9 esposte.<\/p>\n<p style=\"text-align: justify;\" class=\"ui-droppable\"> \tLa situazione pi\u00f9 critica \u00e8 prevista per la giornata di mercoled\u00ec, quando le forti piogge potrebbero creare situazioni di crisi nella rete idrografica con significativi innalzamenti dei livelli dei corsi d\u2019acqua di pianura e possibili crisi delle reti di drenaggio urbano.<\/p>\n<p style=\"text-align: justify;\" class=\"ui-droppable\"> \tSaranno inoltre probabili fenomeni di instabilit\u00e0 dei pendii e problematiche connesse alla raffiche di vento.<\/p>\n","protected":false},"excerpt":{"rendered":"<p>48 ore di pioggia<\/p>\n","protected":false},"author":28,"featured_media":0,"comment_status":"closed","ping_status":"closed","sticky":false,"template":"","format":"standard","meta":{"dwc-title":[],"dwc-content":[],"footnotes":""},"categories":[5],"tags":[],"class_list":["post-15032","post","type-post","status-publish","format-standard","hentry","category-attualita"],"rttpg_featured_image_url":null,"rttpg_author":{"display_name":"redazione","author_link":"https:\/\/imagazine.it\/home_desk\/author\/redazione\/"},"rttpg_comment":0,"rttpg_category":"<a href=\"https:\/\/imagazine.it\/home_desk\/category\/attualita\/\" rel=\"category tag\">ATTUALIT\u00c0<\/a>","rttpg_excerpt":"48 ore di pioggia","_links":{"self":[{"href":"https:\/\/imagazine.it\/home_desk\/wp-json\/wp\/v2\/posts\/15032","targetHints":{"allow":["GET"]}}],"collection":[{"href":"https:\/\/imagazine.it\/home_desk\/wp-json\/wp\/v2\/posts"}],"about":[{"href":"https:\/\/imagazine.it\/home_desk\/wp-json\/wp\/v2\/types\/post"}],"author":[{"embeddable":true,"href":"https:\/\/imagazine.it\/home_desk\/wp-json\/wp\/v2\/users\/28"}],"replies":[{"embeddable":true,"href":"https:\/\/imagazine.it\/home_desk\/wp-json\/wp\/v2\/comments?post=15032"}],"version-history":[{"count":0,"href":"https:\/\/imagazine.it\/home_desk\/wp-json\/wp\/v2\/posts\/15032\/revisions"}],"wp:attachment":[{"href":"https:\/\/imagazine.it\/home_desk\/wp-json\/wp\/v2\/media?parent=15032"}],"wp:term":[{"taxonomy":"category","embeddable":true,"href":"https:\/\/imagazine.it\/home_desk\/wp-json\/wp\/v2\/categories?post=15032"},{"taxonomy":"post_tag","embeddable":true,"href":"https:\/\/imagazine.it\/home_desk\/wp-json\/wp\/v2\/tags?post=15032"}],"curies":[{"name":"wp","href":"https:\/\/api.w.org\/{rel}","templated":true}]}}