{"id":15010,"date":"2014-10-29T00:00:00","date_gmt":"2014-10-28T23:00:00","guid":{"rendered":"https:\/\/imagazine.it\/?p=15010"},"modified":"2014-10-29T00:00:00","modified_gmt":"2014-10-28T23:00:00","slug":"ictus-cerebrale-oggi-la-giornata-mondiale","status":"publish","type":"post","link":"https:\/\/imagazine.it\/home_desk\/ictus-cerebrale-oggi-la-giornata-mondiale\/","title":{"rendered":"Ictus cerebrale, oggi la giornata mondiale"},"content":{"rendered":"<p class=\"ui-droppable\" style=\"text-align: justify;\"> \tOggi ricorre la <strong>Giornata Mondiale contro l\u2018Ictus Cerebrale<\/strong>, <em>World Stroke Day<\/em>, dedicata alla lotta contro la condizione patologica acuta dell\u2019ictus. Quest\u2019anno, come evidenzia la federazione A.L.I.Ce Italia onlus (<a href=\"http:\/\/www.aliceitalia.org\/\" target=\"_blank\" rel=\"noopener\">www.aliceitalia.org<\/a>), l\u2019attenzione si focalizza in particolare sulle donne e sulle condizioni femminili che possono sviluppare fattori di rischio e portare allo <em>stroke<\/em>, ossia all\u2019improvviso danno cerebrale.\u00a0\u00a0<\/p>\n<\/p>\n<p class=\"ui-droppable\" style=\"text-align: justify;\"> \tL\u2019associazione di volontariato <strong>A.L.I.Ce. \u2013 FVG Trieste onlus<\/strong>, Associazione per la Lotta all\u2019Ictus Cerebrale promuove alcune specifiche iniziative a sostegno della prevenzione e della conoscenza dell\u2019ictus cerebrale. Il primo appuntamento riguarda la sensibilizzazione dei ragazzi delle scuole superiori di secondo grado e rientra nel pi\u00f9 ampio progetto di promozione del volontariato giovanile e della solidariet\u00e0 intergenerazionale. Tra novembre e dicembre saranno organizzate alcune <strong>conferenze presso gli istituti scolastici di Trieste<\/strong> per avvicinare i ragazzi alla tematica socio-sanitaria e per far conoscere loro le cause e gli effetti dell\u2019ictus: in Italia si stimano oltre 200.000 casi ogni anno, tra i quali circa 10.000 riguardano soggetti con et\u00e0 inferiore ai 54 anni; la percentuale di persone tra i 20 ed i 54 anni colpite da ictus ha subito un incremento del 6% negli ultimi 20 anni. Le cause sono ricondotte ai fattori di rischio pi\u00f9 comuni come ipertensione, fumo, diabete e aumento del colesterolo, ai quali si sommano fattori critici nuovi come l\u2019uso di alcool e droghe. L\u2019emergenza sociale, dunque, non riguarda soltanto i pi\u00f9 anziani; l\u2019informazione e la sensibilizzazione deve partire dai pi\u00f9 giovani, grazie a comportamenti corretti e consapevoli in grado di tenere sotto controllo i principali fattori di rischio. Alle conferenze interverr\u00e0 un neurologo volontario e saranno distribuiti diversi materiali informativi, come il testo \u201cConoscere l&#39;Ictus. Pensa al tuo cervello: l&#39;ictus cerebrale si pu\u00f2 prevenire e curare\u201d (a cura di ALICe Italia Onlus) e il volantino ufficiale <em>Sign Against Stroke in Atrial Fibrillation<\/em> in lingua italiana. Inoltre, saranno proiettati due filmati divulgativi estremamente interessanti anche per i ragazzi.<\/p>\n<p class=\"ui-droppable\" style=\"text-align: justify;\"> \tLa seconda iniziativa che fa riferimento alla giornata internazionale dedicata alla lotta all\u2019ictus cerebrale \u00e8 il <strong>Convegno ICTUS: UP-TO-DATE<\/strong> in calendario il <strong>28 novembre<\/strong> 2014 a <strong>Tavagnacco<\/strong>, presso l\u2019Auditorium Hypo Alpe Adria, organizzato dall\u2019associazione A.L.I.Ce. Udine con la partecipazione di\u00a0 A.L.I.Ce. Trieste. Il convegno tecnico- scientifico, con <strong>Paolo Di Benedetto<\/strong> in qualit\u00e0 di Presidente e diretto da <strong>Roberto Eleopra<\/strong> e <strong>Fabio Chiodo-Grandi<\/strong>, neurologo vicepresidente di A.L.I.Ce. FVG Trieste onlus, intende delineare gli aspetti epidemiologici e clinici pi\u00f9 importanti in tema di vascolopatia cerebrale acuta e, successivamente, mettere in risalto le pi\u00f9 recenti linee guida nazionali di intervento. Il convegno si articoler\u00e0 in tre sessioni, una tavola rotonda e infine un dibattito pubblico. Saranno illustrate le esperienze regionali delle strutture d\u2019intervento tempestivo sui casi di ictus cerebrale grazie alle Stroke Unit del Friuli-Venezia Giulia. Infine, dopo specifici interventi sui trattamenti riabilitativi che seguono la fase acuta della malattia, sar\u00e0 presentata la rete regionale dell\u2019ictus, cui seguir\u00e0 una tavola rotonda sull\u2019attuale organizzazione dell\u2019assistenza nelle varie aziende regionali. All\u2019evento parteciper\u00e0 anche <strong>Dario Mosetti<\/strong>, presidente di A.L.I.Ce. FVG Trieste onlus.<\/p>\n<p class=\"ui-droppable\" style=\"text-align: justify;\"> \tIn tutta Italia le associazioni aderenti alla federazione <strong>A.L.I.Ce Italia onlus<\/strong> sparse su tutto il territorio nazionale, attivano appuntamenti e manifestazioni per sensibilizzare la popolazione ad una malattia troppo spesso erroneamente sottovalutata e poco conosciuta come l\u2019ictus cerebrale. Nel nostro Paese, infatti, l\u2019ictus \u00e8 la seconda causa di mortalit\u00e0, la prima causa di disabilit\u00e0 e invalidit\u00e0 permanente nonch\u00e9 la seconda causa di demenza con perdita di autosufficienza. Nonostante ci\u00f2, oltre il 50% degli Italiani non conosce la malattia, non sa che dagli inizi degli anni 2000 l\u2019Ictus si pu\u00f2 curare, anche grazie a specifiche strutture d\u2019intervento chiamate Stroke Unit e che una corretta prevenzione potrebbe evitarne l\u2019insorgenza in un numero elevato di casi.<\/p>\n","protected":false},"excerpt":{"rendered":"<p>Iniziative di sensibilizzazione<\/p>\n","protected":false},"author":28,"featured_media":15011,"comment_status":"closed","ping_status":"closed","sticky":false,"template":"","format":"standard","meta":{"dwc-title":[],"dwc-content":[],"footnotes":""},"categories":[5],"tags":[],"class_list":["post-15010","post","type-post","status-publish","format-standard","has-post-thumbnail","hentry","category-attualita"],"rttpg_featured_image_url":{"full":["https:\/\/imagazine.it\/wp-content\/uploads\/2024\/01\/7535-1.webp",744,400,false],"landscape":["https:\/\/imagazine.it\/wp-content\/uploads\/2024\/01\/7535-1.webp",744,400,false],"portraits":["https:\/\/imagazine.it\/wp-content\/uploads\/2024\/01\/7535-1.webp",744,400,false],"thumbnail":["https:\/\/imagazine.it\/wp-content\/uploads\/2024\/01\/7535-1-150x150.webp",150,150,true],"medium":["https:\/\/imagazine.it\/wp-content\/uploads\/2024\/01\/7535-1-300x161.webp",300,161,true],"large":["https:\/\/imagazine.it\/wp-content\/uploads\/2024\/01\/7535-1.webp",640,344,false],"thumblist":["https:\/\/imagazine.it\/wp-content\/uploads\/2024\/01\/7535-1.webp",300,161,false],"thumbrelated":["https:\/\/imagazine.it\/wp-content\/uploads\/2024\/01\/7535-1.webp",500,269,false],"meccarouselthumb":["https:\/\/imagazine.it\/wp-content\/uploads\/2024\/01\/7535-1.webp",474,255,false],"gridsquare":["https:\/\/imagazine.it\/wp-content\/uploads\/2024\/01\/7535-1.webp",391,210,false],"tileview":["https:\/\/imagazine.it\/wp-content\/uploads\/2024\/01\/7535-1.webp",300,161,false],"1536x1536":["https:\/\/imagazine.it\/wp-content\/uploads\/2024\/01\/7535-1.webp",744,400,false],"2048x2048":["https:\/\/imagazine.it\/wp-content\/uploads\/2024\/01\/7535-1.webp",744,400,false],"newsup-slider-full":["https:\/\/imagazine.it\/wp-content\/uploads\/2024\/01\/7535-1.webp",744,400,false],"newsup-featured":["https:\/\/imagazine.it\/wp-content\/uploads\/2024\/01\/7535-1.webp",744,400,false],"newsup-medium":["https:\/\/imagazine.it\/wp-content\/uploads\/2024\/01\/7535-1-720x380.webp",720,380,true],"tptn_thumbnail":["https:\/\/imagazine.it\/wp-content\/uploads\/2024\/01\/7535-1.webp",250,134,false],"sow-carousel-default":["https:\/\/imagazine.it\/wp-content\/uploads\/2024\/01\/7535-1-272x182.webp",272,182,true]},"rttpg_author":{"display_name":"redazione","author_link":"https:\/\/imagazine.it\/home_desk\/author\/redazione\/"},"rttpg_comment":0,"rttpg_category":"<a href=\"https:\/\/imagazine.it\/home_desk\/category\/attualita\/\" rel=\"category tag\">ATTUALIT\u00c0<\/a>","rttpg_excerpt":"Iniziative di sensibilizzazione","_links":{"self":[{"href":"https:\/\/imagazine.it\/home_desk\/wp-json\/wp\/v2\/posts\/15010","targetHints":{"allow":["GET"]}}],"collection":[{"href":"https:\/\/imagazine.it\/home_desk\/wp-json\/wp\/v2\/posts"}],"about":[{"href":"https:\/\/imagazine.it\/home_desk\/wp-json\/wp\/v2\/types\/post"}],"author":[{"embeddable":true,"href":"https:\/\/imagazine.it\/home_desk\/wp-json\/wp\/v2\/users\/28"}],"replies":[{"embeddable":true,"href":"https:\/\/imagazine.it\/home_desk\/wp-json\/wp\/v2\/comments?post=15010"}],"version-history":[{"count":0,"href":"https:\/\/imagazine.it\/home_desk\/wp-json\/wp\/v2\/posts\/15010\/revisions"}],"wp:featuredmedia":[{"embeddable":true,"href":"https:\/\/imagazine.it\/home_desk\/wp-json\/wp\/v2\/media\/15011"}],"wp:attachment":[{"href":"https:\/\/imagazine.it\/home_desk\/wp-json\/wp\/v2\/media?parent=15010"}],"wp:term":[{"taxonomy":"category","embeddable":true,"href":"https:\/\/imagazine.it\/home_desk\/wp-json\/wp\/v2\/categories?post=15010"},{"taxonomy":"post_tag","embeddable":true,"href":"https:\/\/imagazine.it\/home_desk\/wp-json\/wp\/v2\/tags?post=15010"}],"curies":[{"name":"wp","href":"https:\/\/api.w.org\/{rel}","templated":true}]}}