{"id":15008,"date":"2014-10-29T00:00:00","date_gmt":"2014-10-28T23:00:00","guid":{"rendered":"https:\/\/imagazine.it\/?p=15008"},"modified":"2014-10-29T00:00:00","modified_gmt":"2014-10-28T23:00:00","slug":"il-futuro-dellimmigrazione-tra-economia-e-ideologia","status":"publish","type":"post","link":"https:\/\/imagazine.it\/home_desk\/il-futuro-dellimmigrazione-tra-economia-e-ideologia\/","title":{"rendered":"Il futuro dell&#8217;immigrazione tra economia e ideologia"},"content":{"rendered":"<p style=\"text-align: justify;\" class=\"ui-droppable\"> \tTra il 30 settembre 2013 e il 30 settembre 2014 le imprese attive in Fvg sono diminuite del 2%; di converso quelle con titolare straniero sono cresciute, nello stesso periodo, dell&#8217;1,66%, rappresentando il 10,8% di tutte le imprese. Maggiore \u00e8 stata l\u2019incidenza rilevata tra quelle condotte da imprenditori di nazionalit\u00e0 serba e montenegrina (il 10% di tutte le straniere), svizzera (anche se in questo caso si deve parlare di cosiddetta immigrazione di ritorno), albanese (8,82%) e rumena (7,10%).<\/p>\n<div class=\"image_box\">\n<div><a class=\"news_images\" href=\"\/imagazine_images\/7533.png\" title=\"L'intervento di Jay Mitra al \"Future Forum\"\"><img decoding=\"async\" id=\"image-7533\" style=\"width: 200px; position: relative;\" class=\"dragable_image ui-draggable\" src=\"\/imagazine_images\/7533\" alt=\"\" title=\"\"><\/a><\/div>\n<div style=\"width: 200px;\">\n<h6 style=\"text-align: left; line-height: 14px; font-size: 11px;\">L&#8217;intervento di Jay Mitra al &#8220;Future Forum&#8221;<\/h6>\n<\/div>\n<\/div>\n<p style=\"text-align: justify;\" class=\"ui-droppable\"> \t\u00abL&#8217;esperienza europea non \u00e8 omogenea in fatto di immigrazione \u2013 sottolinea <strong>Jay Mitra<\/strong>, direttore dell\u2019<em>International<\/em> <em>Centre for entrepreneurship research dell\u2019Essex Business School<\/em> \u2013 e i politici hanno giocato con questa parola, tra controllo e integrazione, ma troppo in senso ideologico. Udine pu\u00f2 essere esempio, dai dati presentati, che \u00e8 possibile creare una sotto-comunit\u00e0 di imprenditori immigrati, che possono cominciare a diventare ambasciatori dei loro Paesi di provenienza, essendo in grado di portar valore economico alla societ\u00e0\u00bb. Nei Paesi Ocse (Organizzazione per la Cooperazione e lo Sviluppo Economico) \u2013 fa notare lo stesso Mitra \u2013 la percentuale di imprenditori \u201cmigranti\u201d \u00e8 del 12,8%, superiore a quella degli imprenditori \u201cnativi\u201d che \u00e8 del 12,1%. Negli Stati Uniti le imprese costituite da migranti sono peraltro quelle con pi\u00f9 elevata capacit\u00e0 innovativa.\u00a0<\/p>\n<p style=\"text-align: justify;\" class=\"ui-droppable\"> \t\u00abLa grande sfida oggi \u2013 precisa <strong>Sergio Arzeni<\/strong>, \u00a0direttore del dipartimento per l&#8217;imprenditorialit\u00e0 e delle Piccole Medie Imprese dell&#8217;Ocse \u2013 \u00e8 attirare talenti. L&#8217;Italia non \u00e8 competitiva nel mondo della conoscenza e dovrebbe attirare pi\u00f9 imprenditori che creino imprese e investano qui e nel loro Paese, come tanti friulani hanno fatto nel mondo in passato\u00bb.<\/p>\n","protected":false},"excerpt":{"rendered":"<p>Dibattito al Future Forum<\/p>\n","protected":false},"author":28,"featured_media":15009,"comment_status":"closed","ping_status":"closed","sticky":false,"template":"","format":"standard","meta":{"dwc-title":[],"dwc-content":[],"footnotes":""},"categories":[6],"tags":[],"class_list":["post-15008","post","type-post","status-publish","format-standard","has-post-thumbnail","hentry","category-societa"],"rttpg_featured_image_url":{"full":["https:\/\/imagazine.it\/wp-content\/uploads\/2024\/01\/7533-1.webp",400,300,false],"landscape":["https:\/\/imagazine.it\/wp-content\/uploads\/2024\/01\/7533-1.webp",400,300,false],"portraits":["https:\/\/imagazine.it\/wp-content\/uploads\/2024\/01\/7533-1.webp",400,300,false],"thumbnail":["https:\/\/imagazine.it\/wp-content\/uploads\/2024\/01\/7533-1-150x150.webp",150,150,true],"medium":["https:\/\/imagazine.it\/wp-content\/uploads\/2024\/01\/7533-1-300x225.webp",300,225,true],"large":["https:\/\/imagazine.it\/wp-content\/uploads\/2024\/01\/7533-1.webp",400,300,false],"thumblist":["https:\/\/imagazine.it\/wp-content\/uploads\/2024\/01\/7533-1.webp",300,225,false],"thumbrelated":["https:\/\/imagazine.it\/wp-content\/uploads\/2024\/01\/7533-1.webp",400,300,false],"meccarouselthumb":["https:\/\/imagazine.it\/wp-content\/uploads\/2024\/01\/7533-1.webp",400,300,false],"gridsquare":["https:\/\/imagazine.it\/wp-content\/uploads\/2024\/01\/7533-1.webp",347,260,false],"tileview":["https:\/\/imagazine.it\/wp-content\/uploads\/2024\/01\/7533-1.webp",300,225,false],"1536x1536":["https:\/\/imagazine.it\/wp-content\/uploads\/2024\/01\/7533-1.webp",400,300,false],"2048x2048":["https:\/\/imagazine.it\/wp-content\/uploads\/2024\/01\/7533-1.webp",400,300,false],"newsup-slider-full":["https:\/\/imagazine.it\/wp-content\/uploads\/2024\/01\/7533-1.webp",400,300,false],"newsup-featured":["https:\/\/imagazine.it\/wp-content\/uploads\/2024\/01\/7533-1.webp",400,300,false],"newsup-medium":["https:\/\/imagazine.it\/wp-content\/uploads\/2024\/01\/7533-1.webp",400,300,false],"tptn_thumbnail":["https:\/\/imagazine.it\/wp-content\/uploads\/2024\/01\/7533-1.webp",250,188,false],"sow-carousel-default":["https:\/\/imagazine.it\/wp-content\/uploads\/2024\/01\/7533-1-272x182.webp",272,182,true]},"rttpg_author":{"display_name":"redazione","author_link":"https:\/\/imagazine.it\/home_desk\/author\/redazione\/"},"rttpg_comment":0,"rttpg_category":"<a href=\"https:\/\/imagazine.it\/home_desk\/category\/societa\/\" rel=\"category tag\">SOCIET\u00c0<\/a>","rttpg_excerpt":"Dibattito al Future Forum","_links":{"self":[{"href":"https:\/\/imagazine.it\/home_desk\/wp-json\/wp\/v2\/posts\/15008","targetHints":{"allow":["GET"]}}],"collection":[{"href":"https:\/\/imagazine.it\/home_desk\/wp-json\/wp\/v2\/posts"}],"about":[{"href":"https:\/\/imagazine.it\/home_desk\/wp-json\/wp\/v2\/types\/post"}],"author":[{"embeddable":true,"href":"https:\/\/imagazine.it\/home_desk\/wp-json\/wp\/v2\/users\/28"}],"replies":[{"embeddable":true,"href":"https:\/\/imagazine.it\/home_desk\/wp-json\/wp\/v2\/comments?post=15008"}],"version-history":[{"count":0,"href":"https:\/\/imagazine.it\/home_desk\/wp-json\/wp\/v2\/posts\/15008\/revisions"}],"wp:featuredmedia":[{"embeddable":true,"href":"https:\/\/imagazine.it\/home_desk\/wp-json\/wp\/v2\/media\/15009"}],"wp:attachment":[{"href":"https:\/\/imagazine.it\/home_desk\/wp-json\/wp\/v2\/media?parent=15008"}],"wp:term":[{"taxonomy":"category","embeddable":true,"href":"https:\/\/imagazine.it\/home_desk\/wp-json\/wp\/v2\/categories?post=15008"},{"taxonomy":"post_tag","embeddable":true,"href":"https:\/\/imagazine.it\/home_desk\/wp-json\/wp\/v2\/tags?post=15008"}],"curies":[{"name":"wp","href":"https:\/\/api.w.org\/{rel}","templated":true}]}}