{"id":14990,"date":"2014-10-27T00:00:00","date_gmt":"2014-10-26T23:00:00","guid":{"rendered":"https:\/\/imagazine.it\/?p=14990"},"modified":"2014-10-27T00:00:00","modified_gmt":"2014-10-26T23:00:00","slug":"muggia-conto-alla-rovescia-per-leuromarathon","status":"publish","type":"post","link":"https:\/\/imagazine.it\/home_desk\/muggia-conto-alla-rovescia-per-leuromarathon\/","title":{"rendered":"Muggia, conto alla rovescia per l&#8217;Euromarathon"},"content":{"rendered":"<p style=\"text-align: justify;\" class=\"ui-droppable\"> \tL\u2019hanno definita <strong>\u201cqualcosa di meno di un campionato di corsa in montagna\u201d. <\/strong>La qualit\u00e0 degli atleti che si daranno battaglia sui <strong>23 chilometri<\/strong> di sentieri e carrarecce dell\u2019<strong>EuroMarathon<\/strong>, l\u2019<strong>eco-trail della penisola di Muggia che si correr\u00e0 domenica 2 novembre<\/strong>, \u00e8 talmente elevata da far sembrare la competizione organizzata dall\u2019Evinrude una kermesse iridata.<\/p>\n<p style=\"text-align: justify;\" class=\"ui-droppable\"> \tNomi quali <strong>Jonathan Wyatt<\/strong>, <strong>Mitja Kosovelj<\/strong>, <strong>Marco De Gasperi<\/strong>, <strong>Antonella Confortola<\/strong>, <strong>Elisa Desco<\/strong>, <strong>Mateja Kosovelj<\/strong>, <strong>Nadir Cavagna<\/strong>, <strong>Emanuele Manzi<\/strong>, insieme a buona parte della <strong>Aldo Moro di Paluzza<\/strong> e ad alcuni<strong> corridori di punta della nazionale slovena<\/strong>, stanno contribuendo ad accendere i riflettori su una manifestazione giunta all\u2019ottava edizione, che propone un percorso altamente spettacolare, tecnicamente valido e dal forte appeal internazionale.<\/p>\n<p style=\"text-align: justify;\" class=\"ui-droppable\"> \tUna serpentina sulla cartina geografica, disegnata da <strong>Luciano Comelli<\/strong>, che <strong>attraversa pi\u00f9 volte il confine fra Italia e Slovenia<\/strong>, evitando quasi totalmente i tratti in asfalto: <strong>800 metri di dislivello<\/strong> da superare in mezzo alla natura, in luoghi di particolare interesse naturalistico e con una vista mare da togliere il fiato. Partenza da <strong>Ancarano<\/strong>, in Slovenia, arrivo nella inusuale cornice del Centro commerciale<strong> Montedoro Freetime<\/strong>, all\u2019interno del negozio <strong>Decathlon<\/strong>.<\/p>\n<p style=\"text-align: justify;\" class=\"ui-droppable\"> \tLa gara, organizzata grazie al contributo della <strong>Regione Friuli Venezia Giulia<\/strong>, della <strong>Provincia di Trieste<\/strong>, del <strong>Comune di Muggia<\/strong>, e con la collaborazione della<strong> Sd Katarina<\/strong> e del <strong>Planisko Drustvo<\/strong> di Ancarano, sar\u00e0 preceduta da numerose iniziative collaterali, gi\u00e0 iniziate nello scorso week end.<\/p>\n<p style=\"text-align: justify;\" class=\"ui-droppable\"> \tMercoled\u00ec 29 ottobre, dalle 18, toccher\u00e0 alla novit\u00e0 dell\u2019<strong>EuroNightTrail<\/strong>, una corsa alla luce delle pile frontali fino al castello di San Servolo, mentre venerd\u00ec 31 la Nuova Oma pattinaggio artistico dar\u00e0 vita a <strong>\u201cSkate, Fun &#038; Elegance\u201d<\/strong>.<\/p>\n<p style=\"text-align: justify;\" class=\"ui-droppable\"> \tIl sabato antecedente alla gara sar\u00e0 dedicato all\u2019<strong>Euro Junior Marathon<\/strong>, presso il Montedoro Freetime, e all\u2019<strong>Euro-Orienteering<\/strong>, competizione organizzata dal Cai XXX Ottobre, valida come Campionato regionale Centri storici.<\/p>\n<p style=\"text-align: justify;\" class=\"ui-droppable\"> \tL\u2019eco-trail partir\u00e0 domenica alle 10, contemporaneamente al <strong>Memorial Rodolfo Crasso di marcia<\/strong> del Gs San Giacomo, alla<strong> EuroDog Trail<\/strong> dei Mushers Friulani e all\u2019<strong>EuroMini Trail<\/strong> non competitiva.<\/p>\n<p style=\"text-align: justify;\" class=\"ui-droppable\"> \tLe iscrizioni si possono effettuare su <a href=\"http:\/\/www.euromarathon.it\/\" target=\"_blank\" rel=\"noopener\">www.euromarathon.it<\/a> oppure presso il negozio Decathlon nei due giorni antecedenti la competizione.<\/p>\n","protected":false},"excerpt":{"rendered":"<p>Domenica l&#8217;attesa competizione podistica<\/p>\n","protected":false},"author":28,"featured_media":14991,"comment_status":"closed","ping_status":"closed","sticky":false,"template":"","format":"standard","meta":{"dwc-title":[],"dwc-content":[],"footnotes":""},"categories":[38],"tags":[],"class_list":["post-14990","post","type-post","status-publish","format-standard","has-post-thumbnail","hentry","category-sport"],"rttpg_featured_image_url":{"full":["https:\/\/imagazine.it\/wp-content\/uploads\/2024\/01\/7499-1.webp",360,336,false],"landscape":["https:\/\/imagazine.it\/wp-content\/uploads\/2024\/01\/7499-1.webp",360,336,false],"portraits":["https:\/\/imagazine.it\/wp-content\/uploads\/2024\/01\/7499-1.webp",360,336,false],"thumbnail":["https:\/\/imagazine.it\/wp-content\/uploads\/2024\/01\/7499-1-150x150.webp",150,150,true],"medium":["https:\/\/imagazine.it\/wp-content\/uploads\/2024\/01\/7499-1-300x280.webp",300,280,true],"large":["https:\/\/imagazine.it\/wp-content\/uploads\/2024\/01\/7499-1.webp",360,336,false],"thumblist":["https:\/\/imagazine.it\/wp-content\/uploads\/2024\/01\/7499-1.webp",300,280,false],"thumbrelated":["https:\/\/imagazine.it\/wp-content\/uploads\/2024\/01\/7499-1.webp",360,336,false],"meccarouselthumb":["https:\/\/imagazine.it\/wp-content\/uploads\/2024\/01\/7499-1.webp",347,324,false],"gridsquare":["https:\/\/imagazine.it\/wp-content\/uploads\/2024\/01\/7499-1.webp",279,260,false],"tileview":["https:\/\/imagazine.it\/wp-content\/uploads\/2024\/01\/7499-1.webp",300,280,false],"1536x1536":["https:\/\/imagazine.it\/wp-content\/uploads\/2024\/01\/7499-1.webp",360,336,false],"2048x2048":["https:\/\/imagazine.it\/wp-content\/uploads\/2024\/01\/7499-1.webp",360,336,false],"newsup-slider-full":["https:\/\/imagazine.it\/wp-content\/uploads\/2024\/01\/7499-1.webp",360,336,false],"newsup-featured":["https:\/\/imagazine.it\/wp-content\/uploads\/2024\/01\/7499-1.webp",360,336,false],"newsup-medium":["https:\/\/imagazine.it\/wp-content\/uploads\/2024\/01\/7499-1.webp",360,336,false],"tptn_thumbnail":["https:\/\/imagazine.it\/wp-content\/uploads\/2024\/01\/7499-1.webp",225,210,false],"sow-carousel-default":["https:\/\/imagazine.it\/wp-content\/uploads\/2024\/01\/7499-1-272x182.webp",272,182,true]},"rttpg_author":{"display_name":"redazione","author_link":"https:\/\/imagazine.it\/home_desk\/author\/redazione\/"},"rttpg_comment":0,"rttpg_category":"<a href=\"https:\/\/imagazine.it\/home_desk\/category\/sport\/\" rel=\"category tag\">SPORT<\/a>","rttpg_excerpt":"Domenica l'attesa competizione podistica","_links":{"self":[{"href":"https:\/\/imagazine.it\/home_desk\/wp-json\/wp\/v2\/posts\/14990","targetHints":{"allow":["GET"]}}],"collection":[{"href":"https:\/\/imagazine.it\/home_desk\/wp-json\/wp\/v2\/posts"}],"about":[{"href":"https:\/\/imagazine.it\/home_desk\/wp-json\/wp\/v2\/types\/post"}],"author":[{"embeddable":true,"href":"https:\/\/imagazine.it\/home_desk\/wp-json\/wp\/v2\/users\/28"}],"replies":[{"embeddable":true,"href":"https:\/\/imagazine.it\/home_desk\/wp-json\/wp\/v2\/comments?post=14990"}],"version-history":[{"count":0,"href":"https:\/\/imagazine.it\/home_desk\/wp-json\/wp\/v2\/posts\/14990\/revisions"}],"wp:featuredmedia":[{"embeddable":true,"href":"https:\/\/imagazine.it\/home_desk\/wp-json\/wp\/v2\/media\/14991"}],"wp:attachment":[{"href":"https:\/\/imagazine.it\/home_desk\/wp-json\/wp\/v2\/media?parent=14990"}],"wp:term":[{"taxonomy":"category","embeddable":true,"href":"https:\/\/imagazine.it\/home_desk\/wp-json\/wp\/v2\/categories?post=14990"},{"taxonomy":"post_tag","embeddable":true,"href":"https:\/\/imagazine.it\/home_desk\/wp-json\/wp\/v2\/tags?post=14990"}],"curies":[{"name":"wp","href":"https:\/\/api.w.org\/{rel}","templated":true}]}}