{"id":14897,"date":"2014-10-06T00:00:00","date_gmt":"2014-10-05T23:00:00","guid":{"rendered":"https:\/\/imagazine.it\/?p=14897"},"modified":"2014-10-06T00:00:00","modified_gmt":"2014-10-05T23:00:00","slug":"grado-giallo-il-prossimo-sara-lanno-del-potere","status":"publish","type":"post","link":"https:\/\/imagazine.it\/home_desk\/grado-giallo-il-prossimo-sara-lanno-del-potere\/","title":{"rendered":"&#8220;Grado Giallo&#8221;, il prossimo sar\u00e0 l&#8217;anno del potere"},"content":{"rendered":"<p style=\"text-align: justify;\" class=\"ui-droppable\"> \tConclusa la settima edizione di Grado Giallo, il festival letterario dedicato al genere giallo-noir.<\/p>\n<p style=\"text-align: justify;\" class=\"ui-droppable\"> \tSono state <strong>oltre 3.500<\/strong> le presenze &#8211; riferiscono gli organizzatori (capofila il Comune di Grado e l\u2019Universit\u00e0 di Trieste) &#8211; a questa edizione, incentrata sul tema \u201cLa paura e i generi del mistero\u201d. Ed \u00e8 gi\u00e0 stato lanciato il leit-motiv del festival n. 8, che sar\u00e0 \u201c<strong>Il <\/strong><strong>potere<\/strong><strong> e i generi del mistero\u201d<\/strong>, come anticipato dal presidente del Comitato scientifico del festival <strong>Elvio Guagnini<\/strong>, docente di Letteratura italiana all\u2019Universit\u00e0 di Trieste e tra le \u2018anime\u2019 della manifestazione.<\/p>\n<p style=\"text-align: justify;\" class=\"ui-droppable\"> \tMolto gettonata la sezione <strong>speciale dedicata ai ragazzi e ai bambini<\/strong>, che ha registrato la partecipazione di <strong>oltre 600 allievi e studenti delle scuole<\/strong>. Successo anche per la mostra mercato del libro, per la visita guidata di <strong>Roberta Bressan<\/strong> a <em>Grado noir<\/em> (oltre 50 persone) e per le cene con delitto della <em>Compagnia Quelli del Delitto<\/em>, per le quali si \u00e8 registrato un tutto esaurito.<\/p>\n<p style=\"text-align: justify;\" class=\"ui-droppable\"> \tIl Comitato scientifico di Grado Gialllo, coordinato da <strong>Guagnini<\/strong> e composto da <strong>Franco Forte<\/strong>, direttore editoriale delle collane Mondadori diffuse nelle edicole, e <strong>Flavia Moimas<\/strong>, ha assicurato che anche per l\u2019anno 2015 ci sar\u00e0 il <em>Premio Grado Giallo<\/em>, quest\u2019anno vinto da <strong>Massimiliano Govoni<\/strong> con il racconto &#8220;L\u2019oro delle Alpi&#8221;, pubblicato nella collana Gialli Mondadori con \u201c<strong>Le immagini rubate<\/strong>\u201d di <strong>Manuela Costantini<\/strong>, racconto vincitore del prestigioso <em>Premio Tedeschi<\/em>.<\/p>\n","protected":false},"excerpt":{"rendered":"<p>Anticipato il tema dell&#8217;edizione 2015<\/p>\n","protected":false},"author":28,"featured_media":14898,"comment_status":"closed","ping_status":"closed","sticky":false,"template":"","format":"standard","meta":{"dwc-title":[],"dwc-content":[],"footnotes":""},"categories":[37],"tags":[],"class_list":["post-14897","post","type-post","status-publish","format-standard","has-post-thumbnail","hentry","category-cultura-e-spettacolo"],"rttpg_featured_image_url":{"full":["https:\/\/imagazine.it\/wp-content\/uploads\/2024\/01\/7271-1.webp",400,412,false],"landscape":["https:\/\/imagazine.it\/wp-content\/uploads\/2024\/01\/7271-1.webp",400,412,false],"portraits":["https:\/\/imagazine.it\/wp-content\/uploads\/2024\/01\/7271-1.webp",400,412,false],"thumbnail":["https:\/\/imagazine.it\/wp-content\/uploads\/2024\/01\/7271-1-150x150.webp",150,150,true],"medium":["https:\/\/imagazine.it\/wp-content\/uploads\/2024\/01\/7271-1-291x300.webp",291,300,true],"large":["https:\/\/imagazine.it\/wp-content\/uploads\/2024\/01\/7271-1.webp",400,412,false],"thumblist":["https:\/\/imagazine.it\/wp-content\/uploads\/2024\/01\/7271-1.webp",291,300,false],"thumbrelated":["https:\/\/imagazine.it\/wp-content\/uploads\/2024\/01\/7271-1.webp",400,412,false],"meccarouselthumb":["https:\/\/imagazine.it\/wp-content\/uploads\/2024\/01\/7271-1.webp",315,324,false],"gridsquare":["https:\/\/imagazine.it\/wp-content\/uploads\/2024\/01\/7271-1.webp",252,260,false],"tileview":["https:\/\/imagazine.it\/wp-content\/uploads\/2024\/01\/7271-1.webp",300,309,false],"1536x1536":["https:\/\/imagazine.it\/wp-content\/uploads\/2024\/01\/7271-1.webp",400,412,false],"2048x2048":["https:\/\/imagazine.it\/wp-content\/uploads\/2024\/01\/7271-1.webp",400,412,false],"newsup-slider-full":["https:\/\/imagazine.it\/wp-content\/uploads\/2024\/01\/7271-1.webp",400,412,false],"newsup-featured":["https:\/\/imagazine.it\/wp-content\/uploads\/2024\/01\/7271-1.webp",400,412,false],"newsup-medium":["https:\/\/imagazine.it\/wp-content\/uploads\/2024\/01\/7271-1-400x380.webp",400,380,true],"tptn_thumbnail":["https:\/\/imagazine.it\/wp-content\/uploads\/2024\/01\/7271-1.webp",204,210,false],"sow-carousel-default":["https:\/\/imagazine.it\/wp-content\/uploads\/2024\/01\/7271-1-272x182.webp",272,182,true]},"rttpg_author":{"display_name":"redazione","author_link":"https:\/\/imagazine.it\/home_desk\/author\/redazione\/"},"rttpg_comment":0,"rttpg_category":"<a href=\"https:\/\/imagazine.it\/home_desk\/category\/cultura-e-spettacolo\/\" rel=\"category tag\">CULTURA&amp;SPETTACOLO<\/a>","rttpg_excerpt":"Anticipato il tema dell'edizione 2015","_links":{"self":[{"href":"https:\/\/imagazine.it\/home_desk\/wp-json\/wp\/v2\/posts\/14897","targetHints":{"allow":["GET"]}}],"collection":[{"href":"https:\/\/imagazine.it\/home_desk\/wp-json\/wp\/v2\/posts"}],"about":[{"href":"https:\/\/imagazine.it\/home_desk\/wp-json\/wp\/v2\/types\/post"}],"author":[{"embeddable":true,"href":"https:\/\/imagazine.it\/home_desk\/wp-json\/wp\/v2\/users\/28"}],"replies":[{"embeddable":true,"href":"https:\/\/imagazine.it\/home_desk\/wp-json\/wp\/v2\/comments?post=14897"}],"version-history":[{"count":0,"href":"https:\/\/imagazine.it\/home_desk\/wp-json\/wp\/v2\/posts\/14897\/revisions"}],"wp:featuredmedia":[{"embeddable":true,"href":"https:\/\/imagazine.it\/home_desk\/wp-json\/wp\/v2\/media\/14898"}],"wp:attachment":[{"href":"https:\/\/imagazine.it\/home_desk\/wp-json\/wp\/v2\/media?parent=14897"}],"wp:term":[{"taxonomy":"category","embeddable":true,"href":"https:\/\/imagazine.it\/home_desk\/wp-json\/wp\/v2\/categories?post=14897"},{"taxonomy":"post_tag","embeddable":true,"href":"https:\/\/imagazine.it\/home_desk\/wp-json\/wp\/v2\/tags?post=14897"}],"curies":[{"name":"wp","href":"https:\/\/api.w.org\/{rel}","templated":true}]}}