{"id":14893,"date":"2014-10-06T00:00:00","date_gmt":"2014-10-05T23:00:00","guid":{"rendered":"https:\/\/imagazine.it\/?p=14893"},"modified":"2014-10-06T00:00:00","modified_gmt":"2014-10-05T23:00:00","slug":"infermieri-fvg-progetto-pilota-per-umanizzare-le-cure","status":"publish","type":"post","link":"https:\/\/imagazine.it\/home_desk\/infermieri-fvg-progetto-pilota-per-umanizzare-le-cure\/","title":{"rendered":"Infermieri Fvg, progetto pilota per &#8220;umanizzare&#8221; le cure"},"content":{"rendered":"<p style=\"text-align: justify;\" class=\"ui-droppable\"> \tProprio nei giorni in cui si \u00e8 completata la riforma sulla sanit\u00e0 regionale in Friuli Venezia Giulia, il coordinamento Ipasvi \u2013 che raggruppa oltre 10mila Infermieri professionali, Assistenti sanitari e Vigilatrici d\u2019infanzia del Fvg \u2013 d\u00e0 il via libera alla sua \u2018rivoluzione\u2019 in tema di formazione sanitaria degli iscritti, lanciando l\u2019innovativo progetto pilota legato al \u201cCaring\u201d, con un corso itinerante al quale avranno accesso oltre 200 iscritti Ipasvi della regione, patrocinato e finanziato della Federazione nazionale Ipasvi, in partnership con l\u2019Universit\u00e0 degli Studi di Verona, a cura del docente di Filosofia morale dell\u2019ateneo veronese <strong>Carlo Chiurco<\/strong>.<\/p>\n<p style=\"text-align: justify;\" class=\"ui-droppable\"> \tSono quattro le full immersion previste in queste settimane: a <strong>Trieste<\/strong> fino a domani, presso la sede Ipasvi di via Roma, quindi a <strong>Monfalcone<\/strong> dal 9 al 27 ottobre nella sede dell\u2019Ospedale San Polo, a <strong>Udine<\/strong> dal 10 al 31 ottobre nella sede Ipasvi e infine a <strong>Pordenone<\/strong> dal 22 ottobre al 4 novembre nella sede di piazzetta Aldo Furlan 2.\u00a0 In ciascuna sede i corsi saranno coadiuvati dal Presidente Ipasvi di riferimento.<\/p>\n<p style=\"text-align: justify;\" class=\"ui-droppable\"> \tSecondo i dati dell\u2019OMS le malattie croniche assorbono il 75% circa delle risorse della sanit\u00e0 pubblica e tale dato \u00e8 destinato ad aumentare. Come spiega <strong>Flavio Paoletti<\/strong>, presidente di Ipasvi Trieste e coordinatore dei quattro Collegi Ipasvi Fvg, \u00abl<em>&#8216;<\/em>obiettivo, in linea con quanto espresso nella nuova riforma sanitaria appena approvata, \u00e8 quello di umanizzare le cure con notevoli ricadute sugli assistiti, sui professionisti, sull&#8217;organizzazione e sulla sostenibilit\u00e0 del sistema sanitario in termini di costi (meno ricoveri per patologie croniche, maggior aderenza alle terapie e minor numero di denunce legate alla cattiva assistenza). Non si tratta di una nuova modalit\u00e0 di fare assistenza, ma del riappropriarsi del suo aspetto umanistico che deve andare di pari passo con la formazione tecnica e scientifica. Bisogna capire che molto spesso, dopo essere guariti dalla malattia, ci si ritrova ad aver bisogno di guarire anche dall&#8217;ospedale: ecco perch\u00e9 la cura \u00e8 una dimensione che va molto al di l\u00e0 della semplice terapia\u00bb.<\/p>\n<p style=\"text-align: justify;\" class=\"ui-droppable\"> \tI risultati verranno misurati attraverso un innovativo modello &#8220;Expero4care&#8221;, finanziato con fondi europei, che coinvolge sette Paesi europei con diversi partner\u00a0fra i quali proprio Ipasvi Trieste, che ha preso parte a Cipro, nei giorni scorsi, a un meeting\u00a0 per la definizione della certificazione del modello e della sua applicazione sistematica.<\/p>\n","protected":false},"excerpt":{"rendered":"<p>Corsi specifici in collaborazione con l&#8217;Universit\u00e0 di Verona<\/p>\n","protected":false},"author":28,"featured_media":0,"comment_status":"closed","ping_status":"closed","sticky":false,"template":"","format":"standard","meta":{"dwc-title":[],"dwc-content":[],"footnotes":""},"categories":[6],"tags":[],"class_list":["post-14893","post","type-post","status-publish","format-standard","hentry","category-societa"],"rttpg_featured_image_url":null,"rttpg_author":{"display_name":"redazione","author_link":"https:\/\/imagazine.it\/home_desk\/author\/redazione\/"},"rttpg_comment":0,"rttpg_category":"<a href=\"https:\/\/imagazine.it\/home_desk\/category\/societa\/\" rel=\"category tag\">SOCIET\u00c0<\/a>","rttpg_excerpt":"Corsi specifici in collaborazione con l'Universit\u00e0 di Verona","_links":{"self":[{"href":"https:\/\/imagazine.it\/home_desk\/wp-json\/wp\/v2\/posts\/14893","targetHints":{"allow":["GET"]}}],"collection":[{"href":"https:\/\/imagazine.it\/home_desk\/wp-json\/wp\/v2\/posts"}],"about":[{"href":"https:\/\/imagazine.it\/home_desk\/wp-json\/wp\/v2\/types\/post"}],"author":[{"embeddable":true,"href":"https:\/\/imagazine.it\/home_desk\/wp-json\/wp\/v2\/users\/28"}],"replies":[{"embeddable":true,"href":"https:\/\/imagazine.it\/home_desk\/wp-json\/wp\/v2\/comments?post=14893"}],"version-history":[{"count":0,"href":"https:\/\/imagazine.it\/home_desk\/wp-json\/wp\/v2\/posts\/14893\/revisions"}],"wp:attachment":[{"href":"https:\/\/imagazine.it\/home_desk\/wp-json\/wp\/v2\/media?parent=14893"}],"wp:term":[{"taxonomy":"category","embeddable":true,"href":"https:\/\/imagazine.it\/home_desk\/wp-json\/wp\/v2\/categories?post=14893"},{"taxonomy":"post_tag","embeddable":true,"href":"https:\/\/imagazine.it\/home_desk\/wp-json\/wp\/v2\/tags?post=14893"}],"curies":[{"name":"wp","href":"https:\/\/api.w.org\/{rel}","templated":true}]}}