{"id":14868,"date":"2014-10-01T00:00:00","date_gmt":"2014-09-30T23:00:00","guid":{"rendered":"https:\/\/imagazine.it\/?p=14868"},"modified":"2014-10-01T00:00:00","modified_gmt":"2014-09-30T23:00:00","slug":"un-tranquillo-week-end-di-paura-in-riva-al-mare","status":"publish","type":"post","link":"https:\/\/imagazine.it\/home_desk\/un-tranquillo-week-end-di-paura-in-riva-al-mare\/","title":{"rendered":"Un tranquillo week end di paura in riva al mare"},"content":{"rendered":"<p style=\"text-align: justify;\" class=\"ui-droppable\"> \tAl via la settima edizione di \u201cGrado Giallo\u201d, che metter\u00e0 al centro scrittori, giornalisti, storici, ma anche psicologi e magistrati, per indagare l\u2019articolato e complesso rapporto tra il sentimento della paura e i generi del mistero.<\/p>\n<p style=\"text-align: justify;\" class=\"ui-droppable\"> \tSi comincia venerd\u00ec alle 9.30 al Cinema Cristallo, con lo scrittore <strong>Roberto<\/strong> <strong>Piumini<\/strong>, che incontrer\u00e0 i bambini delle scuole primarie per parlare de <em>La paura nelle fiabe<\/em>. Nell\u2019auditorium Biagio Marin, alle 17, la <strong>cerimonia di apertura<\/strong> del Festival con gli interventi delle autorit\u00e0, \u201ccapitanate\u201d dal sindaco di Grado <strong>Edoardo Maricchio<\/strong>, e l\u2019introduzione del curatore scientifico <strong>Elvio Guagnini<\/strong>.<\/p>\n<p style=\"text-align: justify;\" class=\"ui-droppable\"> \tA seguire, alle ore 17.30, l\u2019incontro dedicato al tema \u201c<strong>Scrivere la paura<\/strong>\u201d, con la prima tornata di scrittori: <strong>Alberto<\/strong> <strong>Custerlina<\/strong>, che parler\u00e0 de \u201cLa paura, una porta per il lato oscuro\u201d, <strong>Paolo<\/strong> <strong>Maurensig<\/strong> su \u201cChi ha paura del lupo mannaro?\u201d e, infine, <strong>Valerio<\/strong> <strong>Varesi<\/strong> sul tema \u201cLa paura di ci\u00f2 che ci sfugge\u201d. Alla fine della conversazione sar\u00e0 presentato il recentissimo libro di Valerio Varesi \u201cLe avventure del commissario Soneri. La strategia della lucertola\u201d (Frassinelli, 2014). Si alzer\u00e0 il sipario anche sullo \u201cSpeciale bambini e ragazzi\u201d: alle 17, nella Biblioteca civica di via Leonardo da Vinci, \u00e8 infatti in programma \u201cGiochiamo con le carte del mistero\u201d, a cura di Atuttotondo.<\/p>\n<p style=\"text-align: justify;\" class=\"ui-droppable\"> \tAlle 20 nel Ristorante Alto Gradimento, al 7\u00b0 piano Hotel Fonzari &#8211; piazza Biagio Marin, prima \u201c<strong>Cena con delitto<\/strong>\u201d (prenotazioni tel. 388 94 18 882).<\/p>\n<p style=\"text-align: justify;\" class=\"ui-droppable\"> \tIn serata, trasferta del festival al Kinemax di Monfalcone, per l\u2019iniziativa \u201c<strong>Kinemax sposa Grado Giallo<\/strong>\u201d. Riflettori puntati sull\u2019atteso incontro (ore 21) dedicato a \u201c<strong>La paura del cinema<\/strong>\u201d, con <strong>Mario de Luyk<\/strong>. In programma la proiezione del film \u201c<strong>Anime nere<\/strong>\u201d (2014), vincitore del Premio Qualit\u00e0 al Festival internazionale del Cinema di Venezia, regia di Francesco Munzi, interpreti Marco Leonardi, Peppino Mazzotta, Fabrizio Ferracane, Anna Ferruzzo, Barbora Bobulova. Interverr\u00e0 <strong>Marco Leonardi<\/strong>, attore molto noto grazie al film, premiato con l&#8217;Oscar, \u201cNuovo Cinema Paradiso\u201d (1988) di Giuseppe Tornatore e, successivamente, per la pellicola messicana \u201cCome l&#8217;acqua per il cioccolato\u201d (1992) di Alfonso Arau. La serata (aperta a tutti) \u00e8 realizzata in collaborazione con il direttore di Transmedia spa Giuseppe Longo (direttore dei Kinemax di Gorizia e Monfalcone). Per quanti lo desiderano sar\u00e0 messo a disposizione un pullman (fino a completamento posti disponibili), con partenza alle ore 20.30 da Grado, piazza XXVI Maggio (Hotel Alla citt\u00e0 di Trieste).<\/p>\n<p style=\"text-align: justify;\" class=\"ui-droppable\"> \tIl Comitato scientifico di Grado Giallo \u00e8 coordinato da <strong>Elvio Guagnini<\/strong>, docente di Letteratura italiana all\u2019Universit\u00e0 di Trieste e tra le \u2018anime\u2019 della manifestazione, ed \u00e8 composto da <strong>Franco Forte<\/strong>, direttore editoriale delle collane Mondadori diffuse nelle edicole, e <strong>Flavia Moimas<\/strong>, responsabile del Servizio Cultura del Comune di Grado.<\/p>\n<p style=\"text-align: justify;\" class=\"ui-droppable\"> \tNel frattempo, la giuria ha selezionato la rosa dei cinque finalisti tra i racconti inediti che hanno partecipato alla III edizione del Premio letterario Grado Giallo: tra questi sar\u00e0 scelto il vincitore la cui opera verr\u00e0 pubblicata nella collana italiana pi\u00f9 famosa, Gialli Mondadori (vedi comunicato allegato), in contemporanea con \u201c<strong>Le immagini rubate<\/strong>\u201d di Manuela Costantini, racconto vincitore del prestigioso <strong>Premio Tedeschi<\/strong>.<\/p>\n","protected":false},"excerpt":{"rendered":"<p>Al via &#8220;Grado Giallo&#8221;<\/p>\n","protected":false},"author":28,"featured_media":14869,"comment_status":"closed","ping_status":"closed","sticky":false,"template":"","format":"standard","meta":{"dwc-title":[],"dwc-content":[],"footnotes":""},"categories":[37],"tags":[],"class_list":["post-14868","post","type-post","status-publish","format-standard","has-post-thumbnail","hentry","category-cultura-e-spettacolo"],"rttpg_featured_image_url":{"full":["https:\/\/imagazine.it\/wp-content\/uploads\/2024\/01\/7234-1.webp",600,400,false],"landscape":["https:\/\/imagazine.it\/wp-content\/uploads\/2024\/01\/7234-1.webp",600,400,false],"portraits":["https:\/\/imagazine.it\/wp-content\/uploads\/2024\/01\/7234-1.webp",600,400,false],"thumbnail":["https:\/\/imagazine.it\/wp-content\/uploads\/2024\/01\/7234-1-150x150.webp",150,150,true],"medium":["https:\/\/imagazine.it\/wp-content\/uploads\/2024\/01\/7234-1-300x200.webp",300,200,true],"large":["https:\/\/imagazine.it\/wp-content\/uploads\/2024\/01\/7234-1.webp",600,400,false],"thumblist":["https:\/\/imagazine.it\/wp-content\/uploads\/2024\/01\/7234-1.webp",300,200,false],"thumbrelated":["https:\/\/imagazine.it\/wp-content\/uploads\/2024\/01\/7234-1.webp",500,333,false],"meccarouselthumb":["https:\/\/imagazine.it\/wp-content\/uploads\/2024\/01\/7234-1.webp",474,316,false],"gridsquare":["https:\/\/imagazine.it\/wp-content\/uploads\/2024\/01\/7234-1.webp",391,260,false],"tileview":["https:\/\/imagazine.it\/wp-content\/uploads\/2024\/01\/7234-1.webp",300,200,false],"1536x1536":["https:\/\/imagazine.it\/wp-content\/uploads\/2024\/01\/7234-1.webp",600,400,false],"2048x2048":["https:\/\/imagazine.it\/wp-content\/uploads\/2024\/01\/7234-1.webp",600,400,false],"newsup-slider-full":["https:\/\/imagazine.it\/wp-content\/uploads\/2024\/01\/7234-1.webp",600,400,false],"newsup-featured":["https:\/\/imagazine.it\/wp-content\/uploads\/2024\/01\/7234-1.webp",600,400,false],"newsup-medium":["https:\/\/imagazine.it\/wp-content\/uploads\/2024\/01\/7234-1-600x380.webp",600,380,true],"tptn_thumbnail":["https:\/\/imagazine.it\/wp-content\/uploads\/2024\/01\/7234-1.webp",250,167,false],"sow-carousel-default":["https:\/\/imagazine.it\/wp-content\/uploads\/2024\/01\/7234-1-272x182.webp",272,182,true]},"rttpg_author":{"display_name":"redazione","author_link":"https:\/\/imagazine.it\/home_desk\/author\/redazione\/"},"rttpg_comment":0,"rttpg_category":"<a href=\"https:\/\/imagazine.it\/home_desk\/category\/cultura-e-spettacolo\/\" rel=\"category tag\">CULTURA&amp;SPETTACOLO<\/a>","rttpg_excerpt":"Al via \"Grado Giallo\"","_links":{"self":[{"href":"https:\/\/imagazine.it\/home_desk\/wp-json\/wp\/v2\/posts\/14868","targetHints":{"allow":["GET"]}}],"collection":[{"href":"https:\/\/imagazine.it\/home_desk\/wp-json\/wp\/v2\/posts"}],"about":[{"href":"https:\/\/imagazine.it\/home_desk\/wp-json\/wp\/v2\/types\/post"}],"author":[{"embeddable":true,"href":"https:\/\/imagazine.it\/home_desk\/wp-json\/wp\/v2\/users\/28"}],"replies":[{"embeddable":true,"href":"https:\/\/imagazine.it\/home_desk\/wp-json\/wp\/v2\/comments?post=14868"}],"version-history":[{"count":0,"href":"https:\/\/imagazine.it\/home_desk\/wp-json\/wp\/v2\/posts\/14868\/revisions"}],"wp:featuredmedia":[{"embeddable":true,"href":"https:\/\/imagazine.it\/home_desk\/wp-json\/wp\/v2\/media\/14869"}],"wp:attachment":[{"href":"https:\/\/imagazine.it\/home_desk\/wp-json\/wp\/v2\/media?parent=14868"}],"wp:term":[{"taxonomy":"category","embeddable":true,"href":"https:\/\/imagazine.it\/home_desk\/wp-json\/wp\/v2\/categories?post=14868"},{"taxonomy":"post_tag","embeddable":true,"href":"https:\/\/imagazine.it\/home_desk\/wp-json\/wp\/v2\/tags?post=14868"}],"curies":[{"name":"wp","href":"https:\/\/api.w.org\/{rel}","templated":true}]}}