{"id":14796,"date":"2014-09-18T00:00:00","date_gmt":"2014-09-17T23:00:00","guid":{"rendered":"https:\/\/imagazine.it\/?p=14796"},"modified":"2014-09-18T00:00:00","modified_gmt":"2014-09-17T23:00:00","slug":"etica-ed-energia-presentata-trieste-next-2014","status":"publish","type":"post","link":"https:\/\/imagazine.it\/home_desk\/etica-ed-energia-presentata-trieste-next-2014\/","title":{"rendered":"Etica ed energia: presentata &#8220;Trieste Next 2014&#8221;"},"content":{"rendered":"<p style=\"text-align: justify;\" class=\"ui-droppable\"> \tPresentata \u201cTrieste Next 2014\u201d, la terza edizione del Salone Europeo della Ricerca Scientifica, che quest&#8217;anno prende il titolo di\u00a0<strong><em>EnergETHIC<\/em><\/strong>, puntando tutta l&#8217;attenzione sul tema dell&#8217;energia.<\/p>\n<p style=\"text-align: justify;\" class=\"ui-droppable\"> \tL&#8217;evento, promosso da Comune di Trieste, Universit\u00e0 di Trieste e Venezie Post, grazie alla collaborazione di numerosi enti del territorio, ha lo scopo di valorizzare l\u2019eccellenza scientifica della citt\u00e0 di Trieste e favorire il dialogo tra mondo della ricerca e mondo dell\u2019impresa in nome di uno sviluppo sostenibile.<\/p>\n<p style=\"text-align: justify;\" class=\"ui-droppable\"> \t<strong>Da venerd\u00ec 26 a domenica 28 settembre tre giorni di eventi per tutti:<\/strong>\u00a0pi\u00f9 di 100 appuntamenti, 150 relatori nazionali e internazionali, 30 istituti di ricerca, mostre, visite guidate e un ricco programma per le scuole.<\/p>\n<p style=\"text-align: justify;\" class=\"ui-droppable\"> \t\u201cL\u2019energia coniugata all&#8217;etica \u2013 ha dichiarato il rettore dell\u2019Universit\u00e0 di Trieste, Maurizio Fermeglia \u2013 \u00e8 un tema di incredibile attualit\u00e0 almeno fino al 2020 e oltre, motivato anche da una parte di responsabilit\u00e0 etica nei confronti delle generazioni future per le scelte del presente\u201d.<\/p>\n<p style=\"text-align: justify;\" class=\"ui-droppable\"> \tPer scoprire l\u2019intero programma dell\u2019evento, visita il\u00a0<a href=\"http:\/\/triestenext.veneziepost.it\/\" target=\"_blank\" rel=\"noopener\">sito ufficiale<\/a>.<\/p>\n<p style=\"text-align: justify;\" class=\"ui-droppable\"> \tAlla conferenza stampa sono intervenuti\u00a0<strong>Antonella Grim<\/strong>, Assessore all\u2019Educazione, Scuola e Universit\u00e0 e Ricerca, Maurizio Fermeglia,\u00a0<strong>Filiberto Zovico<\/strong>, Direttore Trieste Next ed Editore Venezie Post. Erano inoltre presenti i rappresentanti degli enti copromotori, sostenitori e partecipanti a Trieste Next:\u00a0<strong>Maria Teresa Bassa Poropat<\/strong>, Presidente della Provincia di Trieste,\u00a0<strong>Francesco Peroni<\/strong>, Assessore regionale alle Finanze, Patrimonio, coordinamento e programmazione politiche economiche e comunitarie,\u00a0<strong>Gianni Dal Maso<\/strong>, Vicedirettore della SISSA (Scuola Superiore di Studi Avanzati),\u00a0<strong>Paolo Santangelo<\/strong>, Segretario Generale Fondazione CRTrieste,\u00a0<strong>Roberto Della Marina<\/strong>, Vicepresidente Area Science Park.<\/p>\n<p class=\"ui-droppable\"> \t\u00a0<\/p>\n","protected":false},"excerpt":{"rendered":"<p>In programma dal 26 al 28 settembre<\/p>\n","protected":false},"author":28,"featured_media":14797,"comment_status":"closed","ping_status":"closed","sticky":false,"template":"","format":"standard","meta":{"dwc-title":[],"dwc-content":[],"footnotes":""},"categories":[6],"tags":[],"class_list":["post-14796","post","type-post","status-publish","format-standard","has-post-thumbnail","hentry","category-societa"],"rttpg_featured_image_url":{"full":["https:\/\/imagazine.it\/wp-content\/uploads\/2024\/01\/7132-1.webp",450,300,false],"landscape":["https:\/\/imagazine.it\/wp-content\/uploads\/2024\/01\/7132-1.webp",450,300,false],"portraits":["https:\/\/imagazine.it\/wp-content\/uploads\/2024\/01\/7132-1.webp",450,300,false],"thumbnail":["https:\/\/imagazine.it\/wp-content\/uploads\/2024\/01\/7132-1-150x150.webp",150,150,true],"medium":["https:\/\/imagazine.it\/wp-content\/uploads\/2024\/01\/7132-1-300x200.webp",300,200,true],"large":["https:\/\/imagazine.it\/wp-content\/uploads\/2024\/01\/7132-1.webp",450,300,false],"thumblist":["https:\/\/imagazine.it\/wp-content\/uploads\/2024\/01\/7132-1.webp",300,200,false],"thumbrelated":["https:\/\/imagazine.it\/wp-content\/uploads\/2024\/01\/7132-1.webp",450,300,false],"meccarouselthumb":["https:\/\/imagazine.it\/wp-content\/uploads\/2024\/01\/7132-1.webp",450,300,false],"gridsquare":["https:\/\/imagazine.it\/wp-content\/uploads\/2024\/01\/7132-1.webp",391,260,false],"tileview":["https:\/\/imagazine.it\/wp-content\/uploads\/2024\/01\/7132-1.webp",300,200,false],"1536x1536":["https:\/\/imagazine.it\/wp-content\/uploads\/2024\/01\/7132-1.webp",450,300,false],"2048x2048":["https:\/\/imagazine.it\/wp-content\/uploads\/2024\/01\/7132-1.webp",450,300,false],"newsup-slider-full":["https:\/\/imagazine.it\/wp-content\/uploads\/2024\/01\/7132-1.webp",450,300,false],"newsup-featured":["https:\/\/imagazine.it\/wp-content\/uploads\/2024\/01\/7132-1.webp",450,300,false],"newsup-medium":["https:\/\/imagazine.it\/wp-content\/uploads\/2024\/01\/7132-1.webp",450,300,false],"tptn_thumbnail":["https:\/\/imagazine.it\/wp-content\/uploads\/2024\/01\/7132-1.webp",250,167,false],"sow-carousel-default":["https:\/\/imagazine.it\/wp-content\/uploads\/2024\/01\/7132-1-272x182.webp",272,182,true]},"rttpg_author":{"display_name":"redazione","author_link":"https:\/\/imagazine.it\/home_desk\/author\/redazione\/"},"rttpg_comment":0,"rttpg_category":"<a href=\"https:\/\/imagazine.it\/home_desk\/category\/societa\/\" rel=\"category tag\">SOCIET\u00c0<\/a>","rttpg_excerpt":"In programma dal 26 al 28 settembre","_links":{"self":[{"href":"https:\/\/imagazine.it\/home_desk\/wp-json\/wp\/v2\/posts\/14796","targetHints":{"allow":["GET"]}}],"collection":[{"href":"https:\/\/imagazine.it\/home_desk\/wp-json\/wp\/v2\/posts"}],"about":[{"href":"https:\/\/imagazine.it\/home_desk\/wp-json\/wp\/v2\/types\/post"}],"author":[{"embeddable":true,"href":"https:\/\/imagazine.it\/home_desk\/wp-json\/wp\/v2\/users\/28"}],"replies":[{"embeddable":true,"href":"https:\/\/imagazine.it\/home_desk\/wp-json\/wp\/v2\/comments?post=14796"}],"version-history":[{"count":0,"href":"https:\/\/imagazine.it\/home_desk\/wp-json\/wp\/v2\/posts\/14796\/revisions"}],"wp:featuredmedia":[{"embeddable":true,"href":"https:\/\/imagazine.it\/home_desk\/wp-json\/wp\/v2\/media\/14797"}],"wp:attachment":[{"href":"https:\/\/imagazine.it\/home_desk\/wp-json\/wp\/v2\/media?parent=14796"}],"wp:term":[{"taxonomy":"category","embeddable":true,"href":"https:\/\/imagazine.it\/home_desk\/wp-json\/wp\/v2\/categories?post=14796"},{"taxonomy":"post_tag","embeddable":true,"href":"https:\/\/imagazine.it\/home_desk\/wp-json\/wp\/v2\/tags?post=14796"}],"curies":[{"name":"wp","href":"https:\/\/api.w.org\/{rel}","templated":true}]}}