{"id":14773,"date":"2014-09-15T00:00:00","date_gmt":"2014-09-14T23:00:00","guid":{"rendered":"https:\/\/imagazine.it\/?p=14773"},"modified":"2014-09-15T00:00:00","modified_gmt":"2014-09-14T23:00:00","slug":"trieste-porto-ideale-delle-nuove-rotte-del-jazz","status":"publish","type":"post","link":"https:\/\/imagazine.it\/home_desk\/trieste-porto-ideale-delle-nuove-rotte-del-jazz\/","title":{"rendered":"Trieste, porto ideale delle nuove rotte del jazz"},"content":{"rendered":"<p class=\"ui-droppable\" style=\"text-align: justify;\"> \tSar\u00e0 l\u2019intima Sala Bartoli del Teatro Rossetti ad ospitare, dal 3 al 5 ottobre, la dodicesima edizione de LE <strong>N<\/strong>UOVE <strong>R<\/strong>OTTE DEL <strong>J<\/strong>AZZ, la rassegna del <strong>Circolo Culturale Controtempo, <\/strong>realizzata grazie al prezioso contributo della<strong> Provincia di Trieste,<\/strong> che ancora una volta offrir\u00e0 al suo pubblico un programma di quattro concerti in esclusiva, con musicisti di calibro internazionale, per un imperdibile viaggio musicale oltre la frontiera del jazz.<\/p>\n<\/p>\n<p class=\"ui-droppable\" style=\"text-align: justify;\"> \tCambier\u00e0 la location della rassegna, per consentire una maggior intimit\u00e0 e vicinanza tra il pubblico e i musicisti, una maggiore empatia, ma non la sua formula, che tra contaminazioni, avanguardie e tradizioni si muover\u00e0 ancora una volta su nuove rotte musicali, sempre alternative ai circuiti mainstream, per guidare i naviganti alla scoperta del variegato universo jazz europeo. Tre giornate di concerti, intitolate rispettivamente SOLAR, NEXT GENERATION e LEGEND, consentiranno al pubblico di esplorare le diverse modalit\u00e0 del jazz attuale: dal jazz iberico di <strong>Jos\u00e9 Luis Guti\u00e9rrez<\/strong> all\u2019avanguardia della <strong>NEXT GENERATION <\/strong>rappresentata in questa edizione dalla cantante norvegese <strong>Mari Kvien Brunvoll <\/strong>e da una delle nuove formazioni pi\u00f9 interessanti del panorama francese, l\u2019<strong>EYM Trio, <\/strong>per concludere con la serata <strong>LEGEND,<\/strong> con il concerto della leggenda della chitarra jazz<strong> Philip Catherine\u00a0<\/strong>in duo con il giovane pianista italiano<strong> Nicola Andrioli <\/strong>gi\u00e0 partner creativo di Catherine in registrazioni e in tourn\u00e9e. Quest\u2019anno la rassegna sar\u00e0 arricchita anche dalla presentazione del volume del giornalista e critico musicale Luca Vitali <strong>\u201cIl Suono del Nord&#8221;<\/strong>, dedicato alla scena jazz norvegese, pi\u00f9 volte esplorata da <strong>Le nuove rotte del jazz<\/strong>.<\/p>\n<p class=\"ui-droppable\" style=\"text-align: justify;\"> \t<strong>SOLAR<\/strong>: Il viaggio sulle nuove rotte del jazz partir\u00e0, <strong>venerd\u00ec 3 ottobre alle 20.30<\/strong>, dalla Spagna, con il sassofonista <strong>Jos\u00e9 Luis Guti\u00e9rrez <\/strong>e il suo quartetto <strong>Iberjazz<\/strong>, che presenter\u00e0 sul palco di Sala Bartoli un progetto musicale di estrema originalit\u00e0, che fonde magistralmente la musica di radice spagnola, passando per il flamenco, con la libert\u00e0 d\u2019improvvisazione tipica del jazz. Jos\u00e9 Luis Guti\u00e9rrez\u00a0\u00e8 uno dei musicisti pi\u00f9 originali e innovativi della scena musicale spagnola. La sua musica \u00e8 appassionata, intensa e personale come poche, il suo stile e il suo fraseggio sono unici, cos\u00ec come i suoi silenzi. La sua forza espressiva \u00e8 decisa e raffinata e la critica lo considera uno dei punti di riferimento del nuovo jazz della penisola iberica.<\/p>\n<p class=\"ui-droppable\" style=\"text-align: justify;\"> \t\u00a0<\/p>\n<p class=\"ui-droppable\" style=\"text-align: justify;\"> \t<strong>NEXT GENERATION<\/strong><\/p>\n<\/p>\n<p class=\"ui-droppable\" style=\"text-align: justify;\"> \tSi proseguir\u00e0 con l\u2019esplorazione delle nuove proposte del jazz, rappresentate dai giovani talenti della scena musicale europea attuale. Per la prima volta Le Nuove Rotte proporr\u00e0 un doppio concerto in un\u2019unica serata, <strong>sabato 4 ottobre a partire dalle 20<\/strong>. Ad aprire la serata sar\u00e0 una delle cantanti pi\u00f9 interessanti degli ultimi anni, la norvegese <strong>Mari Kvien Brunvoll<\/strong>. Affermata da diversi anni nella scena musicale del suo paese per la sua voce affascinante e raffinata, arriva dritta a chi l\u2019ascolta. Oltre che per la voce, Mari si \u00e8 contraddistinta anche grazie all&#39;unicit\u00e0 della sua performance live: seduta a terra, sola al centro del palco, la Brunvoll canta accompagnandosi con piano pocket, loop, cetre, computer, campionatori e numerosi oggetti sonori. Il suo profondo mondo sonoro \u00e8 un mix di elettro pop, jazz e blues unito con le atmosfere nordiche. Ci si sposter\u00e0 poi in Francia con l\u2019<strong>EYM Trio. <\/strong>Composto da Elie Dufour al pianoforte, Marc Michel alla batteria e Yann Phayphet al contrabbasso, il giovane trio francese spazia dalle composizioni originali agli arrangiamenti di standard jazz, fino a temi tradizionali bulgari e ad altre melodie della musica popolare dell\u2019Est Europa. A partire da questo curioso mix gli EYM hanno creato un universo musicale accattivante, influenzato da grandi del jazz come Duke Ellington, Chick Corea, Michel Petrucciani ma anche dai jazzisti contemporanei, come E.S.T., Avishai Cohen, IS e Joshua Redman.<\/p>\n<p class=\"ui-droppable\" style=\"text-align: justify;\"> \t\u00a0<\/p>\n<p class=\"ui-droppable\" style=\"text-align: justify;\"> \t<strong>LEGEND<\/strong><\/p>\n<p class=\"ui-droppable\" style=\"text-align: justify;\"> \tIl viaggio sulle Nuove Rotte si concluder\u00e0 con una serata dedicata a un musicista che ha contribuito notevolmente allo sviluppo del jazz europeo. Sul palco di<strong> Sala Bartoli<\/strong> <strong>domenica 5 ottobre alle 20.30<\/strong> salir\u00e0 la leggenda della chitarra jazz <strong>Philip Catherine, <\/strong>che si esibir\u00e0 per l\u2019occasione\u00a0in un eccezionale duo con il giovane pianista italiano<strong> Nicola Andrioli, <\/strong>gi\u00e0 collaboratore degli ultimi dischi di Catherine e partner in diversi tour. Catherine \u00e8 fin dagli anni Sessanta un chitarrista d\u2019avanguardia della scena jazz europea. Chiamato \u201cYoung Django\u201d da\u00a0Charles Mingus, Philip Catherine (Londra, 1942), \u00e8 diventato leggendario grazie al suo lavoro con grandi artisti come\u00a0Chet Baker, Larry Coryell, Tom Harrell, Niels-Henning \u00d8rsted\u00a0Pedersen, St\u00e9phane Grappelli, e lo stesso Mingus. Andrioli, classe 1977, \u00e8 un pianista brindisino che spazia dal jazz europeo, al blues, al funky, alle composizioni originali mostrando una maturit\u00e0 fuori dal comune, frutto di esperienze e collaborazioni illustri, tra cui quella con Archie Shepp e con Philip Catherine appunto. Catherine e Andrioli sono un duo anagraficamente spaiato, ma \u00e8 proprio grazie a questo incontro generazionale e al continuo e vitale scambio che ne risulta, che la musica costruita insieme gode di intensi momenti di grazia.<\/p>\n<p class=\"ui-droppable\" style=\"text-align: justify;\"> \t\u00a0<\/p>\n<p class=\"ui-droppable\" style=\"text-align: justify;\"> \t<strong>IL SUONO DEL NORD<\/strong><\/p>\n<p class=\"ui-droppable\" style=\"text-align: justify;\"> \tLa Norvegia ha giocato un ruolo fondamentale in Europa per l\u2019emancipazione del jazz dalle radici afroamericane. La sua scena jazzistica, pur se esigua per dimensioni, \u00e8 quanto mai effervescente, con una potente spinta interiore alla ricerca di una cifra stilistica personale che, mediata dalla vocazione per l\u2019improvvisazione, si traduce in un universo musicale che fonde sonorit\u00e0 diversissime. E\u2019 un paese giovane, con una tradizione assai poco ingombrante e un popolo orgoglioso, dotato di uno spirito d\u2019avventura che si rif\u00e0 all\u2019epoca vichinga. Queste caratteristiche hanno consentito alla scena musicale norvegese di svilupparsi senza i pudori, le preoccupazioni o le ansie definitorie tipiche del nostro tempo, basti pensare ad artisti come Ligeti, Bj\u00f6rk, Coltrane, King Crimson e Frank Zappa. In occasione de Le Nuove Rotte del Jazz, che ha sempre dedicato un\u2019attenzione particolare alla scena norvegese, rappresentata quest\u2019anno dalla cantante <strong>Mari Kvien Brunvoll,<\/strong> sabato 4 ottobre alle 18 alla Libreria Lovat si presenter\u00e0 il volume <strong>\u201cIl Suono del Nord &#8211; La Norvegia protagonista della scena jazz Europea&#8221;, <\/strong>la prima monografia dedicata alla scena jazzistica di questo Paese, curata dal giornalista e critico musicale <strong>Luca Vitali.<\/strong> Il libro sar\u00e0 presentato dall\u2019autore, che proporr\u00e0 al pubblico anche l\u2019ascolto di alcuni tra i brani pi\u00f9 rappresentativi del jazz norvegese.<\/p>\n","protected":false},"excerpt":{"rendered":"<p>Dal 3 al 5 ottobre<\/p>\n","protected":false},"author":28,"featured_media":14774,"comment_status":"closed","ping_status":"closed","sticky":false,"template":"","format":"standard","meta":{"dwc-title":[],"dwc-content":[],"footnotes":""},"categories":[37],"tags":[],"class_list":["post-14773","post","type-post","status-publish","format-standard","has-post-thumbnail","hentry","category-cultura-e-spettacolo"],"rttpg_featured_image_url":{"full":["https:\/\/imagazine.it\/wp-content\/uploads\/2024\/01\/7097-1.webp",450,300,false],"landscape":["https:\/\/imagazine.it\/wp-content\/uploads\/2024\/01\/7097-1.webp",450,300,false],"portraits":["https:\/\/imagazine.it\/wp-content\/uploads\/2024\/01\/7097-1.webp",450,300,false],"thumbnail":["https:\/\/imagazine.it\/wp-content\/uploads\/2024\/01\/7097-1-150x150.webp",150,150,true],"medium":["https:\/\/imagazine.it\/wp-content\/uploads\/2024\/01\/7097-1-300x200.webp",300,200,true],"large":["https:\/\/imagazine.it\/wp-content\/uploads\/2024\/01\/7097-1.webp",450,300,false],"thumblist":["https:\/\/imagazine.it\/wp-content\/uploads\/2024\/01\/7097-1.webp",300,200,false],"thumbrelated":["https:\/\/imagazine.it\/wp-content\/uploads\/2024\/01\/7097-1.webp",450,300,false],"meccarouselthumb":["https:\/\/imagazine.it\/wp-content\/uploads\/2024\/01\/7097-1.webp",450,300,false],"gridsquare":["https:\/\/imagazine.it\/wp-content\/uploads\/2024\/01\/7097-1.webp",391,260,false],"tileview":["https:\/\/imagazine.it\/wp-content\/uploads\/2024\/01\/7097-1.webp",300,200,false],"1536x1536":["https:\/\/imagazine.it\/wp-content\/uploads\/2024\/01\/7097-1.webp",450,300,false],"2048x2048":["https:\/\/imagazine.it\/wp-content\/uploads\/2024\/01\/7097-1.webp",450,300,false],"newsup-slider-full":["https:\/\/imagazine.it\/wp-content\/uploads\/2024\/01\/7097-1.webp",450,300,false],"newsup-featured":["https:\/\/imagazine.it\/wp-content\/uploads\/2024\/01\/7097-1.webp",450,300,false],"newsup-medium":["https:\/\/imagazine.it\/wp-content\/uploads\/2024\/01\/7097-1.webp",450,300,false],"tptn_thumbnail":["https:\/\/imagazine.it\/wp-content\/uploads\/2024\/01\/7097-1.webp",250,167,false],"sow-carousel-default":["https:\/\/imagazine.it\/wp-content\/uploads\/2024\/01\/7097-1-272x182.webp",272,182,true]},"rttpg_author":{"display_name":"redazione","author_link":"https:\/\/imagazine.it\/home_desk\/author\/redazione\/"},"rttpg_comment":0,"rttpg_category":"<a href=\"https:\/\/imagazine.it\/home_desk\/category\/cultura-e-spettacolo\/\" rel=\"category tag\">CULTURA&amp;SPETTACOLO<\/a>","rttpg_excerpt":"Dal 3 al 5 ottobre","_links":{"self":[{"href":"https:\/\/imagazine.it\/home_desk\/wp-json\/wp\/v2\/posts\/14773","targetHints":{"allow":["GET"]}}],"collection":[{"href":"https:\/\/imagazine.it\/home_desk\/wp-json\/wp\/v2\/posts"}],"about":[{"href":"https:\/\/imagazine.it\/home_desk\/wp-json\/wp\/v2\/types\/post"}],"author":[{"embeddable":true,"href":"https:\/\/imagazine.it\/home_desk\/wp-json\/wp\/v2\/users\/28"}],"replies":[{"embeddable":true,"href":"https:\/\/imagazine.it\/home_desk\/wp-json\/wp\/v2\/comments?post=14773"}],"version-history":[{"count":0,"href":"https:\/\/imagazine.it\/home_desk\/wp-json\/wp\/v2\/posts\/14773\/revisions"}],"wp:featuredmedia":[{"embeddable":true,"href":"https:\/\/imagazine.it\/home_desk\/wp-json\/wp\/v2\/media\/14774"}],"wp:attachment":[{"href":"https:\/\/imagazine.it\/home_desk\/wp-json\/wp\/v2\/media?parent=14773"}],"wp:term":[{"taxonomy":"category","embeddable":true,"href":"https:\/\/imagazine.it\/home_desk\/wp-json\/wp\/v2\/categories?post=14773"},{"taxonomy":"post_tag","embeddable":true,"href":"https:\/\/imagazine.it\/home_desk\/wp-json\/wp\/v2\/tags?post=14773"}],"curies":[{"name":"wp","href":"https:\/\/api.w.org\/{rel}","templated":true}]}}